{"id":381932,"date":"2018-06-21T00:08:14","date_gmt":"2018-06-21T05:08:14","guid":{"rendered":"http:\/\/www.diarioimagen.net\/?p=381932"},"modified":"2018-06-21T05:23:35","modified_gmt":"2018-06-21T10:23:35","slug":"integrantes-de-52-seccionales-de-morena-se-suman-a-campana-de-ana-balderas-trejo","status":"publish","type":"post","link":"https:\/\/www.diarioimagen.net\/?p=381932","title":{"rendered":"Integrantes de 52 seccionales de Morena se suman a campa\u00f1a de Ana Balderas Trejo"},"content":{"rendered":"<ul>\n<li><strong><em>Dicen que fueron maltratados y discriminmados<\/em><\/strong><\/li>\n<\/ul>\n<p>&nbsp;<\/p>\n<div id=\"attachment_382033\" style=\"width: 470px\" class=\"wp-caption aligncenter\"><a href=\"http:\/\/www.diarioimagen.net\/?attachment_id=382033\" rel=\"attachment wp-att-382033\"><img loading=\"lazy\" decoding=\"async\" aria-describedby=\"caption-attachment-382033\" class=\"size-large wp-image-382033\" src=\"http:\/\/www.diarioimagen.net\/wp-content\/uploads\/2018\/06\/ATIZAPAN-3394-460x259.jpg\" alt=\"\" width=\"460\" height=\"259\" srcset=\"https:\/\/www.diarioimagen.net\/wp-content\/uploads\/2018\/06\/ATIZAPAN-3394-460x259.jpg 460w, https:\/\/www.diarioimagen.net\/wp-content\/uploads\/2018\/06\/ATIZAPAN-3394-240x135.jpg 240w, https:\/\/www.diarioimagen.net\/wp-content\/uploads\/2018\/06\/ATIZAPAN-3394-235x132.jpg 235w, https:\/\/www.diarioimagen.net\/wp-content\/uploads\/2018\/06\/ATIZAPAN-3394-202x114.jpg 202w, https:\/\/www.diarioimagen.net\/wp-content\/uploads\/2018\/06\/ATIZAPAN-3394-350x196.jpg 350w, https:\/\/www.diarioimagen.net\/wp-content\/uploads\/2018\/06\/ATIZAPAN-3394-220x123.jpg 220w, https:\/\/www.diarioimagen.net\/wp-content\/uploads\/2018\/06\/ATIZAPAN-3394-237x132.jpg 237w, https:\/\/www.diarioimagen.net\/wp-content\/uploads\/2018\/06\/ATIZAPAN-3394.jpg 480w\" sizes=\"auto, (max-width: 460px) 100vw, 460px\" \/><\/a><p id=\"caption-attachment-382033\" class=\"wp-caption-text\">Ana Balderas Trejo, candidata a la presidencia municipal de la coalici\u00f3n Por el Estado de M\u00e9xico al Frente, subray\u00f3 que en su proyecto todos son bienvenidos.<\/p><\/div>\n<p>&nbsp;<\/p>\n<p><strong>Atizap\u00e1n, Estado de M\u00e9xico<\/strong>.- En conferencia de prensa, realizada en el Comit\u00e9 Directivo Municipal del Partido Acci\u00f3n Nacional, delegaci\u00f3n Atizap\u00e1n de Zaragoza, un grupo de simpatizantes de Morena conformado por 52 seccionales, se adhiri\u00f3 a la campa\u00f1a de la candidata Ana Balderas Trejo, al considerar que las bases de Morena han sido maltratadas y han quedado en la ilegalidad en los procesos internos que vive su partido.<\/p>\n<p>Al hacer uso de la palabra, Alfredo Guevara Moctezuma, aspirante a una candidatura deportiva en Morena, dej\u00f3 en claro ante los medios de comunicaci\u00f3n que\u00a0 los 52 seccionales est\u00e1n en pie de lucha y en protesta contra Morena, debido a la desigualdad que han impuesto en sus coordinaciones al ser ocupadas por gente oriunda de Tlalnepantla.<\/p>\n<p>\u201cNuestra manifestaci\u00f3n es para hacernos a un\u00a0 lado y no queremos dividir m\u00e1s a los atizapenses como lo ha hecho Morena. Nosotros apoyamos directa e incondicionalmente el proyecto de nuestra candidata Ana Balderas. A quienes se quedan en Morena les pido como amigo que piensen, recapaciten, que no se dejen humillar y no se dejen golpear por la c\u00fapula que maneja el partido\u201d, destac\u00f3 Guevara Moctezuma.<\/p>\n<p>Por su parte, Ana Balderas Trejo, candidata a la presidencia municipal de la coalici\u00f3n Por el Estado de M\u00e9xico al Frente, subray\u00f3 que en su proyecto todos son bienvenidos y\u00a0 lo que importa es sumar liderazgos para fortalecerlo y hacer de Atizap\u00e1n un mejor municipio para los atizapenses.<\/p>\n<p>\u201cLes prometo que no se van a arrepentir, yo s\u00e9 que es dif\u00edcil la decisi\u00f3n que han tomado y por eso me pongo de pie. Cuando Atizap\u00e1n nos une, no hay quien nos divida. Vamos todos por un solo Atizap\u00e1n, por un Atizap\u00e1n de propuestas, un Atizap\u00e1n unido y un Atizap\u00e1n de progreso\u201d.<\/p>\n<p>En el evento, los integrantes de este grupo de adhesi\u00f3n hicieron p\u00fablica su renuncia al partido de Morena, para posteriormente ponerse las camisetas\u00a0 del proyecto de Ana Balderas, como muestra de apoyo a la candidata de la Coalici\u00f3n Por El estado de M\u00e9xico Al Frente.<\/p>\n","protected":false},"excerpt":{"rendered":"<p>En conferencia de prensa, realizada en el Comit\u00e9 Directivo Municipal del Partido Acci\u00f3n Nacional, delegaci\u00f3n Atizap\u00e1n de Zaragoza, un grupo de simpatizantes de Morena conformado por 52 seccionales, se adhiri\u00f3 a la campa\u00f1a de la candidata Ana Balderas Trejo, al considerar que las bases de Morena han sido maltratadas y han quedado en la ilegalidad en los procesos internos que vive su partido.<\/p>\n","protected":false},"author":3,"featured_media":382033,"comment_status":"open","ping_status":"open","sticky":false,"template":"","format":"standard","meta":{"_monsterinsights_skip_tracking":false,"_monsterinsights_sitenote_active":false,"_monsterinsights_sitenote_note":"","_monsterinsights_sitenote_category":0,"footnotes":""},"categories":[35155],"tags":[969,43675,20663],"class_list":["post-381932","post","type-post","status-publish","format-standard","has-post-thumbnail","hentry","category-estado-de-mexico-estado-de-mexico","tag-atizapan","tag-estado-de-mexico","tag-morena"],"_links":{"self":[{"href":"https:\/\/www.diarioimagen.net\/index.php?rest_route=\/wp\/v2\/posts\/381932","targetHints":{"allow":["GET"]}}],"collection":[{"href":"https:\/\/www.diarioimagen.net\/index.php?rest_route=\/wp\/v2\/posts"}],"about":[{"href":"https:\/\/www.diarioimagen.net\/index.php?rest_route=\/wp\/v2\/types\/post"}],"author":[{"embeddable":true,"href":"https:\/\/www.diarioimagen.net\/index.php?rest_route=\/wp\/v2\/users\/3"}],"replies":[{"embeddable":true,"href":"https:\/\/www.diarioimagen.net\/index.php?rest_route=%2Fwp%2Fv2%2Fcomments&post=381932"}],"version-history":[{"count":0,"href":"https:\/\/www.diarioimagen.net\/index.php?rest_route=\/wp\/v2\/posts\/381932\/revisions"}],"wp:featuredmedia":[{"embeddable":true,"href":"https:\/\/www.diarioimagen.net\/index.php?rest_route=\/wp\/v2\/media\/382033"}],"wp:attachment":[{"href":"https:\/\/www.diarioimagen.net\/index.php?rest_route=%2Fwp%2Fv2%2Fmedia&parent=381932"}],"wp:term":[{"taxonomy":"category","embeddable":true,"href":"https:\/\/www.diarioimagen.net\/index.php?rest_route=%2Fwp%2Fv2%2Fcategories&post=381932"},{"taxonomy":"post_tag","embeddable":true,"href":"https:\/\/www.diarioimagen.net\/index.php?rest_route=%2Fwp%2Fv2%2Ftags&post=381932"}],"curies":[{"name":"wp","href":"https:\/\/api.w.org\/{rel}","templated":true}]}}