{"id":381933,"date":"2018-06-21T00:07:33","date_gmt":"2018-06-21T05:07:33","guid":{"rendered":"http:\/\/www.diarioimagen.net\/?p=381933"},"modified":"2018-06-21T05:24:32","modified_gmt":"2018-06-21T10:24:32","slug":"presenta-cesar-camacho-quiroz-su-oferta-ante-alumnos-de-la-uam-lerma","status":"publish","type":"post","link":"https:\/\/www.diarioimagen.net\/?p=381933","title":{"rendered":"Presenta C\u00e9sar Camacho Quiroz su oferta ante alumnos de la UAM Lerma"},"content":{"rendered":"<ul>\n<li><strong><em>Llama a decidir con responsabilidad su voto<\/em><\/strong><\/li>\n<\/ul>\n<p>&nbsp;<\/p>\n<div id=\"attachment_382036\" style=\"width: 470px\" class=\"wp-caption aligncenter\"><a href=\"http:\/\/www.diarioimagen.net\/?attachment_id=382036\" rel=\"attachment wp-att-382036\"><img loading=\"lazy\" decoding=\"async\" aria-describedby=\"caption-attachment-382036\" class=\"size-large wp-image-382036\" src=\"http:\/\/www.diarioimagen.net\/wp-content\/uploads\/2018\/06\/LERMA-3394-460x259.jpg\" alt=\"\" width=\"460\" height=\"259\" srcset=\"https:\/\/www.diarioimagen.net\/wp-content\/uploads\/2018\/06\/LERMA-3394-460x259.jpg 460w, https:\/\/www.diarioimagen.net\/wp-content\/uploads\/2018\/06\/LERMA-3394-240x135.jpg 240w, https:\/\/www.diarioimagen.net\/wp-content\/uploads\/2018\/06\/LERMA-3394-235x132.jpg 235w, https:\/\/www.diarioimagen.net\/wp-content\/uploads\/2018\/06\/LERMA-3394-202x114.jpg 202w, https:\/\/www.diarioimagen.net\/wp-content\/uploads\/2018\/06\/LERMA-3394-350x196.jpg 350w, https:\/\/www.diarioimagen.net\/wp-content\/uploads\/2018\/06\/LERMA-3394-220x123.jpg 220w, https:\/\/www.diarioimagen.net\/wp-content\/uploads\/2018\/06\/LERMA-3394-237x132.jpg 237w, https:\/\/www.diarioimagen.net\/wp-content\/uploads\/2018\/06\/LERMA-3394.jpg 480w\" sizes=\"auto, (max-width: 460px) 100vw, 460px\" \/><\/a><p id=\"caption-attachment-382036\" class=\"wp-caption-text\">En el sal\u00f3n de usos m\u00faltiples del campus universitario, C\u00e9sar C\u00e1maco recalc\u00f3 que despu\u00e9s del 1 de julio \u201cva a seguir habiendo M\u00e9xico.<\/p><\/div>\n<p>&nbsp;<\/p>\n<p><strong>Lerma, Estado de M\u00e9xico<\/strong>.- Al encontrarse con alumnos de la Universidad Aut\u00f3noma Metropolitana (UAM) Unidad Lerma, C\u00e9sar Camacho Quiroz asegur\u00f3 que \u201cM\u00e9xico quiere concordia no discordia, acuerdos no desacuerdos, vinculaci\u00f3n y no ruptura, quiere un cambio, pero no uno brusco que pueda arriesgar lo que todos tenemos\u201d.<\/p>\n<p>En el sal\u00f3n de usos m\u00faltiples del campus universitario, el candidato del PRI al Senado por el Estado de M\u00e9xico, recalc\u00f3 que despu\u00e9s del 1 de julio \u201cva a seguir habiendo M\u00e9xico\u201d, por lo que llam\u00f3 a los j\u00f3venes a decidir con responsabilidad su voto \u201cpara que nadie se salga con la suya, mejor hagamos que todos nos salgamos con la nuestra\u201d.<\/p>\n<p>En respuesta a los cuestionamientos de los estudiantes, el abanderado tricolor dijo que, de llegar al Senado, impulsar\u00e1 la consolidaci\u00f3n de la reforma educativa \u201cpara seguir invirtiendo en las generaciones que se har\u00e1n cargo de la conducci\u00f3n del pa\u00eds\u201d, adem\u00e1s de garantizar el respeto a los derechos de los maestros y una ense\u00f1anza de calidad \u201cque permita a ni\u00f1os y j\u00f3venes actitudes para competir y aptitudes para ganar en medio de la competencia\u201d.<\/p>\n<p>Se\u00f1al\u00f3 tambi\u00e9n que promover\u00e1 pol\u00edticas p\u00fablicas que fomenten la transparencia y la rendici\u00f3n \u201cporque la corrupci\u00f3n es un mal que desgarra el tejido social y cuando ocurre en el gobierno se exponencia a\u00fan m\u00e1s el agravio\u201d. En materia de combate al feminicidio, el pri\u00edsta mexiquense se comprometi\u00f3 a incluir el tipo penal de este flagelo en la ley correspondiente, a fin de \u201ccatalogarlo y penarlo de la misma manera en todo el pa\u00eds\u201d, adem\u00e1s de legislar en materia de pol\u00edticas preventivas.<\/p>\n<p>Luego de se\u00f1alar que \u201cel Congreso se integra como la gente quiere\u201d, Camacho anticip\u00f3 que, en las pr\u00f3ximas legislaturas, tanto de la c\u00e1mara de diputados, como de senadores que iniciar\u00e1n trabajos el 1 de septiembre no habr\u00e1 mayor\u00eda absoluta para ninguna fuerza pol\u00edtica, por lo que ser\u00e1 necesario sumar perfiles con experiencia, capaces de generar \u201cespacios de naturalidad partidaria que deriven en acuerdos en beneficio de M\u00e9xico\u201d.<\/p>\n","protected":false},"excerpt":{"rendered":"<p>Al encontrarse con alumnos de la Universidad Aut\u00f3noma Metropolitana (UAM) Unidad Lerma, C\u00e9sar Camacho Quiroz asegur\u00f3 que \u201cM\u00e9xico quiere concordia no discordia, acuerdos no desacuerdos, vinculaci\u00f3n y no ruptura, quiere un cambio, pero no uno brusco que pueda arriesgar lo que todos tenemos\u201d.<\/p>\n","protected":false},"author":3,"featured_media":382036,"comment_status":"open","ping_status":"open","sticky":false,"template":"","format":"standard","meta":{"_monsterinsights_skip_tracking":false,"_monsterinsights_sitenote_active":false,"_monsterinsights_sitenote_note":"","_monsterinsights_sitenote_category":0,"footnotes":""},"categories":[35155],"tags":[43675,1050,17159],"class_list":["post-381933","post","type-post","status-publish","format-standard","has-post-thumbnail","hentry","category-estado-de-mexico-estado-de-mexico","tag-estado-de-mexico","tag-lerma","tag-universidad-autonoma-metropolitana"],"_links":{"self":[{"href":"https:\/\/www.diarioimagen.net\/index.php?rest_route=\/wp\/v2\/posts\/381933","targetHints":{"allow":["GET"]}}],"collection":[{"href":"https:\/\/www.diarioimagen.net\/index.php?rest_route=\/wp\/v2\/posts"}],"about":[{"href":"https:\/\/www.diarioimagen.net\/index.php?rest_route=\/wp\/v2\/types\/post"}],"author":[{"embeddable":true,"href":"https:\/\/www.diarioimagen.net\/index.php?rest_route=\/wp\/v2\/users\/3"}],"replies":[{"embeddable":true,"href":"https:\/\/www.diarioimagen.net\/index.php?rest_route=%2Fwp%2Fv2%2Fcomments&post=381933"}],"version-history":[{"count":0,"href":"https:\/\/www.diarioimagen.net\/index.php?rest_route=\/wp\/v2\/posts\/381933\/revisions"}],"wp:featuredmedia":[{"embeddable":true,"href":"https:\/\/www.diarioimagen.net\/index.php?rest_route=\/wp\/v2\/media\/382036"}],"wp:attachment":[{"href":"https:\/\/www.diarioimagen.net\/index.php?rest_route=%2Fwp%2Fv2%2Fmedia&parent=381933"}],"wp:term":[{"taxonomy":"category","embeddable":true,"href":"https:\/\/www.diarioimagen.net\/index.php?rest_route=%2Fwp%2Fv2%2Fcategories&post=381933"},{"taxonomy":"post_tag","embeddable":true,"href":"https:\/\/www.diarioimagen.net\/index.php?rest_route=%2Fwp%2Fv2%2Ftags&post=381933"}],"curies":[{"name":"wp","href":"https:\/\/api.w.org\/{rel}","templated":true}]}}