{"id":381937,"date":"2018-06-21T00:06:06","date_gmt":"2018-06-21T05:06:06","guid":{"rendered":"http:\/\/www.diarioimagen.net\/?p=381937"},"modified":"2018-06-21T05:25:19","modified_gmt":"2018-06-21T10:25:19","slug":"sandra-mendez-apoyara-a-pequenos-y-medianos-comerciantes-de-tultitlan","status":"publish","type":"post","link":"https:\/\/www.diarioimagen.net\/?p=381937","title":{"rendered":"Sandra M\u00e9ndez apoyar\u00e1 a peque\u00f1os y medianos comerciantes de Tultitl\u00e1n"},"content":{"rendered":"<p><a href=\"http:\/\/www.diarioimagen.net\/?attachment_id=382039\" rel=\"attachment wp-att-382039\"><img loading=\"lazy\" decoding=\"async\" class=\"aligncenter size-large wp-image-382039\" src=\"http:\/\/www.diarioimagen.net\/wp-content\/uploads\/2018\/06\/TULTITLAN-3394-460x259.jpg\" alt=\"\" width=\"460\" height=\"259\" srcset=\"https:\/\/www.diarioimagen.net\/wp-content\/uploads\/2018\/06\/TULTITLAN-3394-460x259.jpg 460w, https:\/\/www.diarioimagen.net\/wp-content\/uploads\/2018\/06\/TULTITLAN-3394-240x135.jpg 240w, https:\/\/www.diarioimagen.net\/wp-content\/uploads\/2018\/06\/TULTITLAN-3394-235x132.jpg 235w, https:\/\/www.diarioimagen.net\/wp-content\/uploads\/2018\/06\/TULTITLAN-3394-202x114.jpg 202w, https:\/\/www.diarioimagen.net\/wp-content\/uploads\/2018\/06\/TULTITLAN-3394-350x196.jpg 350w, https:\/\/www.diarioimagen.net\/wp-content\/uploads\/2018\/06\/TULTITLAN-3394-220x123.jpg 220w, https:\/\/www.diarioimagen.net\/wp-content\/uploads\/2018\/06\/TULTITLAN-3394-237x132.jpg 237w, https:\/\/www.diarioimagen.net\/wp-content\/uploads\/2018\/06\/TULTITLAN-3394.jpg 480w\" sizes=\"auto, (max-width: 460px) 100vw, 460px\" \/><\/a><\/p>\n<p>&nbsp;<\/p>\n<p><strong>Tultitl\u00e1n, Estado de M\u00e9xico<\/strong><strong>.-<\/strong> La candidata a la presidencia municipal de Tultitl\u00e1n por el Partido Revolucionario Institucional, Sandra M\u00e9ndez Hern\u00e1ndez dijo a\u00a0 comerciantes tultitlenses que su gobierno se ocupar\u00e1 en brindar y apoyar a los peque\u00f1os y medianos negocios para que tengan mayor oportunidad de crecimiento.<\/p>\n<p>\u201cQuiero decirles que traigo un compromiso de campa\u00f1a que beneficie a los peque\u00f1os y medianos comerciantes, porque s\u00e9 que luego algunos servidores p\u00fablicos abusan de su autoridad y sacan provecho de su fuente de trabajo, y eso, Sandra M\u00e9ndez no lo permitir\u00e1, por eso me estoy reuniendo con todos los comerciantes para hacerles saber que no permitir\u00e9 abusos, de entrada les informo que la licencia de funcionamiento ya ser\u00e1n gratuitas se los dije a mis amigos de zona oriente y sur, de igual manera les informo a ustedes\u201d.<\/p>\n<p>&nbsp;<\/p>\n<p>&nbsp;<\/p>\n","protected":false},"excerpt":{"rendered":"<p>La candidata a la presidencia municipal de Tultitl\u00e1n por el Partido Revolucionario Institucional, Sandra M\u00e9ndez Hern\u00e1ndez dijo a  comerciantes tultitlenses que su gobierno se ocupar\u00e1 en brindar y apoyar a los peque\u00f1os y medianos negocios para que tengan mayor oportunidad de crecimiento.<\/p>\n","protected":false},"author":3,"featured_media":382039,"comment_status":"open","ping_status":"open","sticky":false,"template":"","format":"standard","meta":{"_monsterinsights_skip_tracking":false,"_monsterinsights_sitenote_active":false,"_monsterinsights_sitenote_note":"","_monsterinsights_sitenote_category":0,"footnotes":""},"categories":[35155],"tags":[43675,69951,578],"class_list":["post-381937","post","type-post","status-publish","format-standard","has-post-thumbnail","hentry","category-estado-de-mexico-estado-de-mexico","tag-estado-de-mexico","tag-sandra-mendez","tag-tultitlan"],"_links":{"self":[{"href":"https:\/\/www.diarioimagen.net\/index.php?rest_route=\/wp\/v2\/posts\/381937","targetHints":{"allow":["GET"]}}],"collection":[{"href":"https:\/\/www.diarioimagen.net\/index.php?rest_route=\/wp\/v2\/posts"}],"about":[{"href":"https:\/\/www.diarioimagen.net\/index.php?rest_route=\/wp\/v2\/types\/post"}],"author":[{"embeddable":true,"href":"https:\/\/www.diarioimagen.net\/index.php?rest_route=\/wp\/v2\/users\/3"}],"replies":[{"embeddable":true,"href":"https:\/\/www.diarioimagen.net\/index.php?rest_route=%2Fwp%2Fv2%2Fcomments&post=381937"}],"version-history":[{"count":0,"href":"https:\/\/www.diarioimagen.net\/index.php?rest_route=\/wp\/v2\/posts\/381937\/revisions"}],"wp:featuredmedia":[{"embeddable":true,"href":"https:\/\/www.diarioimagen.net\/index.php?rest_route=\/wp\/v2\/media\/382039"}],"wp:attachment":[{"href":"https:\/\/www.diarioimagen.net\/index.php?rest_route=%2Fwp%2Fv2%2Fmedia&parent=381937"}],"wp:term":[{"taxonomy":"category","embeddable":true,"href":"https:\/\/www.diarioimagen.net\/index.php?rest_route=%2Fwp%2Fv2%2Fcategories&post=381937"},{"taxonomy":"post_tag","embeddable":true,"href":"https:\/\/www.diarioimagen.net\/index.php?rest_route=%2Fwp%2Fv2%2Ftags&post=381937"}],"curies":[{"name":"wp","href":"https:\/\/api.w.org\/{rel}","templated":true}]}}