{"id":382067,"date":"2018-06-22T00:08:36","date_gmt":"2018-06-22T05:08:36","guid":{"rendered":"http:\/\/www.diarioimagen.net\/?p=382067"},"modified":"2018-06-24T22:35:09","modified_gmt":"2018-06-25T03:35:09","slug":"sector-agroalimentario-vive-el-mejor-momento-de-la-historia-epn","status":"publish","type":"post","link":"https:\/\/www.diarioimagen.net\/?p=382067","title":{"rendered":"Sector agroalimentario, en el mejor momento: EPN"},"content":{"rendered":"<ul>\n<li><em><strong>\u201cHay mucho por hacer en el campo mexicano\u201d<\/strong><\/em><\/li>\n<li><em><strong>\u201cFalaz, afirmaci\u00f3n de que se puede alcanzar la autosuficiencia\u201d<\/strong><\/em><\/li>\n<\/ul>\n<p>&nbsp;<\/p>\n<div id=\"attachment_382068\" style=\"width: 470px\" class=\"wp-caption aligncenter\"><img loading=\"lazy\" decoding=\"async\" aria-describedby=\"caption-attachment-382068\" class=\"wp-image-382068 size-large\" src=\"http:\/\/www.diarioimagen.net\/wp-content\/uploads\/2018\/06\/PE\u00d1A22-portal-460x268.jpg\" alt=\"\" width=\"460\" height=\"268\" srcset=\"https:\/\/www.diarioimagen.net\/wp-content\/uploads\/2018\/06\/PE\u00d1A22-portal-460x268.jpg 460w, https:\/\/www.diarioimagen.net\/wp-content\/uploads\/2018\/06\/PE\u00d1A22-portal-240x140.jpg 240w, https:\/\/www.diarioimagen.net\/wp-content\/uploads\/2018\/06\/PE\u00d1A22-portal.jpg 480w\" sizes=\"auto, (max-width: 460px) 100vw, 460px\" \/><p id=\"caption-attachment-382068\" class=\"wp-caption-text\">Enrique Pe\u00f1a Nieto afirm\u00f3 que el sector agroalimentario actualmente vive el mejor momento de su historia.<\/p><\/div>\n<p>&nbsp;<\/p>\n<p>El M\u00e9xico de hoy ha logrado avanzar, crecer y ser potencia en distintos sectores, como el agroalimentario que actualmente vive el mejor momento de su historia, afirm\u00f3 el presidente Enrique Pe\u00f1a Nieto.<\/p>\n<p>Aunque reconoci\u00f3 que todav\u00eda hay mucho por hacer en el campo mexicano, destac\u00f3 que \u201ceste es el mejor momento de la historia del pa\u00eds por el que ha pasado el sector agropecuario\u201d.<\/p>\n<p>Durante el evento M\u00e9xico como potencia exportadora Encuentro 2018, se\u00f1al\u00f3 que es \u201cfalaz la afirmaci\u00f3n de que en el campo mexicano, el sector agropecuario, el sector agroalimentario tenemos que alcanzar la autosuficiencia\u201d.<\/p>\n<p>Enfatiz\u00f3 que ese es \u201cun modelo que no existe en ninguna parte del mundo\u201d, y que m\u00e1s bien, los pa\u00edses se han insertado en el mercado y la econom\u00eda mundial, a partir de producir y exportar los alimentos en los que tienen fortaleza.<\/p>\n<p>Apunt\u00f3 que hoy la entrada de divisas de este sector supera las de los ingresos por petr\u00f3leo, las remesas o el turismo, y que en cinco a\u00f1os y medio de administraci\u00f3n, las ventas de la plataforma de exportaci\u00f3n de la producci\u00f3n agroalimentaria ha sido de 150 mil millones de d\u00f3lares.<\/p>\n<p>Acompa\u00f1ado por el secretario de Agricultura, Baltazar Hinojosa Ochoa; el gobernador de Jalisco, Arist\u00f3teles Sandoval, y por productores del campo, dijo que estos resultados se han obtenido a partir de cinco ejes.<\/p>\n<p>En este sentido expuso que se ha impulsado un campo m\u00e1s productivo, con la tecnificaci\u00f3n y mecanizaci\u00f3n del campo; se ha dado mayor acceso al cr\u00e9dito y mejores servicios financieros; se han redoblado los esfuerzos a la apertura comercial, poniendo al d\u00eda nuestros acuerdos comerciales.<\/p>\n<p>Asimismo, el pa\u00eds se propuso ser m\u00e1s competitivo mediante la construcci\u00f3n de infraestructura portuaria para exportar, y se adopt\u00f3 una pol\u00edtica p\u00fablica probada en otras naciones, que es la creaci\u00f3n de zonas econ\u00f3micas especiales.<\/p>\n<p>Pe\u00f1a Nieto destac\u00f3 que M\u00e9xico pas\u00f3 \u201cde ser el doceavo productor de alimentos en el mundo, de ser un pa\u00eds que ten\u00eda que importar m\u00e1s alimentos de los que produc\u00eda\u201d a ser hoy el d\u00e9cimo exportador en este sector y exportar m\u00e1s alimentos de los que se importan.<\/p>\n<p>Coincidi\u00f3 con el secretario de Agricultura, en que el pa\u00eds ha logrado conquistar con sus productos los mercados m\u00e1s exigentes, y que \u201choy mucho m\u00e1s habitantes del mundo se est\u00e1n convirtiendo en mexicanos, porque est\u00e1n consumiendo productos hechos en M\u00e9xico\u201d.<\/p>\n","protected":false},"excerpt":{"rendered":"<p>El M\u00e9xico de hoy ha logrado avanzar, crecer y ser potencia en distintos sectores, como el agroalimentario que actualmente vive el mejor momento de su historia, afirm\u00f3 el presidente Enrique Pe\u00f1a Nieto.<\/p>\n","protected":false},"author":5,"featured_media":382068,"comment_status":"open","ping_status":"open","sticky":false,"template":"","format":"standard","meta":{"_monsterinsights_skip_tracking":false,"_monsterinsights_sitenote_active":false,"_monsterinsights_sitenote_note":"","_monsterinsights_sitenote_category":0,"footnotes":""},"categories":[3],"tags":[29387,18,75147,75148,75187,43673,20876],"class_list":["post-382067","post","type-post","status-publish","format-standard","has-post-thumbnail","hentry","category-nacional","tag-agroalimentario","tag-enrique-pena-nieto","tag-mejor-momento-de-la-historia","tag-mexico-potencia-agroexportadora","tag-momento","tag-nacional","tag-sector"],"_links":{"self":[{"href":"https:\/\/www.diarioimagen.net\/index.php?rest_route=\/wp\/v2\/posts\/382067","targetHints":{"allow":["GET"]}}],"collection":[{"href":"https:\/\/www.diarioimagen.net\/index.php?rest_route=\/wp\/v2\/posts"}],"about":[{"href":"https:\/\/www.diarioimagen.net\/index.php?rest_route=\/wp\/v2\/types\/post"}],"author":[{"embeddable":true,"href":"https:\/\/www.diarioimagen.net\/index.php?rest_route=\/wp\/v2\/users\/5"}],"replies":[{"embeddable":true,"href":"https:\/\/www.diarioimagen.net\/index.php?rest_route=%2Fwp%2Fv2%2Fcomments&post=382067"}],"version-history":[{"count":0,"href":"https:\/\/www.diarioimagen.net\/index.php?rest_route=\/wp\/v2\/posts\/382067\/revisions"}],"wp:featuredmedia":[{"embeddable":true,"href":"https:\/\/www.diarioimagen.net\/index.php?rest_route=\/wp\/v2\/media\/382068"}],"wp:attachment":[{"href":"https:\/\/www.diarioimagen.net\/index.php?rest_route=%2Fwp%2Fv2%2Fmedia&parent=382067"}],"wp:term":[{"taxonomy":"category","embeddable":true,"href":"https:\/\/www.diarioimagen.net\/index.php?rest_route=%2Fwp%2Fv2%2Fcategories&post=382067"},{"taxonomy":"post_tag","embeddable":true,"href":"https:\/\/www.diarioimagen.net\/index.php?rest_route=%2Fwp%2Fv2%2Ftags&post=382067"}],"curies":[{"name":"wp","href":"https:\/\/api.w.org\/{rel}","templated":true}]}}