{"id":382109,"date":"2018-06-22T00:07:19","date_gmt":"2018-06-22T05:07:19","guid":{"rendered":"http:\/\/www.diarioimagen.net\/?p=382109"},"modified":"2018-06-22T01:31:14","modified_gmt":"2018-06-22T06:31:14","slug":"ines-gomez-mont-muestra-al-mundo-a-su-hija-maria","status":"publish","type":"post","link":"https:\/\/www.diarioimagen.net\/?p=382109","title":{"rendered":"In\u00e9s G\u00f3mez Mont muestra al mundo a su hija Mar\u00eda"},"content":{"rendered":"<ul>\n<li><em><strong>La conductora dio a luz a su s\u00e9ptima hija<\/strong><\/em><\/li>\n<\/ul>\n<p>&nbsp;<\/p>\n<div id=\"attachment_382110\" style=\"width: 470px\" class=\"wp-caption aligncenter\"><img loading=\"lazy\" decoding=\"async\" aria-describedby=\"caption-attachment-382110\" class=\"size-large wp-image-382110\" src=\"http:\/\/www.diarioimagen.net\/wp-content\/uploads\/2018\/06\/ines-gomez-mont-1-PORTAL-460x268.jpg\" alt=\"\" width=\"460\" height=\"268\" srcset=\"https:\/\/www.diarioimagen.net\/wp-content\/uploads\/2018\/06\/ines-gomez-mont-1-PORTAL-460x268.jpg 460w, https:\/\/www.diarioimagen.net\/wp-content\/uploads\/2018\/06\/ines-gomez-mont-1-PORTAL-240x140.jpg 240w, https:\/\/www.diarioimagen.net\/wp-content\/uploads\/2018\/06\/ines-gomez-mont-1-PORTAL.jpg 480w\" sizes=\"auto, (max-width: 460px) 100vw, 460px\" \/><p id=\"caption-attachment-382110\" class=\"wp-caption-text\">\u201cConociendo a Mar\u00eda, #hermanos\u201d, escribi\u00f3 en su cuenta de Instagram<\/p><\/div>\n<p>&nbsp;<\/p>\n<p>In\u00e9s G\u00f3mez Mont dio a luz a su hija Mar\u00eda. As\u00ed lo revel\u00f3 ella misma mediante sus redes sociales, \u00a0donde est\u00e1 acompa\u00f1ada de su esposo,\u00a0V\u00edctor \u00c1lvarez, en su primer foto.<\/p>\n<p>A unas horas de hacer p\u00fablico el conmovedor acontecimiento, In\u00e9s ha vuelto a dar una tierna sorpresa al compartir un retrato de su familia.<\/p>\n<div id=\"attachment_382111\" style=\"width: 259px\" class=\"wp-caption alignleft\"><img loading=\"lazy\" decoding=\"async\" aria-describedby=\"caption-attachment-382111\" class=\" wp-image-382111\" src=\"http:\/\/www.diarioimagen.net\/wp-content\/uploads\/2018\/06\/ines-gomez-mont-2-PORTAL-370x460.jpg\" alt=\"\" width=\"249\" height=\"325\" \/><p id=\"caption-attachment-382111\" class=\"wp-caption-text\">In\u00e9s recibi\u00f3 diversas felicitaciones, pues no pudieron contener su emoci\u00f3n al mirar la instant\u00e1nea que ha acumulado miles de likes.<\/p><\/div>\n<p>De inmediato recibi\u00f3 diversas felicitaciones pues no pudieron contener su emoci\u00f3n al mirar la instant\u00e1nea que ha acumulado miles de likes.<\/p>\n<p>En una de las fotos\u00a0 In\u00e9s aparece sonriente en la cama del hospital cargando en sus brazos a Mar\u00eda, quien usa un gorro amarillo y que adem\u00e1s cubren con una cobijita rosa. el encuentro cobr\u00f3 relevancia porque a un costado de la cama posaron sus seis hijos:\u00a0Bosco,\u00a0Mayito,\u00a0Inesita\u00a0y los trillizos\u00a0Diego, Bruno\u00a0y\u00a0Javier.<\/p>\n<p>A lo largo de estos meses, la conductora hizo part\u00edcipe de este bello momento a todos sus fans, incluso hizo varios\u00a0baby showers, y uno de ellos para sus seguidores.<\/p>\n<p>&nbsp;<\/p>\n","protected":false},"excerpt":{"rendered":"<p>In\u00e9s G\u00f3mez Mont dio a luz a su hija Mar\u00eda. As\u00ed lo revel\u00f3 ella misma mediante sus redes sociales, \u00a0donde est\u00e1 acompa\u00f1ada de su esposo,\u00a0V\u00edctor \u00c1lvarez, en su primer foto. \u00a0<\/p>\n","protected":false},"author":5,"featured_media":382110,"comment_status":"open","ping_status":"open","sticky":false,"template":"","format":"standard","meta":{"_monsterinsights_skip_tracking":false,"_monsterinsights_sitenote_active":false,"_monsterinsights_sitenote_note":"","_monsterinsights_sitenote_category":0,"footnotes":""},"categories":[12],"tags":[43682,75177,69777,75178],"class_list":["post-382109","post","type-post","status-publish","format-standard","has-post-thumbnail","hentry","category-espectaculos","tag-espectaculos","tag-hija-maria","tag-ines-gomez-mont","tag-victor-alvarez"],"_links":{"self":[{"href":"https:\/\/www.diarioimagen.net\/index.php?rest_route=\/wp\/v2\/posts\/382109","targetHints":{"allow":["GET"]}}],"collection":[{"href":"https:\/\/www.diarioimagen.net\/index.php?rest_route=\/wp\/v2\/posts"}],"about":[{"href":"https:\/\/www.diarioimagen.net\/index.php?rest_route=\/wp\/v2\/types\/post"}],"author":[{"embeddable":true,"href":"https:\/\/www.diarioimagen.net\/index.php?rest_route=\/wp\/v2\/users\/5"}],"replies":[{"embeddable":true,"href":"https:\/\/www.diarioimagen.net\/index.php?rest_route=%2Fwp%2Fv2%2Fcomments&post=382109"}],"version-history":[{"count":0,"href":"https:\/\/www.diarioimagen.net\/index.php?rest_route=\/wp\/v2\/posts\/382109\/revisions"}],"wp:featuredmedia":[{"embeddable":true,"href":"https:\/\/www.diarioimagen.net\/index.php?rest_route=\/wp\/v2\/media\/382110"}],"wp:attachment":[{"href":"https:\/\/www.diarioimagen.net\/index.php?rest_route=%2Fwp%2Fv2%2Fmedia&parent=382109"}],"wp:term":[{"taxonomy":"category","embeddable":true,"href":"https:\/\/www.diarioimagen.net\/index.php?rest_route=%2Fwp%2Fv2%2Fcategories&post=382109"},{"taxonomy":"post_tag","embeddable":true,"href":"https:\/\/www.diarioimagen.net\/index.php?rest_route=%2Fwp%2Fv2%2Ftags&post=382109"}],"curies":[{"name":"wp","href":"https:\/\/api.w.org\/{rel}","templated":true}]}}