{"id":382163,"date":"2018-06-22T00:09:42","date_gmt":"2018-06-22T05:09:42","guid":{"rendered":"http:\/\/www.diarioimagen.net\/?p=382163"},"modified":"2018-06-22T06:07:16","modified_gmt":"2018-06-22T11:07:16","slug":"van-a-japon-tres-arboles-monumentales-de-la-vida-que-hablan-de-temas-marinos","status":"publish","type":"post","link":"https:\/\/www.diarioimagen.net\/?p=382163","title":{"rendered":"Van a Jap\u00f3n tres \u00e1rboles monumentales de la vida, que hablan de temas marinos"},"content":{"rendered":"<ul>\n<li><strong><em>Maestro alfarero pone en alto a Metepec<\/em><\/strong><\/li>\n<\/ul>\n<p>&nbsp;<\/p>\n<div id=\"attachment_382239\" style=\"width: 470px\" class=\"wp-caption aligncenter\"><a href=\"http:\/\/www.diarioimagen.net\/?attachment_id=382239\" rel=\"attachment wp-att-382239\"><img loading=\"lazy\" decoding=\"async\" aria-describedby=\"caption-attachment-382239\" class=\"size-large wp-image-382239\" src=\"http:\/\/www.diarioimagen.net\/wp-content\/uploads\/2018\/06\/METEPEC-3395-460x307.jpg\" alt=\"\" width=\"460\" height=\"307\" srcset=\"https:\/\/www.diarioimagen.net\/wp-content\/uploads\/2018\/06\/METEPEC-3395-460x307.jpg 460w, https:\/\/www.diarioimagen.net\/wp-content\/uploads\/2018\/06\/METEPEC-3395-240x160.jpg 240w, https:\/\/www.diarioimagen.net\/wp-content\/uploads\/2018\/06\/METEPEC-3395.jpg 700w\" sizes=\"auto, (max-width: 460px) 100vw, 460px\" \/><\/a><p id=\"caption-attachment-382239\" class=\"wp-caption-text\">\u201cEs una experiencia muy bonita que sigo disfrutando como la primera vez,\u00a0dijo Juan Carlos Nonato D\u00edaz, quien ha superado su propio r\u00e9cord.<\/p><\/div>\n<p>&nbsp;<\/p>\n<p><strong>Metepec, Estado de M\u00e9xico<\/strong>. &#8211; El maestro alfarero, oriundo de Metepec, Juan Carlos Nonato D\u00edaz, ha superado su propio r\u00e9cord, al crear tres \u00e1rboles de la vida monumentales m\u00e1s para Jap\u00f3n, sumando un total de 13 en el pa\u00eds nip\u00f3n.<\/p>\n<p>Desde el primero que fue enviado en marzo del a\u00f1o 2015, los \u00e1rboles de la vida elaborados por el artesano, han vestido diversas galer\u00edas en ciudades de Jap\u00f3n, dando identidad y reconocimiento a la pieza caracter\u00edstica de Metepec en el extranjero.<\/p>\n<p>\u201cEs una experiencia muy bonita que sigo disfrutando como la primera vez, trabajando incansablemente y cumpliendo lo que nos piden. Nos sentimos muy satisfechos de seguir trascendiendo y seguir poniendo en alto el nombre de nuestro municipio, acciones que deseamos transmitir a las nuevas generaciones\u201d, se\u00f1al\u00f3 Juan Carlos Nonato.<\/p>\n<p>Estas tres obras nuevas miden cinco metros de altura y 2.20 metros de ancho, cuentan con un mayor n\u00famero de piezas, -los primeros \u00e1rboles ten\u00edan mil 200 y estos tienen mil 450-, entre las que destacan ballenas, erizos, peces, tiburones y la m\u00edtica Tlanchana, culminando con un sol naciente en la parte superior que representa a Jap\u00f3n, todo ello con colores llamativos y distintivos de la cultura mexicana, en la t\u00e9cnica de rojo cocido y policromados en vin\u00edlicos.<\/p>\n<p>Despu\u00e9s del arduo trabajo que requiri\u00f3 de tres meses, donde llev\u00f3 a cabo la elaboraci\u00f3n, la quema y donde su familia particip\u00f3 en la pintura de los \u00e1rboles, Juan Carlos Nonato prepara con el apoyo del gobierno municipal,\u00a0\u00a0el embalaje de todas las piezas para ser transportadas y que lleguen en perfectas condiciones a su destino.<\/p>\n","protected":false},"excerpt":{"rendered":"<p>El maestro alfarero, oriundo de Metepec, Juan Carlos Nonato D\u00edaz, ha superado su propio r\u00e9cord, al crear tres \u00e1rboles de la vida monumentales m\u00e1s para Jap\u00f3n, sumando un total de 13 en el pa\u00eds nip\u00f3n.<\/p>\n","protected":false},"author":3,"featured_media":382239,"comment_status":"open","ping_status":"open","sticky":false,"template":"","format":"standard","meta":{"_monsterinsights_skip_tracking":false,"_monsterinsights_sitenote_active":false,"_monsterinsights_sitenote_note":"","_monsterinsights_sitenote_category":0,"footnotes":""},"categories":[35155],"tags":[43675,876,75188,4244],"class_list":["post-382163","post","type-post","status-publish","format-standard","has-post-thumbnail","hentry","category-estado-de-mexico-estado-de-mexico","tag-estado-de-mexico","tag-metepec","tag-temas-marinos","tag-vida"],"_links":{"self":[{"href":"https:\/\/www.diarioimagen.net\/index.php?rest_route=\/wp\/v2\/posts\/382163","targetHints":{"allow":["GET"]}}],"collection":[{"href":"https:\/\/www.diarioimagen.net\/index.php?rest_route=\/wp\/v2\/posts"}],"about":[{"href":"https:\/\/www.diarioimagen.net\/index.php?rest_route=\/wp\/v2\/types\/post"}],"author":[{"embeddable":true,"href":"https:\/\/www.diarioimagen.net\/index.php?rest_route=\/wp\/v2\/users\/3"}],"replies":[{"embeddable":true,"href":"https:\/\/www.diarioimagen.net\/index.php?rest_route=%2Fwp%2Fv2%2Fcomments&post=382163"}],"version-history":[{"count":0,"href":"https:\/\/www.diarioimagen.net\/index.php?rest_route=\/wp\/v2\/posts\/382163\/revisions"}],"wp:featuredmedia":[{"embeddable":true,"href":"https:\/\/www.diarioimagen.net\/index.php?rest_route=\/wp\/v2\/media\/382239"}],"wp:attachment":[{"href":"https:\/\/www.diarioimagen.net\/index.php?rest_route=%2Fwp%2Fv2%2Fmedia&parent=382163"}],"wp:term":[{"taxonomy":"category","embeddable":true,"href":"https:\/\/www.diarioimagen.net\/index.php?rest_route=%2Fwp%2Fv2%2Fcategories&post=382163"},{"taxonomy":"post_tag","embeddable":true,"href":"https:\/\/www.diarioimagen.net\/index.php?rest_route=%2Fwp%2Fv2%2Ftags&post=382163"}],"curies":[{"name":"wp","href":"https:\/\/api.w.org\/{rel}","templated":true}]}}