{"id":382165,"date":"2018-06-22T00:08:39","date_gmt":"2018-06-22T05:08:39","guid":{"rendered":"http:\/\/www.diarioimagen.net\/?p=382165"},"modified":"2018-06-22T06:09:11","modified_gmt":"2018-06-22T11:09:11","slug":"mi-gobierno-no-sera-de-ocurrencias-sino-de-programas-enrique-geyne","status":"publish","type":"post","link":"https:\/\/www.diarioimagen.net\/?p=382165","title":{"rendered":"Mi gobierno no ser\u00e1 de ocurrencias, sino de programas: Enrique Geyne"},"content":{"rendered":"<ul>\n<li><strong><em>Aspirante pri\u00edsta a la alcald\u00eda de Atizap\u00e1n<\/em><\/strong><\/li>\n<\/ul>\n<p>&nbsp;<\/p>\n<div id=\"attachment_382242\" style=\"width: 470px\" class=\"wp-caption aligncenter\"><a href=\"http:\/\/www.diarioimagen.net\/?attachment_id=382242\" rel=\"attachment wp-att-382242\"><img loading=\"lazy\" decoding=\"async\" aria-describedby=\"caption-attachment-382242\" class=\"size-large wp-image-382242\" src=\"http:\/\/www.diarioimagen.net\/wp-content\/uploads\/2018\/06\/ATIZAPAN-3395-460x259.jpg\" alt=\"\" width=\"460\" height=\"259\" srcset=\"https:\/\/www.diarioimagen.net\/wp-content\/uploads\/2018\/06\/ATIZAPAN-3395-460x259.jpg 460w, https:\/\/www.diarioimagen.net\/wp-content\/uploads\/2018\/06\/ATIZAPAN-3395-240x135.jpg 240w, https:\/\/www.diarioimagen.net\/wp-content\/uploads\/2018\/06\/ATIZAPAN-3395-235x132.jpg 235w, https:\/\/www.diarioimagen.net\/wp-content\/uploads\/2018\/06\/ATIZAPAN-3395-202x114.jpg 202w, https:\/\/www.diarioimagen.net\/wp-content\/uploads\/2018\/06\/ATIZAPAN-3395-350x196.jpg 350w, https:\/\/www.diarioimagen.net\/wp-content\/uploads\/2018\/06\/ATIZAPAN-3395-220x123.jpg 220w, https:\/\/www.diarioimagen.net\/wp-content\/uploads\/2018\/06\/ATIZAPAN-3395-237x132.jpg 237w, https:\/\/www.diarioimagen.net\/wp-content\/uploads\/2018\/06\/ATIZAPAN-3395.jpg 480w\" sizes=\"auto, (max-width: 460px) 100vw, 460px\" \/><\/a><p id=\"caption-attachment-382242\" class=\"wp-caption-text\">Enrique Geyne dej\u00f3 en claro que su administraci\u00f3n no ser\u00e1 de improvisaciones ni de ocurrencias, a diferencia de otros actores pol\u00edticos \u201cque quieren descubrir el hilo negro\u201d.<\/p><\/div>\n<p>&nbsp;<\/p>\n<p><strong>Atizap\u00e1n, Estado de M\u00e9xico<\/strong>.- El abanderado del PRI a la presidencia municipal Enrique Geyne, redobla el paso para estrechar v\u00ednculos con la ciudadan\u00eda, al visitar las\u00a0 comunidades de la demarcaci\u00f3n, donde escucha con atenci\u00f3n a la gente, les presenta sus propuestas de gobierno y recoge sus peticiones.<\/p>\n<p>Durante un recorrido por las colonias Revoluci\u00f3n y El Capul\u00edn, donde efectu\u00f3 toque de puertas y encabez\u00f3 encuentros con los atizapenses, el abanderado del Partido Revolucionario Institucional, reconoci\u00f3 que para generar las acciones a desarrollar en el gobierno, s\u00f3lo puede hacerse si se presta atenci\u00f3n y se dialoga directamente con la poblaci\u00f3n.<\/p>\n<p>Indic\u00f3 que su campa\u00f1a se nutre en cada comunidad de Atizap\u00e1n a la que acude, de las inquietudes, demandas y necesidades que le plantea la ciudadan\u00eda, misma que le refiere el diagn\u00f3stico que tiene de su entorno m\u00e1s cercano, lo que les hace falta, as\u00ed como la experiencia cotidiana que viven en sus colonias. Por ello, Enrique Geyne dej\u00f3 en claro que su administraci\u00f3n no ser\u00e1 de improvisaciones ni de ocurrencias, a diferencia de otros actores pol\u00edticos \u201cque quieren descubrir el hilo negro, cuando no conocen el sentir de los atizapenses\u201d.<\/p>\n<p>Apunt\u00f3 que cada comunidad es diferente y tiene caracter\u00edsticas espec\u00edficas, lo que permite dise\u00f1ar planes adecuados \u201ccomo si fueran trajes a la medida,\u201d para dar soluci\u00f3n a la problem\u00e1tica que enfrenta la ciudadan\u00eda y de ah\u00ed la importancia de los encuentros ciudadanos, que son aut\u00e9nticos foros de consulta popular.<\/p>\n<p>Finalmente, reiter\u00f3 que seguir\u00e1 recorriendo Atizap\u00e1n a pie de tierra, cerca de la ciudadan\u00eda, d\u00e1ndole voz y construyendo con ella el pr\u00f3ximo gobierno \u201cque ser\u00e1 emanado del Partido Revolucionario Institucional, porque al calor de esta campa\u00f1a, hemos crecido en aceptaci\u00f3n y vamos a ganar.\u201d.<\/p>\n","protected":false},"excerpt":{"rendered":"<p>El abanderado del PRI a la presidencia municipal Enrique Geyne, redobla el paso para estrechar v\u00ednculos con la ciudadan\u00eda, al visitar las  comunidades de la demarcaci\u00f3n, donde escucha con atenci\u00f3n a la gente, les presenta sus propuestas de gobierno y recoge sus peticiones.<\/p>\n","protected":false},"author":3,"featured_media":382242,"comment_status":"open","ping_status":"open","sticky":false,"template":"","format":"standard","meta":{"_monsterinsights_skip_tracking":false,"_monsterinsights_sitenote_active":false,"_monsterinsights_sitenote_note":"","_monsterinsights_sitenote_category":0,"footnotes":""},"categories":[35155],"tags":[969,68721,43675],"class_list":["post-382165","post","type-post","status-publish","format-standard","has-post-thumbnail","hentry","category-estado-de-mexico-estado-de-mexico","tag-atizapan","tag-enrique-geyne","tag-estado-de-mexico"],"_links":{"self":[{"href":"https:\/\/www.diarioimagen.net\/index.php?rest_route=\/wp\/v2\/posts\/382165","targetHints":{"allow":["GET"]}}],"collection":[{"href":"https:\/\/www.diarioimagen.net\/index.php?rest_route=\/wp\/v2\/posts"}],"about":[{"href":"https:\/\/www.diarioimagen.net\/index.php?rest_route=\/wp\/v2\/types\/post"}],"author":[{"embeddable":true,"href":"https:\/\/www.diarioimagen.net\/index.php?rest_route=\/wp\/v2\/users\/3"}],"replies":[{"embeddable":true,"href":"https:\/\/www.diarioimagen.net\/index.php?rest_route=%2Fwp%2Fv2%2Fcomments&post=382165"}],"version-history":[{"count":0,"href":"https:\/\/www.diarioimagen.net\/index.php?rest_route=\/wp\/v2\/posts\/382165\/revisions"}],"wp:featuredmedia":[{"embeddable":true,"href":"https:\/\/www.diarioimagen.net\/index.php?rest_route=\/wp\/v2\/media\/382242"}],"wp:attachment":[{"href":"https:\/\/www.diarioimagen.net\/index.php?rest_route=%2Fwp%2Fv2%2Fmedia&parent=382165"}],"wp:term":[{"taxonomy":"category","embeddable":true,"href":"https:\/\/www.diarioimagen.net\/index.php?rest_route=%2Fwp%2Fv2%2Fcategories&post=382165"},{"taxonomy":"post_tag","embeddable":true,"href":"https:\/\/www.diarioimagen.net\/index.php?rest_route=%2Fwp%2Fv2%2Ftags&post=382165"}],"curies":[{"name":"wp","href":"https:\/\/api.w.org\/{rel}","templated":true}]}}