{"id":382208,"date":"2018-06-22T00:02:51","date_gmt":"2018-06-22T05:02:51","guid":{"rendered":"http:\/\/www.diarioimagen.net\/?p=382208"},"modified":"2018-06-22T02:28:55","modified_gmt":"2018-06-22T07:28:55","slug":"garantiza-mexico-la-creacion-de-reservas-de-agua-en-295-cuencas-del-pais","status":"publish","type":"post","link":"https:\/\/www.diarioimagen.net\/?p=382208","title":{"rendered":"Garantiza M\u00e9xico la creaci\u00f3n de reservas de agua en 295 cuencas del pa\u00eds"},"content":{"rendered":"<h2>\u201cHora 14\u201d<\/h2>\n<h5>Mauricio Conde Olivares<\/h5>\n<p>&nbsp;<\/p>\n<p>Este 23 de junio es el D\u00eda de la Administraci\u00f3n P\u00fablica y el INEGI revel\u00f3 que hace dos a\u00f1os, 4.2 millones de servidores p\u00fablicos trabajaban en las diferentes instituciones de las administraciones p\u00fablicas de M\u00e9xico, lo que represent\u00f3 una tasa nacional de 344 servidores p\u00fablicos por cada diez mil habitantes. El 39% laboraba en el \u00e1mbito federal y el 61% en las administraciones estatales.<\/p>\n<p>Si bien se encontr\u00f3 una proporci\u00f3n similar de hombres y mujeres laborando en la administraci\u00f3n p\u00fablica federal y en las entidades federativas, en todos los \u00e1mbitos de gobierno persiste la inequidad salarial por sexo, ya que la proporci\u00f3n de mujeres que recib\u00eda m\u00e1s de 20 mil pesos mensuales era menor que la de hombres.<\/p>\n<p>Las entidades con mayores diferencias en este rango de ingreso fueron Guanajuato, San Luis Potos\u00ed, el estado de M\u00e9xico y Sonora, con una brecha de m\u00e1s de siete puntos porcentuales.<\/p>\n<p>Las excepciones fueron la Ciudad de M\u00e9xico, Yucat\u00e1n, Tabasco, Aguascalientes y Baja California Sur.<\/p>\n<p>Asimismo, se encontr\u00f3 que en 13 entidades la proporci\u00f3n de mujeres que ganaban menos de 10 mil pesos mensuales fue mayor que la proporci\u00f3n de hombres en el mismo rango de ingresos. En Colima y Nuevo Le\u00f3n esta diferencia alcanz\u00f3 m\u00e1s de diez puntos porcentuales.<\/p>\n<p>En 2017 m\u00e1s de 60% de la poblaci\u00f3n manifest\u00f3 confiar en las instituciones p\u00fablicas de educaci\u00f3n, salud, el ej\u00e9rcito y la marina; alrededor de 2 de cada 10 personas expres\u00f3 tener confianza en los partidos pol\u00edticos o en los diputados y senadores.<\/p>\n<p>Recordemos que el tema que en 2018 enmarca este d\u00eda es \u201cTransformar la gobernanza para alcanzar los Objetivos de Desarrollo Sostenible\u201d.<\/p>\n<p>Ahora le informo que The Home Depot robustece su presencia en el pa\u00eds con la apertura de su tienda n\u00famero 123, en el estado de Quer\u00e9taro. Ubicado en Juriquilla, el establecimiento representa una inversi\u00f3n de 203 millones de pesos para la entidad, generando 100 empleos directos y 300 indirectos que en conjunto dar\u00e1n un renovado impulso a la actividad de la construcci\u00f3n en la regi\u00f3n.<\/p>\n<p>\u201cCon esta apertura, The Home Depot alcanza una cifra de inversi\u00f3n total de 613 millones de pesos en el estado de Quer\u00e9taro. Seguimos con el compromiso que tenemos desde hace 14 a\u00f1os cuando llegamos al estado, iniciamos un proyecto que hoy nos llena de satisfacciones y genera m\u00e1s de 430 empleos en la regi\u00f3n\u201d expres\u00f3 Sergio Guti\u00e9rrez Osuna, Presidente y Director General de The Home Depot M\u00e9xico.<\/p>\n<p>Este logro es la consolidaci\u00f3n de una historia de inversi\u00f3n de 17 a\u00f1os en M\u00e9xico, traducida en m\u00e1s de 31 mil millones de pesos, una s\u00f3lida red de proveedur\u00eda de origen nacional en un 80% y m\u00e1s de 15 mil empleos directos a lo largo del pa\u00eds.<\/p>\n<p>Uno de los principales objetivos de la compa\u00f1\u00eda es el fortalecimiento de su estrategia omnicanal, por lo que, entre otros grandes proyectos, tiene contemplada una inversi\u00f3n de 10 MDD a diez a\u00f1os, para impulsar su plataforma de comercio electr\u00f3nico, lo cual permitir\u00e1 atender a sus clientes en cualquier momento y desde cualquier lugar, asegurando que su experiencia sea la misma sin importar si se acerca a tienda, al sitio web, si llama al call center o si interact\u00faa en las redes sociales.<\/p>\n<p>Actualmente el sitio www.homedepot.com.mx cuenta con m\u00e1s de 25 mil productos en su cat\u00e1logo de venta en l\u00ednea. Tan solo en 2017 recibi\u00f3 59 millones de visitas, lo que equivale a m\u00e1s del 90% de las visitas que reciben las tiendas en el pa\u00eds cada a\u00f1o.<\/p>\n<p>\u201cEntendemos que las necesidades y el comportamiento de nuestros consumidores est\u00e1n cambiando por lo que innovamos constantemente para brindar a nuestros clientes la mejor experiencia de compra a trav\u00e9s de nuestra estrategia omnicanal\u201d, declar\u00f3 Sergio Guti\u00e9rrez.<\/p>\n<p>Durante el 2018, la empresa de mandil naranja contempla implementar un plan de inversi\u00f3n de mil 700 millones de pesos en el pa\u00eds, enfocados al mantenimiento y modernizaci\u00f3n de sus tiendas y centros de distribuci\u00f3n, as\u00ed como en la construcci\u00f3n de nuevos complejos para ofrecer a sus clientes la mejor experiencia en cada uno de sus acercamientos con la marca.<\/p>\n<p>Por otro lado, continuar\u00e1 con su compromiso con M\u00e9xico al generar empleos de calidad y apoyar a instituciones y organizaciones civiles a trav\u00e9s de sus diversos programas de Responsabilidad Social.<\/p>\n<p>En los \u00faltimos a\u00f1os, la compa\u00f1\u00eda ha donado m\u00e1s de 1,000 MDP en mercanc\u00eda, tambi\u00e9n ha realizado 6 mil proyectos de voluntariado y ha beneficiado a 3 mil 400 organizaciones de la sociedad civil, logrando impactar a 16 millones de mexicanos a trav\u00e9s de diversos programas como: Equipos Depot, Donaci\u00f3n de Sangre, Donaci\u00f3n de Producto, actividades de apoyo a pacientes con C\u00e1ncer de Mama, la Carrera 21 K Tarahumara \u2013 The Home Depot, Colecta Haz M\u00e1s Por Los Dem\u00e1s, apoyo en Desastres Naturales y Fondo Naranja.<\/p>\n<p>En relaci\u00f3n a las versiones que han surgido en torno a los decretos de reservas de agua, y que lamentablemente han generado un malentendido sobre el concepto, WWF (Fondo Mundial para la Naturaleza) precisa que:\u2028 \u2028A lo largo de 12 a\u00f1os, con diferentes gobiernos, y de la mano de investigadores, autoridades y comunidades, la organizaci\u00f3n ha trabajado un modelo basado en ciencia para establecer reservas de agua que garanticen agua de calidad para la naturaleza y la gente.\u2028 \u2028Las reservas de agua son un instrumento dise\u00f1ado para proteger el caudal ecol\u00f3gico de las cuencas y asegurar los beneficios que los ecosistemas nos ofrecen a todos.<\/p>\n<p>Las reservas de agua no representan de ninguna manera la privatizaci\u00f3n del recurso, ni la extinci\u00f3n de ning\u00fan derecho al uso del agua vigente.<\/p>\n<p>Por el contrario, establecen claramente vol\u00famenes de agua que deber\u00e1n quedar intactos para la biodiversidad, lo que redundar\u00e1 en beneficio de todos, empezando por las comunidades rurales e ind\u00edgenas.<\/p>\n<p>Los decretos anunciados por el gobierno de M\u00e9xico el pasado 5 de junio, junto con los emitidos previamente desde 2014, establecen la creaci\u00f3n de reservas de agua en 295 cuencas del pa\u00eds, lo que no solo beneficiar\u00e1 al medio ambiente, sino a m\u00e1s de 45 millones de mexicanos. Del volumen total de agua en estas casi 300 cuencas: 70% en promedio, o hasta a el 93% en algunos casos, queda protegido para el ambiente, por lo que no puede ser extra\u00eddo para ning\u00fan tipo de uso;<\/p>\n<p>1% queda reservado para asegurar el abastecimiento por el crecimiento de la poblaci\u00f3n al 2070 de las ciudades listadas en cada decreto, y que en la actualidad ya cuentan con agua. Esto imposibilita la realizaci\u00f3n de trasvases entre ciudades;<\/p>\n<p>El 29%, y solo el 3% en algunos casos, del total del agua restante es susceptible de ser concesionado por el Gobierno para cualquier actividad, bajo instrumentos diferentes a las reservas y mediante los procedimientos establecidos en la legislaci\u00f3n vigente, lo cual deber\u00e1 hacerse de manera clara para tranquilidad de la sociedad. WWF se suma a la petici\u00f3n ciudadana para que este proceso se lleve a cabo de forma transparente, con rendici\u00f3n de cuentas y favoreciendo el desarrollo sustentable.<\/p>\n<p>Los decretos de reserva son un instrumento de certidumbre para la sociedad, ya que establecen la cantidad de agua disponible para el ambiente, la poblaci\u00f3n y otros usos en cada una de estas casi 300 cuencas<\/p>\n<p>Las reservas de agua protegen el agua en beneficio de todos, y son sustento del derecho humano al agua y a un ambiente sano. Son una herramienta jur\u00eddica m\u00e1s robusta que las vedas porque establecen condiciones para distribuir de manera justa el agua, empezando por la gente y el ambiente. Son adem\u00e1s una efectiva estrategia de adaptaci\u00f3n al cambio clim\u00e1tico pues mantienen el ciclo natural del agua para enfrentar la variabilidad clim\u00e1tica.<\/p>\n<p>Por m\u00e1s de 50 a\u00f1os a nivel global y 25 a\u00f1os en M\u00e9xico, WWF trabaja por el planeta y su gente; es una organizaci\u00f3n no gubernamental, basada en ciencia, sin fines partidistas, comprometida con M\u00e9xico y la conservaci\u00f3n de sus extraordinarios recursos naturales; empero, lo anterior ser\u00e1 motivo de posterior an\u00e1lisis en otra entrega de <strong><em>Hora 14<\/em><\/strong>.<\/p>\n<p><em><a href=\"mailto:%20mauricio_conde@msn.com\" target=\"_blank\" rel=\"noopener\">mauricioconde59@outlook.com<\/a><\/em><br \/>\n<a href=\"https:\/\/mauriciocondeblog.wordpress.com\" target=\"_blank\" rel=\"noopener\"><em>https:\/\/mauriciocondeblog.wordpress.com<\/em><\/a><\/p>\n","protected":false},"excerpt":{"rendered":"<p><span style=\"color: #005497;\"><strong>Mauricio Conde Olivares<\/strong><\/span><\/p>\n","protected":false},"author":3,"featured_media":0,"comment_status":"open","ping_status":"open","sticky":false,"template":"","format":"standard","meta":{"_monsterinsights_skip_tracking":false,"_monsterinsights_sitenote_active":false,"_monsterinsights_sitenote_note":"","_monsterinsights_sitenote_category":0,"footnotes":""},"categories":[35889],"tags":[43712,43674,44860],"class_list":["post-382208","post","type-post","status-publish","format-standard","hentry","category-mauricio-conde-olivares","tag-mauricio-conde-olivares","tag-opinion","tag-hora-14"],"_links":{"self":[{"href":"https:\/\/www.diarioimagen.net\/index.php?rest_route=\/wp\/v2\/posts\/382208","targetHints":{"allow":["GET"]}}],"collection":[{"href":"https:\/\/www.diarioimagen.net\/index.php?rest_route=\/wp\/v2\/posts"}],"about":[{"href":"https:\/\/www.diarioimagen.net\/index.php?rest_route=\/wp\/v2\/types\/post"}],"author":[{"embeddable":true,"href":"https:\/\/www.diarioimagen.net\/index.php?rest_route=\/wp\/v2\/users\/3"}],"replies":[{"embeddable":true,"href":"https:\/\/www.diarioimagen.net\/index.php?rest_route=%2Fwp%2Fv2%2Fcomments&post=382208"}],"version-history":[{"count":0,"href":"https:\/\/www.diarioimagen.net\/index.php?rest_route=\/wp\/v2\/posts\/382208\/revisions"}],"wp:attachment":[{"href":"https:\/\/www.diarioimagen.net\/index.php?rest_route=%2Fwp%2Fv2%2Fmedia&parent=382208"}],"wp:term":[{"taxonomy":"category","embeddable":true,"href":"https:\/\/www.diarioimagen.net\/index.php?rest_route=%2Fwp%2Fv2%2Fcategories&post=382208"},{"taxonomy":"post_tag","embeddable":true,"href":"https:\/\/www.diarioimagen.net\/index.php?rest_route=%2Fwp%2Fv2%2Ftags&post=382208"}],"curies":[{"name":"wp","href":"https:\/\/api.w.org\/{rel}","templated":true}]}}