{"id":382382,"date":"2018-06-25T00:06:10","date_gmt":"2018-06-25T05:06:10","guid":{"rendered":"http:\/\/www.diarioimagen.net\/?p=382382"},"modified":"2018-06-25T05:44:12","modified_gmt":"2018-06-25T10:44:12","slug":"ningun-sector-sera-excluido-en-mi-gobierno-geyne","status":"publish","type":"post","link":"https:\/\/www.diarioimagen.net\/?p=382382","title":{"rendered":"Ning\u00fan sector ser\u00e1 excluido en mi gobierno: Geyne"},"content":{"rendered":"<p><a href=\"http:\/\/www.diarioimagen.net\/?attachment_id=382464\" rel=\"attachment wp-att-382464\"><img loading=\"lazy\" decoding=\"async\" class=\"aligncenter size-large wp-image-382464\" src=\"http:\/\/www.diarioimagen.net\/wp-content\/uploads\/2018\/06\/ATIZAPAN-3396-460x306.jpg\" alt=\"\" width=\"460\" height=\"306\" srcset=\"https:\/\/www.diarioimagen.net\/wp-content\/uploads\/2018\/06\/ATIZAPAN-3396-460x306.jpg 460w, https:\/\/www.diarioimagen.net\/wp-content\/uploads\/2018\/06\/ATIZAPAN-3396-240x160.jpg 240w, https:\/\/www.diarioimagen.net\/wp-content\/uploads\/2018\/06\/ATIZAPAN-3396.jpg 700w\" sizes=\"auto, (max-width: 460px) 100vw, 460px\" \/><\/a><\/p>\n<p>&nbsp;<\/p>\n<p><strong>Atizap\u00e1n, Estado de M\u00e9xico<\/strong><strong>.-<\/strong> El candidato del PRI a la presidencia municipal, Enrique Geyne, asegur\u00f3 que encabezar\u00e1 un gobierno incluyente en el que todos los sectores de la sociedad atizapenses cabr\u00e1n, ya que habr\u00e1 programas y acciones para atenderlos con calidad y calidez.<\/p>\n<p>Durante un recorrido por la colonia Emiliano Zapata, el abanderado del Partido Revolucionario Institucional, dej\u00f3 en claro que en su administraci\u00f3n nadie quedar\u00e1 fuera de los programas del ayuntamiento, particularmente los grupos vulnerables que son los m\u00e1s desprotegidos.<\/p>\n<p>En ese sentido, Enrique Geyne precis\u00f3 que en la pr\u00f3xima administraci\u00f3n, que ser\u00e1 emanada del PRI, los j\u00f3venes, los emprendedores, los adultos mayores, encontrar\u00e1n una respuesta concreta a sus necesidades, ya que gobernar\u00e1 para todos.<\/p>\n","protected":false},"excerpt":{"rendered":"<p>El candidato del PRI a la presidencia municipal, Enrique Geyne, asegur\u00f3 que encabezar\u00e1 un gobierno incluyente en el que todos los sectores de la sociedad atizapenses cabr\u00e1n, ya que habr\u00e1 programas y acciones para atenderlos con calidad y calidez.<\/p>\n","protected":false},"author":3,"featured_media":382464,"comment_status":"open","ping_status":"open","sticky":false,"template":"","format":"standard","meta":{"_monsterinsights_skip_tracking":false,"_monsterinsights_sitenote_active":false,"_monsterinsights_sitenote_note":"","_monsterinsights_sitenote_category":0,"footnotes":""},"categories":[35155],"tags":[969,68721,43675,7196],"class_list":["post-382382","post","type-post","status-publish","format-standard","has-post-thumbnail","hentry","category-estado-de-mexico-estado-de-mexico","tag-atizapan","tag-enrique-geyne","tag-estado-de-mexico","tag-gobierno"],"_links":{"self":[{"href":"https:\/\/www.diarioimagen.net\/index.php?rest_route=\/wp\/v2\/posts\/382382","targetHints":{"allow":["GET"]}}],"collection":[{"href":"https:\/\/www.diarioimagen.net\/index.php?rest_route=\/wp\/v2\/posts"}],"about":[{"href":"https:\/\/www.diarioimagen.net\/index.php?rest_route=\/wp\/v2\/types\/post"}],"author":[{"embeddable":true,"href":"https:\/\/www.diarioimagen.net\/index.php?rest_route=\/wp\/v2\/users\/3"}],"replies":[{"embeddable":true,"href":"https:\/\/www.diarioimagen.net\/index.php?rest_route=%2Fwp%2Fv2%2Fcomments&post=382382"}],"version-history":[{"count":0,"href":"https:\/\/www.diarioimagen.net\/index.php?rest_route=\/wp\/v2\/posts\/382382\/revisions"}],"wp:featuredmedia":[{"embeddable":true,"href":"https:\/\/www.diarioimagen.net\/index.php?rest_route=\/wp\/v2\/media\/382464"}],"wp:attachment":[{"href":"https:\/\/www.diarioimagen.net\/index.php?rest_route=%2Fwp%2Fv2%2Fmedia&parent=382382"}],"wp:term":[{"taxonomy":"category","embeddable":true,"href":"https:\/\/www.diarioimagen.net\/index.php?rest_route=%2Fwp%2Fv2%2Fcategories&post=382382"},{"taxonomy":"post_tag","embeddable":true,"href":"https:\/\/www.diarioimagen.net\/index.php?rest_route=%2Fwp%2Fv2%2Ftags&post=382382"}],"curies":[{"name":"wp","href":"https:\/\/api.w.org\/{rel}","templated":true}]}}