{"id":382617,"date":"2018-06-26T00:00:51","date_gmt":"2018-06-26T05:00:51","guid":{"rendered":"http:\/\/www.diarioimagen.net\/?p=382617"},"modified":"2018-06-26T00:15:07","modified_gmt":"2018-06-26T05:15:07","slug":"yeidckol-del-tigre-al-diablo-amlo-la-envio","status":"publish","type":"post","link":"https:\/\/www.diarioimagen.net\/?p=382617","title":{"rendered":"Yeidckol: del tigre al diablo; AMLO la envi\u00f3"},"content":{"rendered":"<h2>La Retaguardia<\/h2>\n<h5>Adriana Moreno Cordero<\/h5>\n<p>&nbsp;<\/p>\n<ul>\n<li><strong><em>Voto silencioso, m\u00e1s grande que cualquier encuesta: Meade<\/em><\/strong><\/li>\n<\/ul>\n<p>&nbsp;<\/p>\n<p>Del tigre al diablo, o \u00bfde qu\u00e9 otra manera puede resumirse el anuncio que hiciera la dirigente de Morena, <strong>Yeidckol Polevnsky<\/strong>, cuando desde el Senado, en conferencia de prensa, se\u00f1alara que Morena no est\u00e1 dispuesto a permitir fraude alguno, porque si alguien intenta hacerlo se encontrar\u00e1n \u201ccon el diablo\u201d?<\/p>\n<p>Este anuncio o amenaza, la hizo la l\u00edder morenista, luego de presentar una denuncia ante la Auditor\u00eda Superior de la Federaci\u00f3n en contra de los candidatos de Movimiento Ciudadano a la gubernatura de Jalisco y a la alcald\u00eda de Zapopan, <strong>Enrique Alfaro<\/strong> y <strong>Pablo Lemus<\/strong>, respectivamente por el presunto desv\u00edo de m\u00e1s de mil 200 millones de pesos.<\/p>\n<p>Respecto a lo anterior, hay que se\u00f1alar que desde hace algunas semanas, el propio candidato presidencial de la coalici\u00f3n \u201cJuntos Haremos Historia\u201d, <strong>Andr\u00e9s Manuel L\u00f3pez Obrador<\/strong>, hab\u00eda se\u00f1alado a Alfaro como un traidor. Fue precisamente desde la Plaza de las Am\u00e9ricas, en Jalisco, cuando el tabasque\u00f1o asegur\u00f3 que Alfaro era un \u201ctraidorzuelo\u201d y pidi\u00f3 a la ciudadan\u00eda de dicha entidad, que votaran por su candidato, <strong>Carlos Lomel\u00ed<\/strong>.<\/p>\n<p>Concretamente, el de Macuspana indic\u00f3: \u201cno le tengo confianza a los otros (candidatos), a uno en particular que ni siquiera voy a mencionar por su nombre\u2026 ah\u00ed se los dejo de tarea, no les va a costar mucho trabajo investigar a quien me refiero, es m\u00e1s de lo mismo, no se dejen enga\u00f1ar, eso es gatopardismo\u201d.<\/p>\n<p>Evidentemente, en esa ocasi\u00f3n, L\u00f3pez Obrador se refer\u00eda ni m\u00e1s ni menos que al propio Enrique Alfaro, quien por su parte, no hizo ni siquiera un poco de caso a los se\u00f1alamientos ahora, de Polevnsky y por las redes asegur\u00f3 que est\u00e1 listo para seguir \u201cel camino hacia la refundaci\u00f3n de Jalisco\u201d.<\/p>\n<p>Y como se ve, sus seguidores no le hicieron mucho caso al tabasque\u00f1o la primera vez que acus\u00f3 a Alfaro, cuyo \u00fanico \u201cdelito\u201d, al parecer, ha sido no alinearse a las \u00f3rdenes del due\u00f1o de Morena.<\/p>\n<p>Por eso, el candidato presidencial morenista, envi\u00f3 a la dirigente de su partido que no parece tener el peso y la energ\u00eda como para decir las cosas que dice, esto es, para andar soltando al mism\u00edsimo diablo. Le faltar\u00eda contundencia a Yeidckol, que no hace m\u00e1s que seguir, sin cuestionar ni chistar, las \u00f3rdenes de su jefe y l\u00edder m\u00e1ximo.<\/p>\n<p>Por ello, tampoco le peg\u00f3 a la empresaria aquello que reiter\u00f3 en entrevista; \u201cel diablo soy yo\u201d. No, definitivamente le falta; apenas podr\u00eda compararse con el tigre que sale en los \u201cspots\u201d del partido Encuentro Social.<\/p>\n<p>De cualquier manera, ya muy en su papel, Polevnsky asegur\u00f3 que a ning\u00fan precio permitir\u00e1n el fraude, \u201centonces ninguna manipulaci\u00f3n es aceptable\u201d. \u00bfSer\u00e1?<\/p>\n<p>Eso s\u00ed, tuvo mucho cuidado la empresaria en deslindar a L\u00f3pez Obrador de esta denuncia que present\u00f3, al aseverar que el\u00a0 propio candidato de \u201cJuntos Haremos Historia\u201d, no se va a meter, sin embargo, ella s\u00ed lo va hacer y va ir a fondo, simple y sencillamente porque es la dirigente de Morena, pero es bien sabido que en ese partido, no se mueve \u201cni una hoja\u201d sin la voluntad del tabasque\u00f1o; por algo ese instituto pol\u00edtico es de su propiedad.<\/p>\n<p>Una cuesti\u00f3n m\u00e1s que no se puede soslayar, es que, de acuerdo a la infinidad de encuestas que se han difundido en los \u00faltimos d\u00edas, Yeidckol ya siente tambi\u00e9n que AMLO tiene algo m\u00e1s que un pie en Los Pinos, o sea, que ya es el presidente de M\u00e9xico.<\/p>\n<p>En este punto, hay analistas que opinan que es probable que L\u00f3pez Obrador gane, pero con una diferencia de algo as\u00ed como siete puntos, pues hay muchos factores decisivos que no est\u00e1n tomando en el equipo de Morena.<\/p>\n<p>Adem\u00e1s, eso de que el partido l\u00f3pezobradorista, obtendr\u00e1 la mayor\u00eda absoluta en el Congreso de la Uni\u00f3n, est\u00e1 por verse, pues el resto de los partidos pol\u00edticos no se han quedado \u201cdormidos en sus laureles\u201d.<\/p>\n<p style=\"text-align: center;\"><strong>Municiones<\/strong><\/p>\n<p>*** En el equipo cercano al candidato de la coalici\u00f3n \u201cTodos por M\u00e9xico\u201d, <strong>Jos\u00e9 Antonio Meade<\/strong>, est\u00e1n convencidos que el voto silencioso es m\u00e1s grande de lo estimado hasta ahora y ser\u00e1 factor determinante para modificar radicalmente las mediciones hasta ahora en cuanto al puntero L\u00f3pez Obrador.<\/p>\n<p>Consideran que este elevado voto oculto, obedece al acoso, intimidaci\u00f3n y ataques del que son objeto, por parte de seguidores morenistas, quienes hacen p\u00fablico su respaldo a otro candidato que no sea el de la coalici\u00f3n \u201cJuntos haremos Historia\u201d.<\/p>\n<p>Por ello, la estrategia medi\u00e1tica del candidato Meade, a unos d\u00edas del cierre de campa\u00f1a, se enfoca a destacar que \u201cel voto silencioso es m\u00e1s grande, m\u00e1s fuerte, y m\u00e1s poderoso que cualquier encuesta\u201d, de acuerdo con un reciente video en que se invita a votar por Meade y en el cual se hace un llamado a los electores a no dejarse influenciar por quienes pregonan que la decisi\u00f3n para este primero de julio ya est\u00e1 tomada.<\/p>\n<p>\u201cLa estrategia es influir en tu sentir, generar la percepci\u00f3n de que la tendencia es clara para inhibir la libre participaci\u00f3n de aquellos que no comulgan con sus ideas. Pero desalentar tu derecho a opinar distinto no har\u00e1 que dejes de pensar que lo que ellos plantean no es el M\u00e9xico que merecemos\u201d, se se\u00f1ala el video mensaje.<\/p>\n<p>*** En el marco de la exposici\u00f3n\u00a0<em>Vaticano: de San Pedro a Francisco. Dos mil a\u00f1os de arte e historia,<\/em>\u00a0el Antiguo Colegio de San Ildefonso y\u00a0<strong>Arte &amp; Cultura Grupo Salinas\u00a0<\/strong>presentan el concierto Palestrina y el triunfo de la polifon\u00eda, con el ensamble vocal Odhecaton, dirigido por Paolo Da Col.<\/p>\n<p>La muestra no solo da testimonio de dos mil a\u00f1os de historia del cristianismo, mediante m\u00e1s de 180 obras y las antig\u00fcedades, sino que por \u00fanica ocasi\u00f3n contar\u00e1 con la interpretaci\u00f3n de las piezas de m\u00fasica sacra \u201cMiserere de Gregorio Allegri\u201d y \u201cMisa del Papa Marcelo\u201d por parte de este reconocido ensamble vocal.<\/p>\n<p>La cita es el martes 26 de junio a las 19:00 hrs.\u00a0 Este gran evento se da en la conmemoraci\u00f3n del vig\u00e9simo quinto aniversario del establecimiento de las relaciones diplom\u00e1ticas entre el Gobierno de M\u00e9xico y la Santa Sede.<\/p>\n<p>Sin duda, una vez m\u00e1s, <strong>Ricardo B. Salinas Pliego<\/strong> demuestra su inter\u00e9s por promover y difundir actividades art\u00edsticas y culturales en nuestro pa\u00eds. El Presidente de Grupo Salinas siempre ha apoyado, promovido y difundido la creaci\u00f3n art\u00edstica a trav\u00e9s de alianzas a nivel nacional e internacional.<\/p>\n<p><a href=\"mailto:morcora@gmail.com\" target=\"_blank\" rel=\"noopener\"><em>morcora@gmail.com<\/em><\/a><\/p>\n","protected":false},"excerpt":{"rendered":"<p><span style=\"color: #005497;\"><strong>Adriana Moreno Cordero<\/strong><\/span><\/p>\n","protected":false},"author":3,"featured_media":0,"comment_status":"open","ping_status":"open","sticky":false,"template":"","format":"standard","meta":{"_monsterinsights_skip_tracking":false,"_monsterinsights_sitenote_active":false,"_monsterinsights_sitenote_note":"","_monsterinsights_sitenote_category":0,"footnotes":""},"categories":[69370],"tags":[69369,69368,43674],"class_list":["post-382617","post","type-post","status-publish","format-standard","hentry","category-adriana-moreno-cordero","tag-adriana-moreno-cordero","tag-la-retaguardia","tag-opinion"],"_links":{"self":[{"href":"https:\/\/www.diarioimagen.net\/index.php?rest_route=\/wp\/v2\/posts\/382617","targetHints":{"allow":["GET"]}}],"collection":[{"href":"https:\/\/www.diarioimagen.net\/index.php?rest_route=\/wp\/v2\/posts"}],"about":[{"href":"https:\/\/www.diarioimagen.net\/index.php?rest_route=\/wp\/v2\/types\/post"}],"author":[{"embeddable":true,"href":"https:\/\/www.diarioimagen.net\/index.php?rest_route=\/wp\/v2\/users\/3"}],"replies":[{"embeddable":true,"href":"https:\/\/www.diarioimagen.net\/index.php?rest_route=%2Fwp%2Fv2%2Fcomments&post=382617"}],"version-history":[{"count":0,"href":"https:\/\/www.diarioimagen.net\/index.php?rest_route=\/wp\/v2\/posts\/382617\/revisions"}],"wp:attachment":[{"href":"https:\/\/www.diarioimagen.net\/index.php?rest_route=%2Fwp%2Fv2%2Fmedia&parent=382617"}],"wp:term":[{"taxonomy":"category","embeddable":true,"href":"https:\/\/www.diarioimagen.net\/index.php?rest_route=%2Fwp%2Fv2%2Fcategories&post=382617"},{"taxonomy":"post_tag","embeddable":true,"href":"https:\/\/www.diarioimagen.net\/index.php?rest_route=%2Fwp%2Fv2%2Ftags&post=382617"}],"curies":[{"name":"wp","href":"https:\/\/api.w.org\/{rel}","templated":true}]}}