{"id":382619,"date":"2018-06-26T00:01:34","date_gmt":"2018-06-26T05:01:34","guid":{"rendered":"http:\/\/www.diarioimagen.net\/?p=382619"},"modified":"2018-06-26T00:19:16","modified_gmt":"2018-06-26T05:19:16","slug":"mujeres-empatan-a-los-hombres-en-adicciones","status":"publish","type":"post","link":"https:\/\/www.diarioimagen.net\/?p=382619","title":{"rendered":"Mujeres empatan a los hombres en adicciones"},"content":{"rendered":"<h2>Derecho de r\u00e9plica<\/h2>\n<p>&nbsp;<\/p>\n<ul>\n<li><strong><em>Inician con tabaco y alcohol; Quinta Roo, segundo lugar en consumo de drogas<\/em><\/strong><\/li>\n<\/ul>\n<p>&nbsp;<\/p>\n<p>La liberaci\u00f3n femenina para algunas mujeres represent\u00f3 ir en retroceso a temprana edad, al incurrir en los mismos vicios que el sexo masculino en su deseo de ser igual o m\u00e1s que ellos y contribuir a que Quintana Roo se mantenga en el segundo lugar en consumo de sustancias ilegales entre j\u00f3venes.<\/p>\n<p>Las adicciones han aumentado, seg\u00fan la \u00faltima Encuesta Nacional de Consumo de Drogas, Alcohol y Tabaco 2016-2017 y la droga ilegal que m\u00e1s consumen los j\u00f3venes hombres y mujeres de entre 14 a 17 a\u00f1os es la mariguana.<\/p>\n<p>De acuerdo al Centro de Integraci\u00f3n Juvenil y el Grupo de Alcoh\u00f3licos An\u00f3nimos, el problema en Canc\u00fan se recrudece, al ya no s\u00f3lo ser los hombres quienes encabezan las adicciones, sino tambi\u00e9n las mujeres, que empiezan a temprana edad, con cigarros y alcohol, para despu\u00e9s pasar a otras sustancias fuertes.<\/p>\n<p>La encuesta de adicciones 2016-2017 indica que los j\u00f3venes son la poblaci\u00f3n m\u00e1s vulnerable ante sustancias, como la mariguana, lo que podr\u00eda detonar un problema de salud grave para la entidad.<\/p>\n<p>La Comisi\u00f3n Nacional Contra las Adicciones alert\u00f3 que el consumo de drogas entre mujeres mexicanas aumenta de forma alarmante, ya que entre 2011 y 2017 creci\u00f3 205 por ciento entre las m\u00e1s j\u00f3venes,\u00a0 las ni\u00f1as y adolescentes de 12 a 17 a\u00f1os forman el grupo cuyo consumo crece con mayor rapidez en el pa\u00eds, e incluye drogas legales, como tabaco y alcohol, e ilegales como mariguana, coca\u00edna y psicof\u00e1rmacos.<\/p>\n<p style=\"text-align: center;\"><strong>Unicaribe deja fuera a 475 alumnos por no tener espacio<\/strong><\/p>\n<p>La Universidad del Caribe baj\u00f3 este a\u00f1o el crecimiento de su matr\u00edcula en alumnos de nuevo ingreso, al pasar de 8 al 15 por ciento de rechazo, pues carece de las condiciones necesarias para ofrecer una educaci\u00f3n de calidad.<\/p>\n<p>La rectora, Priscila Sosa, precis\u00f3 que de mil 207 aspirantes, s\u00f3lo 750 fueron seleccionados, tomando en cuenta la capacidad el edificio actual, ya que la idea es que cuando se concluya el segundo nivel del nuevo plantel, se considere abrir m\u00e1s grupos.<\/p>\n<p>Dijo que con la conclusi\u00f3n del proceso de selecci\u00f3n de alumnos de nuevo ingreso, se verific\u00f3 la necesidad de contar con instalaciones m\u00e1s grandes, al incrementarse cada a\u00f1o la demanda educativa por parte de las nuevas generaciones.<\/p>\n<p>En el 2018 se pretende concluir la construcci\u00f3n del nuevo edificio, y posiblemente, sea dentro de dos a\u00f1os cuando se inicie la construcci\u00f3n de otro, seg\u00fan el plan inicial de la instituci\u00f3n.<\/p>\n<p>Mientras tanto, de acuerdo a su capacidad de operaci\u00f3n, se brinda la oportunidad de cursar las carreras s\u00f3lo a los m\u00e1s aptos, que en su mayor\u00eda solicitaron tres carreras en particular que son: negocios internacionales, con 211 aceptados; 127, en turismo y 100 en gastronom\u00eda.<\/p>\n<p style=\"text-align: center;\"><strong>IFE inicia entrega de material electoral<\/strong><\/p>\n<p>Al menos, en el Distrito 02, que comprende los municipios de Bacalar, Jos\u00e9 Mar\u00eda Morelos, Carrillo Puerto y Oth\u00f3n P. Blanco, el INE inici\u00f3 la entrega de paquetes electorales a utilizar en la d\u00eda de la jornada de votaci\u00f3n del 1 de julio pr\u00f3ximo. Francisco Croce Flota, vocal ejecutivo de la Junta Distrital 02, inform\u00f3 que se estar\u00e1n entregando 498 paquetes electorales a igual n\u00famero de presidentes de Mesas Directivas de Casillas, a partir de ayer y hasta el viernes 29 de junio y son: actas de escrutinio y c\u00f3mputo, listado nominal, papeler\u00eda, boletas foliadas, relaciones de representantes de partidos pol\u00edticos, tres urnas, cancel para votar, cartel de resultados y sobre de Programa de Resultados Electorales Preliminares (PREP). Por municipio, la entrega se realizar\u00e1 de la siguiente manera: Oth\u00f3n P. Blanco 305 paquetes; Bacalar, 55; Felipe Carrillo Puerto 93 y 46 en Jos\u00e9 Mar\u00eda Morelos.<\/p>\n<p style=\"text-align: center;\"><strong>Restauranteros, inconformes con <em>ley seca<\/em><\/strong><\/p>\n<p>La Uni\u00f3n de Propietarios de Restaurantes, Bares y Similares del Estado de Quintana Roo, manifest\u00f3 buscar un acercamiento para reducir el horario de la <em>ley seca<\/em>, por afectar directamente sus ventas, que al menos en Chetumal, Calderitas, Bacalar y la Costa Maya, son un b\u00e1lsamo para recuperarse econ\u00f3micamente. Sin embargo, Jaime Zetina Gonz\u00e1lez, subsecretario de Ingresos de la Secretar\u00eda de Finanzas y Planeaci\u00f3n (SEFIPLAN), indic\u00f3 en entrevista que ser\u00e1 de 48 horas, a partir de las 00:00 horas del s\u00e1bado y no habr\u00e1 modificaci\u00f3n alguna. Chetumale\u00f1os se preparan para seguir la fiesta en la Zona Libre de Belice, donde no llega tal restricci\u00f3n y que se espera, como cada vez que hay jornada electoral, supere las ventas y se sature esta franja comercial.<\/p>\n<p style=\"text-align: center;\"><strong>Gana terreno Isaac Janix Alan\u00eds a \u201cMara\u201d Lezama<\/strong><\/p>\n<p>No cabe duda que el debate de los candidatos a la presidencia municipal de Benito Ju\u00e1rez, fue un escaparate que supo aprovechar al cien por ciento el que aspira a alcalde por la v\u00eda independiente, Isaac Janix Alan\u00eds, pues ahora, por lo menos, m\u00e1s cancunenses saben que existe.<\/p>\n<p>Justo cuando Andr\u00e9s Manuel L\u00f3pez Obrador estar\u00e1 en Canc\u00fan para el cierre de campa\u00f1a de sus candidatos locales, las Redes Ciudadanas de Morena mantendr\u00e1n su apoyo hacia AMLO, pero para la alcald\u00eda no ir\u00e1n con \u201cMara\u201d Lezama.<\/p>\n<p>Jos\u00e9 Federico Mac\u00edas, representante de las Redes Ciudadanas de M\u00e9xico, realiz\u00f3 una minimanifestaci\u00f3n en la explanada a la Reforma para rebelarse y dar su apoyo al independiente, Isaac Janix Alan\u00eds.<\/p>\n<p>El l\u00edder de RCM asegur\u00f3 que no votar\u00e1n por \u201cMara\u201d Lezama, ya que no representa la lucha de los militantes fundadores del partido, adem\u00e1s debido a que se le ha involucrado en supuestos actos de corrupci\u00f3n, al \u201cvenderse\u201d en 2016 al ex gobernador Roberto Borge Angulo, a cambio de placas de taxis y millones de pesos\u2026trapitos sucios que, Janix Alan\u00eds le sac\u00f3 a Lezama una y otra vez durante el debate y que la candidata de Morena no pudo negar, pues los documentos exhibidos no dejan lugar a la duda, de que ella y toda su familia cercana, incluidos sus dos peque\u00f1os hijos, son taxistas. \u00a1Abuelita tus chanclitas!<\/p>\n<p>Otros que dar\u00e1n apoyo al independiente son los integrantes del Sindicato de Trabajadores de la Construcci\u00f3n de la Confederaci\u00f3n de Trabajadores de M\u00e9xico, encabezados por su secretario general, Brian Echeverr\u00eda Ram\u00edrez, pues desde el debate Janix Alan\u00eds los enamor\u00f3\u2026 \u00a1ya, que se casen con \u00e9l!<\/p>\n<p>###<\/p>\n<p>Ante la necesidad de cumplir sus objetivos y ofrecer una educaci\u00f3n de calidad, Unicaribe s\u00f3lo acept\u00f3 750 estudiantes.<\/p>\n","protected":false},"excerpt":{"rendered":"<p><span style=\"color: #005497;\"><strong>Derecho de r\u00e9plica<\/strong><\/span><\/p>\n","protected":false},"author":3,"featured_media":0,"comment_status":"open","ping_status":"open","sticky":false,"template":"","format":"standard","meta":{"_monsterinsights_skip_tracking":false,"_monsterinsights_sitenote_active":false,"_monsterinsights_sitenote_note":"","_monsterinsights_sitenote_category":0,"footnotes":""},"categories":[62907],"tags":[47840,43674],"class_list":["post-382619","post","type-post","status-publish","format-standard","hentry","category-derecho-de-replica","tag-derecho-de-replica","tag-opinion"],"_links":{"self":[{"href":"https:\/\/www.diarioimagen.net\/index.php?rest_route=\/wp\/v2\/posts\/382619","targetHints":{"allow":["GET"]}}],"collection":[{"href":"https:\/\/www.diarioimagen.net\/index.php?rest_route=\/wp\/v2\/posts"}],"about":[{"href":"https:\/\/www.diarioimagen.net\/index.php?rest_route=\/wp\/v2\/types\/post"}],"author":[{"embeddable":true,"href":"https:\/\/www.diarioimagen.net\/index.php?rest_route=\/wp\/v2\/users\/3"}],"replies":[{"embeddable":true,"href":"https:\/\/www.diarioimagen.net\/index.php?rest_route=%2Fwp%2Fv2%2Fcomments&post=382619"}],"version-history":[{"count":0,"href":"https:\/\/www.diarioimagen.net\/index.php?rest_route=\/wp\/v2\/posts\/382619\/revisions"}],"wp:attachment":[{"href":"https:\/\/www.diarioimagen.net\/index.php?rest_route=%2Fwp%2Fv2%2Fmedia&parent=382619"}],"wp:term":[{"taxonomy":"category","embeddable":true,"href":"https:\/\/www.diarioimagen.net\/index.php?rest_route=%2Fwp%2Fv2%2Fcategories&post=382619"},{"taxonomy":"post_tag","embeddable":true,"href":"https:\/\/www.diarioimagen.net\/index.php?rest_route=%2Fwp%2Fv2%2Ftags&post=382619"}],"curies":[{"name":"wp","href":"https:\/\/api.w.org\/{rel}","templated":true}]}}