{"id":382908,"date":"2018-06-28T00:10:08","date_gmt":"2018-06-28T05:10:08","guid":{"rendered":"http:\/\/www.diarioimagen.net\/?p=382908"},"modified":"2018-06-28T22:42:05","modified_gmt":"2018-06-29T03:42:05","slug":"es-la-ultima-campana-de-mi-vida-amlo","status":"publish","type":"post","link":"https:\/\/www.diarioimagen.net\/?p=382908","title":{"rendered":"Con lleno, L\u00f3pez Obrador cierra en el Estadio Azteca"},"content":{"rendered":"<ul>\n<li><em><strong>Afirma que acabar\u00e1 con la corrupci\u00f3n<\/strong><\/em><\/li>\n<li><em><strong>Dice que su movimiento surgi\u00f3 del malestar de la poblaci\u00f3n<\/strong><\/em><\/li>\n<\/ul>\n<p>&nbsp;<\/p>\n<div id=\"attachment_383057\" style=\"width: 470px\" class=\"wp-caption aligncenter\"><a href=\"http:\/\/www.diarioimagen.net\/?attachment_id=383057\" rel=\"attachment wp-att-383057\"><img loading=\"lazy\" decoding=\"async\" aria-describedby=\"caption-attachment-383057\" class=\"size-large wp-image-383057\" src=\"http:\/\/www.diarioimagen.net\/wp-content\/uploads\/2018\/06\/AMLO-3399-460x259.jpg\" alt=\"\" width=\"460\" height=\"259\" srcset=\"https:\/\/www.diarioimagen.net\/wp-content\/uploads\/2018\/06\/AMLO-3399-460x259.jpg 460w, https:\/\/www.diarioimagen.net\/wp-content\/uploads\/2018\/06\/AMLO-3399-240x135.jpg 240w, https:\/\/www.diarioimagen.net\/wp-content\/uploads\/2018\/06\/AMLO-3399-235x132.jpg 235w, https:\/\/www.diarioimagen.net\/wp-content\/uploads\/2018\/06\/AMLO-3399-202x114.jpg 202w, https:\/\/www.diarioimagen.net\/wp-content\/uploads\/2018\/06\/AMLO-3399-350x196.jpg 350w, https:\/\/www.diarioimagen.net\/wp-content\/uploads\/2018\/06\/AMLO-3399-220x123.jpg 220w, https:\/\/www.diarioimagen.net\/wp-content\/uploads\/2018\/06\/AMLO-3399-237x132.jpg 237w, https:\/\/www.diarioimagen.net\/wp-content\/uploads\/2018\/06\/AMLO-3399.jpg 480w\" sizes=\"auto, (max-width: 460px) 100vw, 460px\" \/><\/a><p id=\"caption-attachment-383057\" class=\"wp-caption-text\">Andr\u00e9s Manuel L\u00f3pez Obrador cerr\u00f3 su campa\u00f1a con un festival musical en el Estadio Azteca.<\/p><\/div>\n<p>&nbsp;<\/p>\n<p>Con un lleno total en el Estadio Azteca, Andr\u00e9s Manuel L\u00f3pez Obrador, candidato presidencial de la coalici\u00f3n Juntos Haremos Historia, cerr\u00f3 su campa\u00f1a.<\/p>\n<p>El abanderado de Morena afirm\u00f3 en su discurso que limpiar\u00e1 a M\u00e9xico de la corrupci\u00f3n y que, pese a la negaci\u00f3n de muchos, su movimiento no surgi\u00f3 de repente, sino del malestar por\u00a0 r\u00e9gimen corrupto.<\/p>\n<p>A las 20:28 horas, el tabasque\u00f1o entr\u00f3 a la cancha del inmueble, en medio de gritos de sus simpatizantes. \u201c\u00a1Es un honor estar con Obrador!\u201d y \u201c\u00a1Presidente, Presidente\u201d, coreaban.<\/p>\n<p>En el camino al templete salud\u00f3 a simpatizantes y colaboradores, como Manuel Bartlett.<\/p>\n<p>Los simpatizantes de L\u00f3pez Obrador vitorearon al candidato cuando lleg\u00f3 al templete y tom\u00f3 en sus manos una bandera del movimiento gay.<\/p>\n<p>Ya en el escenario, levant\u00f3 la mano de Belinda y salud\u00f3 con un beso a Margarita \u201cLa Diosa de la Cumbia\u201d, artistas que participaron en la verbena popular.<\/p>\n<p>La cantante Belinda ameniz\u00f3 el denominado como \u201cAMLOFest\u201d, que inici\u00f3 desde las 17: 00 horas, donde, entre otras cosas, dijo sentirse feliz \u201cpor ser parte de esto\u201d e invit\u00f3 a los asistentes a formar parte del \u201cpa\u00eds de la utop\u00eda\u201d.<\/p>\n<p>Luego de la actuaci\u00f3n de \u201cLa Diosa de la Cumbia\u201d y Los Jaraneros, inici\u00f3 despu\u00e9s de las 19:30 horas la participaci\u00f3n de Belinda, quien para abrir su concierto present\u00f3 un audio en donde expresaba los deseos que tiene para el futuro de M\u00e9xico.<\/p>\n<p>Ya en la parte final de su participaci\u00f3n en el Estadio Azteca, Belinda interpret\u00f3 piezas tal como \u201cM\u00e9xico y lindo querido\u201d y \u201cComo quien pierde una estrella\u201d acompa\u00f1ada de mariachi, as\u00ed como \u201cUn hombre normal\u201d junto a Espinoza Paz. Finalmente, agradeci\u00f3 a L\u00f3pez Obrador y a Marcelo Ebrard.<\/p>\n","protected":false},"excerpt":{"rendered":"<p>El candidato a la presidencia de M\u00e9xico por la coalici\u00f3n Juntos Haremos Historia, Andr\u00e9s Manuel L\u00f3pez Obrador, plantea generar 80 mil empleos en el campo chiapaneco con la siembra de 200 hect\u00e1reas de \u00e1rboles frutales y maderables.<\/p>\n","protected":false},"author":5,"featured_media":383057,"comment_status":"open","ping_status":"open","sticky":false,"template":"","format":"standard","meta":{"_monsterinsights_skip_tracking":false,"_monsterinsights_sitenote_active":false,"_monsterinsights_sitenote_note":"","_monsterinsights_sitenote_category":0,"footnotes":""},"categories":[3],"tags":[75322,2545,1352,6185,21865,5772,69000,43673,75324,75323],"class_list":["post-382908","post","type-post","status-publish","format-standard","has-post-thumbnail","hentry","category-nacional","tag-80-mil-empleos","tag-amlo","tag-andres-manuel-lopez-obrador","tag-campana","tag-cierre","tag-estadio-azteca","tag-juntos-haremos-historia","tag-nacional","tag-rutilio-escandon-cadenas","tag-la-tercera-es-la-vencida"],"_links":{"self":[{"href":"https:\/\/www.diarioimagen.net\/index.php?rest_route=\/wp\/v2\/posts\/382908","targetHints":{"allow":["GET"]}}],"collection":[{"href":"https:\/\/www.diarioimagen.net\/index.php?rest_route=\/wp\/v2\/posts"}],"about":[{"href":"https:\/\/www.diarioimagen.net\/index.php?rest_route=\/wp\/v2\/types\/post"}],"author":[{"embeddable":true,"href":"https:\/\/www.diarioimagen.net\/index.php?rest_route=\/wp\/v2\/users\/5"}],"replies":[{"embeddable":true,"href":"https:\/\/www.diarioimagen.net\/index.php?rest_route=%2Fwp%2Fv2%2Fcomments&post=382908"}],"version-history":[{"count":0,"href":"https:\/\/www.diarioimagen.net\/index.php?rest_route=\/wp\/v2\/posts\/382908\/revisions"}],"wp:featuredmedia":[{"embeddable":true,"href":"https:\/\/www.diarioimagen.net\/index.php?rest_route=\/wp\/v2\/media\/383057"}],"wp:attachment":[{"href":"https:\/\/www.diarioimagen.net\/index.php?rest_route=%2Fwp%2Fv2%2Fmedia&parent=382908"}],"wp:term":[{"taxonomy":"category","embeddable":true,"href":"https:\/\/www.diarioimagen.net\/index.php?rest_route=%2Fwp%2Fv2%2Fcategories&post=382908"},{"taxonomy":"post_tag","embeddable":true,"href":"https:\/\/www.diarioimagen.net\/index.php?rest_route=%2Fwp%2Fv2%2Ftags&post=382908"}],"curies":[{"name":"wp","href":"https:\/\/api.w.org\/{rel}","templated":true}]}}