{"id":382957,"date":"2018-06-28T00:11:22","date_gmt":"2018-06-28T05:11:22","guid":{"rendered":"http:\/\/www.diarioimagen.net\/?p=382957"},"modified":"2018-06-29T04:10:03","modified_gmt":"2018-06-29T09:10:03","slug":"issemym-a-la-vanguardia-en-diagnosticos-y-cirugias-toracicas","status":"publish","type":"post","link":"https:\/\/www.diarioimagen.net\/?p=382957","title":{"rendered":"ISSEMyM, a la vanguardia en diagn\u00f3sticos y cirug\u00edas tor\u00e1cicas"},"content":{"rendered":"<h2>Arco Norte<\/h2>\n<h5>Jos\u00e9 Luis Monta\u00f1ez Aguilar<\/h5>\n<p>&nbsp;<\/p>\n<p><a href=\"http:\/\/www.diarioimagen.net\/?attachment_id=383054\" rel=\"attachment wp-att-383054\"><img loading=\"lazy\" decoding=\"async\" class=\"aligncenter size-large wp-image-383054\" src=\"http:\/\/www.diarioimagen.net\/wp-content\/uploads\/2018\/06\/arco-3399-460x259.jpg\" alt=\"\" width=\"460\" height=\"259\" srcset=\"https:\/\/www.diarioimagen.net\/wp-content\/uploads\/2018\/06\/arco-3399-460x259.jpg 460w, https:\/\/www.diarioimagen.net\/wp-content\/uploads\/2018\/06\/arco-3399-240x135.jpg 240w, https:\/\/www.diarioimagen.net\/wp-content\/uploads\/2018\/06\/arco-3399-235x132.jpg 235w, https:\/\/www.diarioimagen.net\/wp-content\/uploads\/2018\/06\/arco-3399-202x114.jpg 202w, https:\/\/www.diarioimagen.net\/wp-content\/uploads\/2018\/06\/arco-3399-350x196.jpg 350w, https:\/\/www.diarioimagen.net\/wp-content\/uploads\/2018\/06\/arco-3399-220x123.jpg 220w, https:\/\/www.diarioimagen.net\/wp-content\/uploads\/2018\/06\/arco-3399-237x132.jpg 237w, https:\/\/www.diarioimagen.net\/wp-content\/uploads\/2018\/06\/arco-3399.jpg 480w\" sizes=\"auto, (max-width: 460px) 100vw, 460px\" \/><\/a><\/p>\n<p>&nbsp;<\/p>\n<p>El presidente de la Sociedad de Cirujanos Tor\u00e1cicos de M\u00e9xico, Antonio Aburto Salom\u00f3n, asegur\u00f3 que el Instituto de Seguridad Social del Estado de M\u00e9xico y Municipios (ISSEMyM) se encuentra en la vanguardia a nivel nacional, en lo referente al diagn\u00f3stico y procedimientos quir\u00fargicos en la cavidad tor\u00e1cica, pues cuenta con el equipo m\u00e1s sofisticado del pa\u00eds para ofrecer este tipo de atenci\u00f3n a los pacientes.<\/p>\n<p>Durante el a\u00f1o pasado, el \u00e1rea de Cirug\u00eda Tor\u00e1cica del ISSEMyM realiz\u00f3 un promedio de 360 intervenciones y, en lo que va de 2018, ha practicado 194, de las cuales, en el 95 por ciento aplic\u00f3 t\u00e9cnicas de m\u00ednima invasi\u00f3n y por uniportal, que es la estrategia m\u00e1s avanzada en la actualidadDebido a la efectividad estos procedimientos, la Sociedad Mexicana de Cirujanos Tor\u00e1cicos distingui\u00f3 al ISSEMyM como una instituci\u00f3n innovadora.<\/p>\n<p>Los padecimientos m\u00e1s recurrentes atendidos en esta \u00e1rea son trauma tor\u00e1cico, c\u00e1ncer pulmonar, enfermedades a causa de inhalaci\u00f3n de sustancias t\u00f3xicas, patolog\u00edas infecciosas diversas, tumores de pared tor\u00e1cica, tumores de mediastino, hiperdrosis y padecimientos renales .<\/p>\n<p style=\"text-align: center;\"><strong>Capacitan a personal de la Cemer en materia de equidad de g\u00e9nero y DH<\/strong><\/p>\n<p>\u00a0La Secretar\u00eda de Justicia y Derechos Humanos (SJyDH), a trav\u00e9s de su Unidad de Derechos Humanos, imparti\u00f3 un curso a servidores p\u00fablicos de la Comisi\u00f3n Estatal de Mejora Regulatoria del Estado de M\u00e9xico (Cemer).<\/p>\n<p>En el curso en materia de Equidad de G\u00e9nero y Derechos Humanos, especialistas explicaron que la violencia contra las mujeres no ocurre \u00fanicamente en el \u00e1mbito dom\u00e9stico, sino que se reproduce en el \u00e1mbito laboral e institucional, as\u00ed como en la comunidad.<\/p>\n<p>En el C\u00f3digo Penal del Estado de M\u00e9xico se reconoce como violencia institucional aquella que ejercen las y los funcionarios que dilatan, obstaculizan o niegan la debida atenci\u00f3n a las mujeres o impidan el goce y ejercicio de sus derechos humanos.<\/p>\n<p>Asimismo, se establece que ejerce violencia laboral quien obstaculiza o condiciona el acceso de las mujeres a un empleo, o a quien exige requisitos referidos a su sexo, edad, apariencia f\u00edsica, estado civil o condici\u00f3n de madre.<\/p>\n<p><em><a href=\"mailto:montanezaguilar@gmail.com\" target=\"_blank\" rel=\"noopener\">montanezaguilar@gmail.com<\/a><\/em><\/p>\n","protected":false},"excerpt":{"rendered":"<p><span style=\"color: #005497;\">Jos\u00e9 Luis Monta\u00f1ez Aguilar<\/span><br \/>\n<br \/>\nEl presidente de la Sociedad de Cirujanos Tor\u00e1cicos de M\u00e9xico, Antonio Aburto Salom\u00f3n, asegur\u00f3 que el Instituto de Seguridad Social del Estado de M\u00e9xico y Municipios (ISSEMyM) se encuentra<\/p>\n","protected":false},"author":3,"featured_media":383054,"comment_status":"open","ping_status":"open","sticky":false,"template":"","format":"standard","meta":{"_monsterinsights_skip_tracking":false,"_monsterinsights_sitenote_active":false,"_monsterinsights_sitenote_note":"","_monsterinsights_sitenote_category":0,"footnotes":""},"categories":[5],"tags":[13284,43704,43674],"class_list":["post-382957","post","type-post","status-publish","format-standard","has-post-thumbnail","hentry","category-estado-de-mexico","tag-arco-norte","tag-jose-luis-montanez-aguilar","tag-opinion"],"_links":{"self":[{"href":"https:\/\/www.diarioimagen.net\/index.php?rest_route=\/wp\/v2\/posts\/382957","targetHints":{"allow":["GET"]}}],"collection":[{"href":"https:\/\/www.diarioimagen.net\/index.php?rest_route=\/wp\/v2\/posts"}],"about":[{"href":"https:\/\/www.diarioimagen.net\/index.php?rest_route=\/wp\/v2\/types\/post"}],"author":[{"embeddable":true,"href":"https:\/\/www.diarioimagen.net\/index.php?rest_route=\/wp\/v2\/users\/3"}],"replies":[{"embeddable":true,"href":"https:\/\/www.diarioimagen.net\/index.php?rest_route=%2Fwp%2Fv2%2Fcomments&post=382957"}],"version-history":[{"count":0,"href":"https:\/\/www.diarioimagen.net\/index.php?rest_route=\/wp\/v2\/posts\/382957\/revisions"}],"wp:featuredmedia":[{"embeddable":true,"href":"https:\/\/www.diarioimagen.net\/index.php?rest_route=\/wp\/v2\/media\/383054"}],"wp:attachment":[{"href":"https:\/\/www.diarioimagen.net\/index.php?rest_route=%2Fwp%2Fv2%2Fmedia&parent=382957"}],"wp:term":[{"taxonomy":"category","embeddable":true,"href":"https:\/\/www.diarioimagen.net\/index.php?rest_route=%2Fwp%2Fv2%2Fcategories&post=382957"},{"taxonomy":"post_tag","embeddable":true,"href":"https:\/\/www.diarioimagen.net\/index.php?rest_route=%2Fwp%2Fv2%2Ftags&post=382957"}],"curies":[{"name":"wp","href":"https:\/\/api.w.org\/{rel}","templated":true}]}}