{"id":382959,"date":"2018-06-28T00:10:11","date_gmt":"2018-06-28T05:10:11","guid":{"rendered":"http:\/\/www.diarioimagen.net\/?p=382959"},"modified":"2018-06-29T00:05:26","modified_gmt":"2018-06-29T05:05:26","slug":"una-mediocridad-celebrar-el-conformismo","status":"publish","type":"post","link":"https:\/\/www.diarioimagen.net\/?p=382959","title":{"rendered":"Una mediocridad celebrar el conformismo"},"content":{"rendered":"<h2>Otra perspectiva<\/h2>\n<h5>Aar\u00f3n \u00c1valos<\/h5>\n<p>&nbsp;<\/p>\n<ul>\n<li><em><strong>Muchos aficionados fueron a la embajada de Corea para celebrar que dependimos de ese equipo para clasificar; esto ya es el colmo<\/strong><\/em><\/li>\n<li><em><strong>El lunes ser\u00e1 el partido de M\u00e9xico contra Brasil, por lo que tendremos una preocupaci\u00f3n menos el domingo<\/strong><\/em><\/li>\n<\/ul>\n<p>&nbsp;<\/p>\n<p><a href=\"http:\/\/www.diarioimagen.net\/?attachment_id=383072\" rel=\"attachment wp-att-383072\"><img loading=\"lazy\" decoding=\"async\" class=\"aligncenter size-large wp-image-383072\" src=\"http:\/\/www.diarioimagen.net\/wp-content\/uploads\/2018\/06\/Columna-3399-460x259.jpg\" alt=\"\" width=\"460\" height=\"259\" srcset=\"https:\/\/www.diarioimagen.net\/wp-content\/uploads\/2018\/06\/Columna-3399-460x259.jpg 460w, https:\/\/www.diarioimagen.net\/wp-content\/uploads\/2018\/06\/Columna-3399-240x135.jpg 240w, https:\/\/www.diarioimagen.net\/wp-content\/uploads\/2018\/06\/Columna-3399-235x132.jpg 235w, https:\/\/www.diarioimagen.net\/wp-content\/uploads\/2018\/06\/Columna-3399-202x114.jpg 202w, https:\/\/www.diarioimagen.net\/wp-content\/uploads\/2018\/06\/Columna-3399-350x196.jpg 350w, https:\/\/www.diarioimagen.net\/wp-content\/uploads\/2018\/06\/Columna-3399-220x123.jpg 220w, https:\/\/www.diarioimagen.net\/wp-content\/uploads\/2018\/06\/Columna-3399-237x132.jpg 237w, https:\/\/www.diarioimagen.net\/wp-content\/uploads\/2018\/06\/Columna-3399.jpg 480w\" sizes=\"auto, (max-width: 460px) 100vw, 460px\" \/><\/a><\/p>\n<p>&nbsp;<\/p>\n<p>Querid\u00edsimos lectores, sigo sorprendido por lo que pas\u00f3 ayer. La selecci\u00f3n estuvo a nada de quedar fuera del Mundial, \u00a1qu\u00e9 barbaridad! Vamos a analizar lo acontecido en el partido, \u00bfles parece?<\/p>\n<p>Es imposible negar que si avanzaron fue gracias a las dos victorias previas al juego contra Suecia, me queda claro. Pero ya que pas\u00f3 la euforia por avanzar a octavos, podemos todos pensar con mayor claridad y concluir que no era para festejar por la forma en que se jug\u00f3, \u00a1ni mucho menos por depender de Corea! Les juro que entiendo a la afici\u00f3n, a m\u00ed tambi\u00e9n me dio gusto que la selecci\u00f3n pasara, porque era lo justo, luego de que el pase no estaba asegurado teniendo seis puntos, pero, como les dije en la primera columna, es conformismo y les dir\u00e9 por qu\u00e9.<\/p>\n<p>Primero, van todos al \u00c1ngel a festejar que ganaron el primer partido, claro el pretexto era porque vencieron nada m\u00e1s y nada menos que a Alemania, pero a fin de cuentas, fueron a festejar al \u00c1ngel por ganar el primer partido. Luego, ayer muchos aficionados fueron a la embajada de Corea para celebrar que dependimos de Corea para clasificar, esto ya es el colmo.<\/p>\n<p>Insisto, en que entiendo a la afici\u00f3n, y que el pase es justo, pero Suecia nos pas\u00f3 por encima, y qu\u00e9 manera de perder, porque ganaron con penal y autogol incluidos. Y lo peor, fue que los que fueron al estadio de repente se olvidaron del partido QUE FUERON A VER, por lo que suced\u00eda entre Alemania y Corea. A ver, quiero hacer \u00e9nfasis en lo que les estoy explicando, porque si no me van a odiar y ya no van a leer mi columna y no me conviene. El problema con la selecci\u00f3n fue c\u00f3mo jugaron y que si pasaron fue porque dependieron de otros, eso no puede pasar. Aunque afortunadamente la derrota lleg\u00f3 en la fase de grupos y a tiempo para corregir errores.<\/p>\n<p>El problema que veo con la afici\u00f3n, es festejar por ganar el primer partido, que no define nada y que insisto, \u00a1es el primer partido! Luego, los que fueron al estadio mandaron muy lejos el partido para ver lo que ocurr\u00eda con los dem\u00e1s equipos. Y por si fuera poco, festejan el triunfo de otra selecci\u00f3n y hasta visitan la embajada. No digo que no se deba celebrar y estar felices porque M\u00e9xico va a jugar los octavos de final, simplemente creo que las razones del festejo son las err\u00f3neas, y eso nos lleva al conformismo.<\/p>\n<p>En fin, no queda m\u00e1s que desear suerte a nuestra selecci\u00f3n y esperar que todo salga bien contra Brasil. Afortunadamente, hay una buena noticia, este partido ser\u00e1 el lunes, por lo que tendremos una preocupaci\u00f3n menos el domingo. P\u00e1senla bien, nos leemos ma\u00f1ana.<\/p>\n<blockquote><p>Recuerden, pueden seguirme en twitter <em><a href=\"https:\/\/twitter.com\/a_avalos9\" target=\"_blank\" rel=\"noopener\">@A_Avalos9<\/a><\/em>, para comentarios en vivo al momento de cada partido, y mi correo: <a href=\"mailto:chicharitoesgay@gmail.com\" target=\"_blank\" rel=\"noopener\"><em>chicharitoesgay@gmail.com<\/em><\/a>, para dudas, quejas, aclaraciones, sugerencias, contrataciones, etc. Hasta la pr\u00f3xima.<\/p><\/blockquote>\n","protected":false},"excerpt":{"rendered":"<p><span style=\"color: #005497;\">Aar\u00f3n \u00c1valos<\/span><br \/>\n<br \/>\nQuerid\u00edsimos lectores, sigo sorprendido por lo que pas\u00f3 ayer. La selecci\u00f3n estuvo a nada de quedar fuera del Mundial, \u00a1qu\u00e9 barbaridad! Vamos a analizar lo acontecido en el partido, \u00bfles parece?<\/p>\n","protected":false},"author":3,"featured_media":383072,"comment_status":"open","ping_status":"open","sticky":false,"template":"","format":"standard","meta":{"_monsterinsights_skip_tracking":false,"_monsterinsights_sitenote_active":false,"_monsterinsights_sitenote_note":"","_monsterinsights_sitenote_category":0,"footnotes":""},"categories":[75134],"tags":[75085,43674,75084],"class_list":["post-382959","post","type-post","status-publish","format-standard","has-post-thumbnail","hentry","category-opinion-deportes","tag-aaron-avalos","tag-opinion","tag-otra-perspectiva"],"_links":{"self":[{"href":"https:\/\/www.diarioimagen.net\/index.php?rest_route=\/wp\/v2\/posts\/382959","targetHints":{"allow":["GET"]}}],"collection":[{"href":"https:\/\/www.diarioimagen.net\/index.php?rest_route=\/wp\/v2\/posts"}],"about":[{"href":"https:\/\/www.diarioimagen.net\/index.php?rest_route=\/wp\/v2\/types\/post"}],"author":[{"embeddable":true,"href":"https:\/\/www.diarioimagen.net\/index.php?rest_route=\/wp\/v2\/users\/3"}],"replies":[{"embeddable":true,"href":"https:\/\/www.diarioimagen.net\/index.php?rest_route=%2Fwp%2Fv2%2Fcomments&post=382959"}],"version-history":[{"count":0,"href":"https:\/\/www.diarioimagen.net\/index.php?rest_route=\/wp\/v2\/posts\/382959\/revisions"}],"wp:featuredmedia":[{"embeddable":true,"href":"https:\/\/www.diarioimagen.net\/index.php?rest_route=\/wp\/v2\/media\/383072"}],"wp:attachment":[{"href":"https:\/\/www.diarioimagen.net\/index.php?rest_route=%2Fwp%2Fv2%2Fmedia&parent=382959"}],"wp:term":[{"taxonomy":"category","embeddable":true,"href":"https:\/\/www.diarioimagen.net\/index.php?rest_route=%2Fwp%2Fv2%2Fcategories&post=382959"},{"taxonomy":"post_tag","embeddable":true,"href":"https:\/\/www.diarioimagen.net\/index.php?rest_route=%2Fwp%2Fv2%2Ftags&post=382959"}],"curies":[{"name":"wp","href":"https:\/\/api.w.org\/{rel}","templated":true}]}}