{"id":383150,"date":"2018-06-29T00:06:11","date_gmt":"2018-06-29T05:06:11","guid":{"rendered":"http:\/\/www.diarioimagen.net\/?p=383150"},"modified":"2018-07-01T23:47:08","modified_gmt":"2018-07-02T04:47:08","slug":"h-consejo-universitario-aprobo-la-reforma-a-ley-de-la-uaem","status":"publish","type":"post","link":"https:\/\/www.diarioimagen.net\/?p=383150","title":{"rendered":"H. Consejo Universitario aprob\u00f3 la reforma a Ley de la UAEM"},"content":{"rendered":"<ul>\n<li><em><strong>Proceso democr\u00e1tico que se prolong\u00f3 por m\u00e1s 2 meses<\/strong><\/em><\/li>\n<li><em><strong>Iniciativa ser\u00e1 entregada al gobernador Del Mazo para su revisi\u00f3n<\/strong><\/em><\/li>\n<\/ul>\n<p>&nbsp;<\/p>\n<div id=\"attachment_383252\" style=\"width: 470px\" class=\"wp-caption aligncenter\"><a href=\"http:\/\/www.diarioimagen.net\/wp-content\/uploads\/2018\/06\/UAEM-3400.jpg\"><img loading=\"lazy\" decoding=\"async\" aria-describedby=\"caption-attachment-383252\" class=\"size-large wp-image-383252\" src=\"http:\/\/www.diarioimagen.net\/wp-content\/uploads\/2018\/06\/UAEM-3400-460x259.jpg\" alt=\"\" width=\"460\" height=\"259\" srcset=\"https:\/\/www.diarioimagen.net\/wp-content\/uploads\/2018\/06\/UAEM-3400-460x259.jpg 460w, https:\/\/www.diarioimagen.net\/wp-content\/uploads\/2018\/06\/UAEM-3400-240x135.jpg 240w, https:\/\/www.diarioimagen.net\/wp-content\/uploads\/2018\/06\/UAEM-3400-235x132.jpg 235w, https:\/\/www.diarioimagen.net\/wp-content\/uploads\/2018\/06\/UAEM-3400-202x114.jpg 202w, https:\/\/www.diarioimagen.net\/wp-content\/uploads\/2018\/06\/UAEM-3400-350x196.jpg 350w, https:\/\/www.diarioimagen.net\/wp-content\/uploads\/2018\/06\/UAEM-3400-220x123.jpg 220w, https:\/\/www.diarioimagen.net\/wp-content\/uploads\/2018\/06\/UAEM-3400-237x132.jpg 237w, https:\/\/www.diarioimagen.net\/wp-content\/uploads\/2018\/06\/UAEM-3400.jpg 480w\" sizes=\"auto, (max-width: 460px) 100vw, 460px\" \/><\/a><p id=\"caption-attachment-383252\" class=\"wp-caption-text\">El rector, Alfredo Barrera Baca, asever\u00f3 que la reforma constituye una necesidad estrat\u00e9gica para la actualizaci\u00f3n de esta casa de estudios, que \u201ces y seguir\u00e1 siendo p\u00fablica, laica, cient\u00edfica y humanista\u201d.<\/p><\/div>\n<p>&nbsp;<\/p>\n<p><strong>Toluca, Estado de M\u00e9xico<\/strong>.\u2013 Por unanimidad, el pleno del H. Consejo Universitario aprob\u00f3 la reforma a la Ley de la Universidad Aut\u00f3noma del Estado de M\u00e9xico, que para su revisi\u00f3n, ser\u00e1 entregada al jefe del ejecutivo estatal, Alfredo Del Mazo Maza, y presentada como iniciativa de decreto, para su aprobaci\u00f3n por parte de la Legislatura local.<\/p>\n<p>Al encabezar la sesi\u00f3n extraordinaria del m\u00e1ximo \u00f3rgano de gobierno de la instituci\u00f3n, el rector Alfredo Barrera Baca asever\u00f3 que la reforma constituye una necesidad estrat\u00e9gica para la actualizaci\u00f3n de esta casa de estudios, que \u201ces y seguir\u00e1 siendo p\u00fablica, laica, cient\u00edfica y humanista\u201d.<\/p>\n<p>Garantiza, dijo, una gobernanza del siglo XXI para una universidad vigente. Es la oportunidad para superar inercias y prejuicios, para avanzar hacia una instituci\u00f3n m\u00e1s \u00e9tica y eficiente, vanguardista y fuertemente vinculada al porvenir de la patria.<\/p>\n<p>Ante representantes de todos los espacios universitarios de la instituci\u00f3n, refiri\u00f3 que la reforma a su normatividad, permitir\u00e1 a la Aut\u00f3noma mexiquense fortalecer su vocaci\u00f3n social, consolidad la calidad y cobertura de su oferta educativa, acrecentar la originalidad y trascendencia de su labor de investigaci\u00f3n, intensificar tareas de difusi\u00f3n para una cultura universal, mejorar la eficacia administrativa y actualizar su marco normativo.<\/p>\n<p>En este contexto, la abogada general de la instituci\u00f3n, Luz Mar\u00eda Zarza Delgado, present\u00f3 el documento final de la reforma a la Ley Universitaria, que incorpora las aportaciones realizadas por la comunidad universitaria mediante un amplio proceso democr\u00e1tico que se prolong\u00f3 por m\u00e1s dos meses.<\/p>\n<p>Destaca la incorporaci\u00f3n a los fines de la instituci\u00f3n de la promoci\u00f3n de la cultura f\u00edsica y el deporte, as\u00ed como la innovaci\u00f3n y el desarrollo tecnol\u00f3gico, la posibilidad de crear mecanismos que apoyen la generaci\u00f3n de recursos adicionales, otorgar t\u00edtulos de manera conjunta con instituciones nacionales y del extranjero, adem\u00e1s de aspectos relacionados con la equidad de g\u00e9nero, la sustentabilidad y los derechos humanos.<\/p>\n<p>De igual manera, incluye y fomenta la internacionalidad del quehacer universitario, promueve acciones tendientes a prevenir, detectar y sancionar hechos de corrupci\u00f3n, incorpora la representatividad de los centros universitarios e institutos de investigaci\u00f3n en el Consejo Universitario.<\/p>\n<p>Tambi\u00e9n se determin\u00f3 en cuatro a\u00f1os la duraci\u00f3n del cargo de los titulares de la rector\u00eda, las direcciones de los planteles de la escuela preparatoria, organismos universitarios, institutos y centros de investigaci\u00f3n, con posibilidad de ratificarse por un periodo m\u00e1s.<\/p>\n<p>La consejera alumna de la Facultad de Antropolog\u00eda, Carla Iv\u00f3n Camacho Bola\u00f1os, y la directora de la Facultad de Derecho, Inocenta Pe\u00f1a Ortiz, integrantes de la Comisi\u00f3n de Legislaci\u00f3n Universitaria y la Comisi\u00f3n Especial del Programa Legislativo del H. Consejo Universitario, coincidieron en que el trabajo realizado para la integraci\u00f3n de la reforma fue exhaustivo y meticuloso, con la finalidad de que la ley universitaria armonizara con el contexto nacional e internacional.<\/p>\n<p>Claudia Camacho Castillo, alumna de la Facultad de Arquitectura y Dise\u00f1o, enfatiz\u00f3 que cada observaci\u00f3n y petici\u00f3n realizada por la comunidad, a trav\u00e9s de la consulta interactiva, correos institucionales y exposiciones en espacios universitarios, fueron tomadas en cuenta para la integraci\u00f3n del documento final.<\/p>\n<p>Alfredo Josu\u00e9 Galeana Salguero, de la Facultad de Humanidades, subray\u00f3 la consulta sobre la reforma y su ampliaci\u00f3n como un acto democr\u00e1tico sin precedentes en esta casa de estudios. Alejandro Mendoza G\u00f3mez, consejero alumno del Plantel \u201cCuauht\u00e9moc\u201d, sostuvo que la conformaci\u00f3n del documento final implic\u00f3 un proceso responsable, en beneficio de toda la comunidad de esta casa de estudios.<\/p>\n<p>En tanto, el director de la Faculta de Medicina Veterinaria y Zootecnia, Roberto Montes de Oca Jim\u00e9nez, manifest\u00f3 que adem\u00e1s de brindar certidumbre jur\u00eddica a la UAEM, la reforma mostr\u00f3 la madurez de los universitarios y su capacidad para afrontar los cambios que ocurren en la actualidad.<\/p>\n","protected":false},"excerpt":{"rendered":"<p>Por unanimidad, el pleno del H. Consejo Universitario aprob\u00f3 la reforma a la Ley de la Universidad Aut\u00f3noma del Estado de M\u00e9xico, que para su revisi\u00f3n, ser\u00e1 entregada al jefe del ejecutivo estatal, Alfredo Del Mazo Maza, y presentada como iniciativa de decreto, para su aprobaci\u00f3n por parte de la Legislatura local.<\/p>\n","protected":false},"author":3,"featured_media":383252,"comment_status":"open","ping_status":"open","sticky":false,"template":"","format":"standard","meta":{"_monsterinsights_skip_tracking":false,"_monsterinsights_sitenote_active":false,"_monsterinsights_sitenote_note":"","_monsterinsights_sitenote_category":0,"footnotes":""},"categories":[5],"tags":[43675,1246,452,1491],"class_list":["post-383150","post","type-post","status-publish","format-standard","has-post-thumbnail","hentry","category-estado-de-mexico","tag-estado-de-mexico","tag-reforma","tag-toluca","tag-uaem"],"_links":{"self":[{"href":"https:\/\/www.diarioimagen.net\/index.php?rest_route=\/wp\/v2\/posts\/383150","targetHints":{"allow":["GET"]}}],"collection":[{"href":"https:\/\/www.diarioimagen.net\/index.php?rest_route=\/wp\/v2\/posts"}],"about":[{"href":"https:\/\/www.diarioimagen.net\/index.php?rest_route=\/wp\/v2\/types\/post"}],"author":[{"embeddable":true,"href":"https:\/\/www.diarioimagen.net\/index.php?rest_route=\/wp\/v2\/users\/3"}],"replies":[{"embeddable":true,"href":"https:\/\/www.diarioimagen.net\/index.php?rest_route=%2Fwp%2Fv2%2Fcomments&post=383150"}],"version-history":[{"count":0,"href":"https:\/\/www.diarioimagen.net\/index.php?rest_route=\/wp\/v2\/posts\/383150\/revisions"}],"wp:featuredmedia":[{"embeddable":true,"href":"https:\/\/www.diarioimagen.net\/index.php?rest_route=\/wp\/v2\/media\/383252"}],"wp:attachment":[{"href":"https:\/\/www.diarioimagen.net\/index.php?rest_route=%2Fwp%2Fv2%2Fmedia&parent=383150"}],"wp:term":[{"taxonomy":"category","embeddable":true,"href":"https:\/\/www.diarioimagen.net\/index.php?rest_route=%2Fwp%2Fv2%2Fcategories&post=383150"},{"taxonomy":"post_tag","embeddable":true,"href":"https:\/\/www.diarioimagen.net\/index.php?rest_route=%2Fwp%2Fv2%2Ftags&post=383150"}],"curies":[{"name":"wp","href":"https:\/\/api.w.org\/{rel}","templated":true}]}}