{"id":383384,"date":"2018-07-02T00:01:18","date_gmt":"2018-07-02T05:01:18","guid":{"rendered":"http:\/\/www.diarioimagen.net\/?p=383384"},"modified":"2018-07-02T03:04:23","modified_gmt":"2018-07-02T08:04:23","slug":"turkish-airlines-planea-abrir-una-nueva-ruta-en-2019-que-conecte-de-forma-directa-la-ciudad-de-estambul-con-la-cdmx","status":"publish","type":"post","link":"https:\/\/www.diarioimagen.net\/?p=383384","title":{"rendered":"<em>Turkish Airlines<\/em> planea abrir una nueva ruta en 2019, que conecte de forma directa la ciudad de Estambul con la CDMX"},"content":{"rendered":"<h2>De cinco estrellas<\/h2>\n<h5>Victoria Gonz\u00e1lez Prado<\/h5>\n<p>&nbsp;<\/p>\n<ul>\n<li><em><strong>Para el verano, piensa en Club Med, tiene gran variedad de actividades que los chiquitines pueden disfrutar<\/strong><\/em><\/li>\n<li><em><strong>La Feria Nacional de Durango ser\u00e1 presidida por la reina, Erika Fernanda Garc\u00eda Tebar, y se llevar\u00e1 a cabo del 13 de julio al 5 de agosto<\/strong><\/em><\/li>\n<li><em><strong>La cadena hotelera Riu, con m\u00e1s cuartos en M\u00e9xico, ya cuenta con miembros de la cuarta generaci\u00f3n en la operaci\u00f3n de los <\/strong><\/em><strong>resorts<\/strong><\/li>\n<\/ul>\n<p><em>\u00a0<\/em><\/p>\n<div id=\"attachment_383490\" style=\"width: 470px\" class=\"wp-caption aligncenter\"><a href=\"http:\/\/www.diarioimagen.net\/?attachment_id=383490\" rel=\"attachment wp-att-383490\"><img loading=\"lazy\" decoding=\"async\" aria-describedby=\"caption-attachment-383490\" class=\"size-large wp-image-383490\" src=\"http:\/\/www.diarioimagen.net\/wp-content\/uploads\/2018\/07\/turismo-3401-460x259.jpg\" alt=\"\" width=\"460\" height=\"259\" srcset=\"https:\/\/www.diarioimagen.net\/wp-content\/uploads\/2018\/07\/turismo-3401-460x259.jpg 460w, https:\/\/www.diarioimagen.net\/wp-content\/uploads\/2018\/07\/turismo-3401-240x135.jpg 240w, https:\/\/www.diarioimagen.net\/wp-content\/uploads\/2018\/07\/turismo-3401-235x132.jpg 235w, https:\/\/www.diarioimagen.net\/wp-content\/uploads\/2018\/07\/turismo-3401-202x114.jpg 202w, https:\/\/www.diarioimagen.net\/wp-content\/uploads\/2018\/07\/turismo-3401-350x196.jpg 350w, https:\/\/www.diarioimagen.net\/wp-content\/uploads\/2018\/07\/turismo-3401-220x123.jpg 220w, https:\/\/www.diarioimagen.net\/wp-content\/uploads\/2018\/07\/turismo-3401-237x132.jpg 237w, https:\/\/www.diarioimagen.net\/wp-content\/uploads\/2018\/07\/turismo-3401.jpg 480w\" sizes=\"auto, (max-width: 460px) 100vw, 460px\" \/><\/a><p id=\"caption-attachment-383490\" class=\"wp-caption-text\">Pronto volar\u00e1 directo de Estambul a la Ciudad de M\u00e9xico.<\/p><\/div>\n<p>&nbsp;<\/p>\n<p><em>Turkish Airlines<\/em> est\u00e1 planeando abrir una nueva ruta para el pr\u00f3ximo 2019, que conecte de forma directa la ciudad de Estambul con la Ciudad de M\u00e9xico.<\/p>\n<p>Diversos medios han destacado que de confirmarse la nueva ruta, despu\u00e9s de la obtenci\u00f3n de los permisos correspondientes, se constituir\u00e1 un hito ya que ser\u00eda la primera vez que la aerol\u00ednea aterrice en M\u00e9xico con un vuelo sin escalas desde Turqu\u00eda.<\/p>\n<p>Actualmente, la aerol\u00ednea turca cuenta con una flota de 326 aeronaves comerciales para traslado de pasajeros y carga, con los cuales conecta a 253 destinos.<\/p>\n<p>\u2730\u2730\u2730\u2730\u2730 Para el verano existen una gran variedad de actividades deportivas que los chiquitines pueden disfrutar durante sus vacaciones. Desde tomar clases colectivas de tiro con arco, tenis, golf, vela, esqu\u00ed acu\u00e1tico, <em>wakeboard,<\/em> <em>windsurf, kayak, snorkelling,<\/em> voleibol de playa y por qu\u00e9 no, hacer malabares y acrobacias en un trampol\u00edn o desde un trapecio volador.<\/p>\n<p>Todas estas actividades y m\u00e1s, contempla la propuesta <em>All Inclusive by Club Med<\/em>, con un paquete de vacaciones integral que cumpla las expectativas de todas las familias y una gama de lugares incre\u00edbles para disfrutar.<\/p>\n<p>Bajo este esquema, cuenta con la mejor y m\u00e1s completa experiencia de viaje, eliminando el estr\u00e9s que provoca su organizaci\u00f3n y brindando a las familias la seguridad de contar con servicios profesionales e instalaciones de cuidado infantil que los ayudar\u00e1n a lograr un balance de satisfacci\u00f3n, tanto los pap\u00e1s como para sus peque\u00f1os,<\/p>\n<p>En este punto, una de las fortalezas del club son sus clubes infantiles los cuales reciben a ni\u00f1os de todas las edades -aunque considerando rangos espec\u00edficos-, para garantizar su diversi\u00f3n acorde a su desarrollo, y por si fuera poco, los menores de cuatro a\u00f1os se hospedan gratis.<\/p>\n<p><em>Baby Welcome Kit<\/em> &#8211; Simplifica la vida de las mam\u00e1s con beb\u00e9s de 0 a 23 meses, pues proporciona todo lo necesario en la habitaci\u00f3n para su confort y bienestar sin tener que cargar desde casa: biberones, cuna, ba\u00f1era, calienta-biber\u00f3n, carriola, alimentaci\u00f3n adaptada (papillas) y un espacio <em>Baby-Corner<\/em> con utensilios necesarios para la preparaci\u00f3n de comidas, adem\u00e1s de atenci\u00f3n personalizada.<\/p>\n<p>Para los peque\u00f1os de dos a tres a\u00f1os, <em>Petit Club<\/em> brinda espacios amplios y l\u00fadicos donde los infantes se divertir\u00e1n con un sinf\u00edn de actividades y nuevas experiencias: emociones deportivas, paseos, talleres de artes pl\u00e1sticas, expresi\u00f3n musical, disfraces, maquillaje, marionetas, juegos al aire libre, siesta, almuerzo y merienda.<\/p>\n<p>Mini Club, para ni\u00f1os de cuatro a 10 a\u00f1os, las actividades se organizan en torno a cuatro temas: deportes, creatividad, expresi\u00f3n y juegos; y para los m\u00e1s grandes \u2013de 11 a 17 a\u00f1os, <em>Passworld <\/em>es un lugar para la expresi\u00f3n libre con talleres de danza, m\u00fasica, cine y creaci\u00f3n, entre otros.<\/p>\n<p>Es importante resaltar que todas las actividades infantiles est\u00e1n a cargo del equipo de <em>G.O.\u00b4s,<\/em> no s\u00f3lo para brindarles momentos inolvidables, sino tambi\u00e9n para supervisar cada una de ellas y brindar seguridad a los ni\u00f1os en todo momento.<\/p>\n<p>Con m\u00e1s de 70 resorts alrededor del mundo, en destinos de playa, monta\u00f1a y nieve, <em>Club Med<\/em> es pionero y especialista en la f\u00f3rmula <em>All Inclusive<\/em> ofreciendo la mejor y m\u00e1s completa experiencia de viaje, incluso antes de salir de casa, desde la reservaci\u00f3n de boletos de avi\u00f3n, traslados aeropuerto-hotel-aeropuerto, excelente gastronom\u00eda, bebidas ilimitadas, m\u00e1s de 60 actividades deportivas, recreativas y clubes de ni\u00f1os para satisfacer todos los gustos, necesidades y\u00a0 expectativas.<\/p>\n<p><strong>\u00a0<\/strong>\u2730\u2730\u2730\u2730\u2730 La Feria Nacional de Durango 2018 (Fenadu), contar\u00e1 con un gran elenco que ser\u00e1 presidido por la reina de la fiesta <strong>Erika Fernanda Garc\u00eda Tebar<\/strong>,\u00a0 encabezar\u00e1 a casi todos los eventos a realizarse.<\/p>\n<p>Durango se ubica en el norte de M\u00e9xico, en el Valle del Guadiana, es la ciudad m\u00e1s poblada de la entidad. As\u00ed del 13 de julio al 5 de agosto, y con el fin de promover el turismo a nivel nacional en la feria habr\u00e1 conciertos, palenques y atracciones para toda la familia adem\u00e1s de una deliciosa oferta gastron\u00f3mica.<\/p>\n<p>El a\u00f1o pasado, se recibieron un mill\u00f3n de personas en las instalaciones de la feria y este a\u00f1o esperan un incremento significativo, tanto de visitantes como de personas hospedadas en hoteles y comensales en restaurantes.<\/p>\n<p>En la presentaci\u00f3n de la Feria, se cont\u00f3 con la participaci\u00f3n de <strong>Martha Mendoza Montes<\/strong>, directora general del Fideicomiso P\u00fablico para la Promoci\u00f3n Tur\u00edstica del Estado de Baja California, entidad invitada en esta ocasi\u00f3n.<\/p>\n<p>Tambi\u00e9n; <strong>Ives Gabriel Lelevier Ramos<\/strong>, subsecretario de Turismo de la entidad; <strong>Elvira Silerio D\u00edaz<\/strong>, subsecretaria de Promoci\u00f3n Tur\u00edstica de Durango y <strong>Julio Muci\u00f1o Pereda<\/strong>, director de la Fenadu.<\/p>\n<p>\u2730\u2730\u2730\u2730\u2730 <strong>Carmen Riu<\/strong>, CEO de la cadena de Hoteles Riu, celebr\u00f3 que la empresa familiar en su 65 aniversario ya cuenta con miembros de la cuarta generaci\u00f3n en la operaci\u00f3n de la hotelera extranjera con m\u00e1s cuartos en M\u00e9xico.<\/p>\n<p>\u201cLa empresa vive un gran momento, tiene una cuota de rentabilidad alta. Debemos intervenir en renovar toda la planta hotelera, tenemos un nivel de endeudamiento bajo. Luis y yo somos tercera generaci\u00f3n hay tres miembros de la cuarta generaci\u00f3n trabajando. Es un reconocimiento a una trayectoria familiar. Lo estamos haciendo bien\u201d, dijo al Diario de Mallorca..<\/p>\n<p>Este a\u00f1o Riu sumar\u00e1 dos hoteles en M\u00e9xico, en Los Cabos y Costa Mujeres y seguir\u00e1 estudiando en las principales ciudades de Norteam\u00e9rica, Latinoam\u00e9rica, Europa y Asia, respondiendo a su objetivo de crecer en su l\u00ednea de hoteles urbanos Riu Plaza.<\/p>\n<p>Otro de los objetivos estrat\u00e9gicos de la cadena hotelera es crecer en destinos vacacionales de Asia, y para ello ya se inici\u00f3 la construcci\u00f3n de dos hoteles que abrir\u00e1n en Maldivas este a\u00f1o ubicados en sendos islotes deshabitados y unidos entre si por un puente.<\/p>\n<p>El Riu Atoll contar\u00e1 con todos los servicios a los que est\u00e1n acostumbrados los clientes y Riu Palace Maldivas presentar\u00e1 una propuesta m\u00e1s lujosa y sofisticada. Tambi\u00e9n ya se\u00a0 construye un hotel de la marca en Dubai con 800 habitaciones ubicado en las Islas Deira que abrir\u00e1 en 2019.<\/p>\n<p><em><a href=\"mailto:victoriagprado@gmail.com\" target=\"_blank\" rel=\"noopener\">victoriagprado@gmail.com<\/a><\/em><br \/>\n<em> Twitter: <a href=\"https:\/\/twitter.com\/victoriagprado\" target=\"_blank\" rel=\"noopener\">@victoriagprado<\/a><\/em><\/p>\n","protected":false},"excerpt":{"rendered":"<p><em>Turkish Airlines<\/em> est\u00e1 planeando abrir una nueva ruta para el pr\u00f3ximo 2019, que conecte de forma directa la ciudad de Estambul con la Ciudad de M\u00e9xico.<\/p>\n","protected":false},"author":3,"featured_media":383490,"comment_status":"open","ping_status":"open","sticky":false,"template":"","format":"standard","meta":{"_monsterinsights_skip_tracking":false,"_monsterinsights_sitenote_active":false,"_monsterinsights_sitenote_note":"","_monsterinsights_sitenote_category":0,"footnotes":""},"categories":[11],"tags":[107,43674,43681,106],"class_list":["post-383384","post","type-post","status-publish","format-standard","has-post-thumbnail","hentry","category-turismo","tag-de-cinco-estrellas","tag-opinion","tag-turismo","tag-victoria-gonzalez-prado"],"_links":{"self":[{"href":"https:\/\/www.diarioimagen.net\/index.php?rest_route=\/wp\/v2\/posts\/383384","targetHints":{"allow":["GET"]}}],"collection":[{"href":"https:\/\/www.diarioimagen.net\/index.php?rest_route=\/wp\/v2\/posts"}],"about":[{"href":"https:\/\/www.diarioimagen.net\/index.php?rest_route=\/wp\/v2\/types\/post"}],"author":[{"embeddable":true,"href":"https:\/\/www.diarioimagen.net\/index.php?rest_route=\/wp\/v2\/users\/3"}],"replies":[{"embeddable":true,"href":"https:\/\/www.diarioimagen.net\/index.php?rest_route=%2Fwp%2Fv2%2Fcomments&post=383384"}],"version-history":[{"count":0,"href":"https:\/\/www.diarioimagen.net\/index.php?rest_route=\/wp\/v2\/posts\/383384\/revisions"}],"wp:featuredmedia":[{"embeddable":true,"href":"https:\/\/www.diarioimagen.net\/index.php?rest_route=\/wp\/v2\/media\/383490"}],"wp:attachment":[{"href":"https:\/\/www.diarioimagen.net\/index.php?rest_route=%2Fwp%2Fv2%2Fmedia&parent=383384"}],"wp:term":[{"taxonomy":"category","embeddable":true,"href":"https:\/\/www.diarioimagen.net\/index.php?rest_route=%2Fwp%2Fv2%2Fcategories&post=383384"},{"taxonomy":"post_tag","embeddable":true,"href":"https:\/\/www.diarioimagen.net\/index.php?rest_route=%2Fwp%2Fv2%2Ftags&post=383384"}],"curies":[{"name":"wp","href":"https:\/\/api.w.org\/{rel}","templated":true}]}}