{"id":383518,"date":"2018-07-03T00:09:09","date_gmt":"2018-07-03T05:09:09","guid":{"rendered":"http:\/\/www.diarioimagen.net\/?p=383518"},"modified":"2018-07-03T00:31:02","modified_gmt":"2018-07-03T05:31:02","slug":"sufre-belgica-pero-vence-a-japon-en-la-ultima-jugada","status":"publish","type":"post","link":"https:\/\/www.diarioimagen.net\/?p=383518","title":{"rendered":"Sufre B\u00e9lgica, pero vence a Jap\u00f3n en la \u00faltima jugada"},"content":{"rendered":"<ul>\n<li><strong><em>Se enfrentar\u00e1 a Brasil en cuartos de final<\/em><\/strong><\/li>\n<\/ul>\n<p>&nbsp;<\/p>\n<div id=\"attachment_383519\" style=\"width: 470px\" class=\"wp-caption aligncenter\"><img loading=\"lazy\" decoding=\"async\" aria-describedby=\"caption-attachment-383519\" class=\"wp-image-383519 size-large\" src=\"http:\/\/www.diarioimagen.net\/wp-content\/uploads\/2018\/07\/BELGICAok-460x283.jpg\" alt=\"\" width=\"460\" height=\"283\" srcset=\"https:\/\/www.diarioimagen.net\/wp-content\/uploads\/2018\/07\/BELGICAok-460x283.jpg 460w, https:\/\/www.diarioimagen.net\/wp-content\/uploads\/2018\/07\/BELGICAok-240x147.jpg 240w, https:\/\/www.diarioimagen.net\/wp-content\/uploads\/2018\/07\/BELGICAok.jpg 651w\" sizes=\"auto, (max-width: 460px) 100vw, 460px\" \/><p id=\"caption-attachment-383519\" class=\"wp-caption-text\">La selecci\u00f3n de B\u00e9lgica sufri\u00f3, pero se clasific\u00f3 a los cuartos de final, tras vencer por 3-2 a Jap\u00f3n en el \u00faltimo minuto del tiempo extra.<\/p><\/div>\n<p>&nbsp;<\/p>\n<p><strong>\u00a0<\/strong><\/p>\n<p>B\u00e9lgica sufri\u00f3, pero se clasific\u00f3 a los cuartos de final tras vencer por 3-2 a Jap\u00f3n en la \u00faltima jugada. Los asi\u00e1ticos tuvieron una ventaja de dos goles pero no pudieron sostener el resultado y el conjunto de Roberto Mart\u00ednez logr\u00f3 revertir el marcador para quedarse con el triunfo. El cuadro nip\u00f3n sorprendi\u00f3 a todos al ponerse 2-0 con goles de Genki Haraguchi y Takashi Inui.<\/p>\n<p>Pero el defensor Jan Vertonghen aprovech\u00f3 una serie de errores de la defensa japonesa para marcar un ins\u00f3lito gol de cabeza a los 69\u2019 y volver a poner al cuadro europeo en el partido. Marouane Fellaini igual\u00f3 para B\u00e9lgica a los 74 minutos, poco despu\u00e9s de que el entrenador Roberto Mart\u00ednez lo hiciera ingresar en lugar de Dries Mertens. Y a los 94 minutos, B\u00e9lgica se qued\u00f3 con la victoria con un contraataque letal que comenz\u00f3 en las manos del arquero Thibaut Courtois, pas\u00f3 por Kevin De Bruyne y termin\u00f3 cuando Romelu Lukaku dej\u00f3 pasar el bal\u00f3n entre sus piernas para que Nacer Chadli definiera de cara al arco.<\/p>\n<p>Ahora, B\u00e9lgica se medir\u00e1 con Brasil, que m\u00e1s temprano le gan\u00f3 2-0 a M\u00e9xico.<\/p>\n","protected":false},"excerpt":{"rendered":"<p>B\u00e9lgica sufri\u00f3, pero se clasific\u00f3 a los cuartos de final tras vencer por 3-2 a Jap\u00f3n en la \u00faltima jugada. Los asi\u00e1ticos tuvieron una ventaja de dos goles pero no pudieron sostener el resultado y el conjunto de Roberto Mart\u00ednez logr\u00f3 revertir el marcador para quedarse con el triunfo. El cuadro nip\u00f3n sorprendi\u00f3 a todos al ponerse 2-0 con goles de Genki Haraguchi y Takashi Inui.<\/p>\n","protected":false},"author":5,"featured_media":383519,"comment_status":"open","ping_status":"open","sticky":false,"template":"","format":"standard","meta":{"_monsterinsights_skip_tracking":false,"_monsterinsights_sitenote_active":false,"_monsterinsights_sitenote_note":"","_monsterinsights_sitenote_category":0,"footnotes":""},"categories":[10],"tags":[68558,75477,75479,75478],"class_list":["post-383518","post","type-post","status-publish","format-standard","has-post-thumbnail","hentry","category-deportes","tag-roberto-martinez","tag-sufre-belgica","tag-ultima-jugada","tag-vence-a-japon"],"_links":{"self":[{"href":"https:\/\/www.diarioimagen.net\/index.php?rest_route=\/wp\/v2\/posts\/383518","targetHints":{"allow":["GET"]}}],"collection":[{"href":"https:\/\/www.diarioimagen.net\/index.php?rest_route=\/wp\/v2\/posts"}],"about":[{"href":"https:\/\/www.diarioimagen.net\/index.php?rest_route=\/wp\/v2\/types\/post"}],"author":[{"embeddable":true,"href":"https:\/\/www.diarioimagen.net\/index.php?rest_route=\/wp\/v2\/users\/5"}],"replies":[{"embeddable":true,"href":"https:\/\/www.diarioimagen.net\/index.php?rest_route=%2Fwp%2Fv2%2Fcomments&post=383518"}],"version-history":[{"count":0,"href":"https:\/\/www.diarioimagen.net\/index.php?rest_route=\/wp\/v2\/posts\/383518\/revisions"}],"wp:featuredmedia":[{"embeddable":true,"href":"https:\/\/www.diarioimagen.net\/index.php?rest_route=\/wp\/v2\/media\/383519"}],"wp:attachment":[{"href":"https:\/\/www.diarioimagen.net\/index.php?rest_route=%2Fwp%2Fv2%2Fmedia&parent=383518"}],"wp:term":[{"taxonomy":"category","embeddable":true,"href":"https:\/\/www.diarioimagen.net\/index.php?rest_route=%2Fwp%2Fv2%2Fcategories&post=383518"},{"taxonomy":"post_tag","embeddable":true,"href":"https:\/\/www.diarioimagen.net\/index.php?rest_route=%2Fwp%2Fv2%2Ftags&post=383518"}],"curies":[{"name":"wp","href":"https:\/\/api.w.org\/{rel}","templated":true}]}}