{"id":383588,"date":"2018-07-03T00:10:55","date_gmt":"2018-07-03T05:10:55","guid":{"rendered":"http:\/\/www.diarioimagen.net\/?p=383588"},"modified":"2018-07-03T01:53:50","modified_gmt":"2018-07-03T06:53:50","slug":"morena-perfilada-a-gobernar-11-de-16-alcaldias","status":"publish","type":"post","link":"https:\/\/www.diarioimagen.net\/?p=383588","title":{"rendered":"Morena, perfilada a gobernar 11 de 16 alcald\u00edas"},"content":{"rendered":"<ul>\n<li><strong><em>Resultados preliminares en la CDMX<\/em><\/strong><\/li>\n<\/ul>\n<p>&nbsp;<\/p>\n<div id=\"attachment_383673\" style=\"width: 470px\" class=\"wp-caption aligncenter\"><a href=\"http:\/\/www.diarioimagen.net\/?attachment_id=383673\" rel=\"attachment wp-att-383673\"><img loading=\"lazy\" decoding=\"async\" aria-describedby=\"caption-attachment-383673\" class=\"size-large wp-image-383673\" src=\"http:\/\/www.diarioimagen.net\/wp-content\/uploads\/2018\/07\/votacion-3402-460x259.jpg\" alt=\"\" width=\"460\" height=\"259\" srcset=\"https:\/\/www.diarioimagen.net\/wp-content\/uploads\/2018\/07\/votacion-3402-460x259.jpg 460w, https:\/\/www.diarioimagen.net\/wp-content\/uploads\/2018\/07\/votacion-3402-240x135.jpg 240w, https:\/\/www.diarioimagen.net\/wp-content\/uploads\/2018\/07\/votacion-3402-235x132.jpg 235w, https:\/\/www.diarioimagen.net\/wp-content\/uploads\/2018\/07\/votacion-3402-202x114.jpg 202w, https:\/\/www.diarioimagen.net\/wp-content\/uploads\/2018\/07\/votacion-3402-350x196.jpg 350w, https:\/\/www.diarioimagen.net\/wp-content\/uploads\/2018\/07\/votacion-3402-220x123.jpg 220w, https:\/\/www.diarioimagen.net\/wp-content\/uploads\/2018\/07\/votacion-3402-237x132.jpg 237w, https:\/\/www.diarioimagen.net\/wp-content\/uploads\/2018\/07\/votacion-3402.jpg 480w\" sizes=\"auto, (max-width: 460px) 100vw, 460px\" \/><\/a><p id=\"caption-attachment-383673\" class=\"wp-caption-text\">Gracias al voto capitalino, Morena se lleva 11 alcald\u00edas de la CDMX.<\/p><\/div>\n<p>&nbsp;<\/p>\n<p>Morena se convirti\u00f3 en la primera fuerza pol\u00edtica de la Ciudad de M\u00e9xico al ganar 11 de las 16 alcald\u00edas, de acuerdo con resultados del Programa de Resultados Electorales Preliminares (PREP), capitalino.<\/p>\n<p>As\u00ed, la coalici\u00f3n de Morena-PT-PES, gobernar\u00e1n en Azcapotzalco, Gustavo A. Madero, Iztacalco, Iztapalapa, Magdalena Contreras, \u00c1lvaro Obreg\u00f3n, Tl\u00e1huac, Tlalpan, Xochimilco, Cuauht\u00e9moc y Miguel Hidalgo.<\/p>\n<p>Coyoac\u00e1n y Benito Ju\u00e1rez estar\u00edan en disputa con el Frente, (PAN-PRD-MC), mientras que Venustiano Carranza la gan\u00f3 el Frente. El PRI aventaja en Cuajimalpa y Milpa Alta tambi\u00e9n permanece en disputa con Morena.<\/p>\n<p>En la Magdalena Contreras, el conteo favorece a la candidata Patricia Ortiz Couturier de la coalici\u00f3n Morena, PT y PES; en \u00c1lvaro Obreg\u00f3n, el conteo favorece a la candidata Layda Sansores tambi\u00e9n de Morena, PT y PES. En Tl\u00e1huac, el resultado favorece al candidato Raymundo Mart\u00ednez de la coalici\u00f3n Juntos Haremos Historia. En Tlalpan, el resultado perfila a la candidata Patricia Aceves de Morena.<\/p>\n<p>En Xochimilco, el candidato Jos\u00e9 Carlos Acosta ser\u00eda el ganador, tambi\u00e9n de la coalici\u00f3n Morena, PT y PES. En Miguel Hidalgo adelanta V\u00edctor Hugo Romo por Morena. En Azcapotzalco, el candidato Vidal Llerenas se perfila como ganador, quien pertenece a la coalici\u00f3n Juntos Haremos Historia. En Cuauht\u00e9moc, el candidato N\u00e9stor N\u00fa\u00f1ez de Juntos Haremos Historia, hasta el momento se perla como ganador.<\/p>\n<p>En la Gustavo A. Madero, va a la cabeza con Francisco Chiguil por la coalici\u00f3n de Juntos Haremos Historia. En Iztacalco, el candidato Ra\u00fal Armando Quintero de Juntos Haremos Historia se perfila como ganador. En Iztapalapa, la candidata Clara Brugada de la coalici\u00f3n Juntos Haremos Historia, domina el conteo significativamente.<\/p>\n<p>En las que no gana Morena son: Venustiano Carranza, el candidato Julio C\u00e9sar Moreno de Por la CDMX al Frente aventaja el conteo. En Coyoac\u00e1n, Manuel Negrete de Por la CDMX al Frente se perfila como ganador. En la Benito Ju\u00e1rez, el candidato de la coalici\u00f3n Por la CDMX al Frente, Santiago Taboada, aventaja el conteo r\u00e1pido. En Cuajimalpa lidera el PRI con Adri\u00e1n Rubalcava, en tanto que Milpa Alta se mantiene en vilo.<\/p>\n","protected":false},"excerpt":{"rendered":"<p>Morena se convirti\u00f3 en la primera fuerza pol\u00edtica de la Ciudad de M\u00e9xico al ganar 11 de las 16 alcald\u00edas, de acuerdo con resultados del Programa de Resultados Electorales Preliminares (PREP), capitalino.<\/p>\n","protected":false},"author":3,"featured_media":383673,"comment_status":"open","ping_status":"open","sticky":false,"template":"","format":"standard","meta":{"_monsterinsights_skip_tracking":false,"_monsterinsights_sitenote_active":false,"_monsterinsights_sitenote_note":"","_monsterinsights_sitenote_category":0,"footnotes":""},"categories":[6],"tags":[75520],"class_list":["post-383588","post","type-post","status-publish","format-standard","has-post-thumbnail","hentry","category-cd-de-mexico","tag-perfila"],"_links":{"self":[{"href":"https:\/\/www.diarioimagen.net\/index.php?rest_route=\/wp\/v2\/posts\/383588","targetHints":{"allow":["GET"]}}],"collection":[{"href":"https:\/\/www.diarioimagen.net\/index.php?rest_route=\/wp\/v2\/posts"}],"about":[{"href":"https:\/\/www.diarioimagen.net\/index.php?rest_route=\/wp\/v2\/types\/post"}],"author":[{"embeddable":true,"href":"https:\/\/www.diarioimagen.net\/index.php?rest_route=\/wp\/v2\/users\/3"}],"replies":[{"embeddable":true,"href":"https:\/\/www.diarioimagen.net\/index.php?rest_route=%2Fwp%2Fv2%2Fcomments&post=383588"}],"version-history":[{"count":0,"href":"https:\/\/www.diarioimagen.net\/index.php?rest_route=\/wp\/v2\/posts\/383588\/revisions"}],"wp:featuredmedia":[{"embeddable":true,"href":"https:\/\/www.diarioimagen.net\/index.php?rest_route=\/wp\/v2\/media\/383673"}],"wp:attachment":[{"href":"https:\/\/www.diarioimagen.net\/index.php?rest_route=%2Fwp%2Fv2%2Fmedia&parent=383588"}],"wp:term":[{"taxonomy":"category","embeddable":true,"href":"https:\/\/www.diarioimagen.net\/index.php?rest_route=%2Fwp%2Fv2%2Fcategories&post=383588"},{"taxonomy":"post_tag","embeddable":true,"href":"https:\/\/www.diarioimagen.net\/index.php?rest_route=%2Fwp%2Fv2%2Ftags&post=383588"}],"curies":[{"name":"wp","href":"https:\/\/api.w.org\/{rel}","templated":true}]}}