{"id":383818,"date":"2018-07-04T00:11:34","date_gmt":"2018-07-04T05:11:34","guid":{"rendered":"http:\/\/www.diarioimagen.net\/?p=383818"},"modified":"2018-07-04T03:14:39","modified_gmt":"2018-07-04T08:14:39","slug":"una-transicion-como-nunca-antes","status":"publish","type":"post","link":"https:\/\/www.diarioimagen.net\/?p=383818","title":{"rendered":"Una transici\u00f3n c\u00f3mo nunca antes"},"content":{"rendered":"<h2>Tras la puerta del poder<\/h2>\n<h5>Roberto Vizca\u00edno<\/h5>\n<p>&nbsp;<\/p>\n<div id=\"attachment_383894\" style=\"width: 470px\" class=\"wp-caption aligncenter\"><a href=\"http:\/\/www.diarioimagen.net\/?attachment_id=383894\" rel=\"attachment wp-att-383894\"><img loading=\"lazy\" decoding=\"async\" aria-describedby=\"caption-attachment-383894\" class=\"size-large wp-image-383894\" src=\"http:\/\/www.diarioimagen.net\/wp-content\/uploads\/2018\/07\/sinceramente-LUIS-XAVIER-3403-460x355.jpg\" alt=\"\" width=\"460\" height=\"355\" srcset=\"https:\/\/www.diarioimagen.net\/wp-content\/uploads\/2018\/07\/sinceramente-LUIS-XAVIER-3403-460x355.jpg 460w, https:\/\/www.diarioimagen.net\/wp-content\/uploads\/2018\/07\/sinceramente-LUIS-XAVIER-3403-240x185.jpg 240w, https:\/\/www.diarioimagen.net\/wp-content\/uploads\/2018\/07\/sinceramente-LUIS-XAVIER-3403-768x593.jpg 768w, https:\/\/www.diarioimagen.net\/wp-content\/uploads\/2018\/07\/sinceramente-LUIS-XAVIER-3403.jpg 1200w\" sizes=\"auto, (max-width: 460px) 100vw, 460px\" \/><\/a><p id=\"caption-attachment-383894\" class=\"wp-caption-text\">Sinceramente&#8230; | Luis Xavier<\/p><\/div>\n<p>&nbsp;<\/p>\n<p>En busca de no impactar ni la macro econom\u00eda ni alterar los mercados y los niveles peso-d\u00f3lar, pero sobre todo para mantener en cauce la tranquilidad social del pa\u00eds, el presidente <strong>Enrique Pe\u00f1a Nieto<\/strong> recibi\u00f3 en Palacio Nacional y convers\u00f3 largamente con <strong>Andr\u00e9s Manuel L\u00f3pez Obrador,<\/strong> quien arras\u00f3 en las elecciones del pasado domingo y quien mantiene abiertas muchas dudas y nerviosismos por sus promesas de actuar contra las reformas energ\u00e9tica y educativa, y de cancelar el nuevo Aeropuerto de la Ciudad de M\u00e9xico adem\u00e1s de ir a un cambio a fondo de r\u00e9gimen.<\/p>\n<p>En este esfuerzo de mantener el cauce de las cosas en M\u00e9xico, Pe\u00f1a Nieto y L\u00f3pez Obrador convinieron justamente en incluir al nuevo gobierno en las negociaciones del Tratado de Libre Comercio, y elaborar conjuntamente el pr\u00f3ximo proyecto de presupuesto de Ingresos y Egresos para 2019 que se deber\u00e1 presentar a la C\u00e1mara de Diputados el 12 de septiembre pr\u00f3ximo.<\/p>\n<p>En este mismo sentido, en lo que ya pareciera una especie de cogobierno entre la administraci\u00f3n saliente con la entrante, el presidente <strong>Pe\u00f1a Nieto<\/strong> invit\u00f3 adem\u00e1s a <strong>L\u00f3pez Obrador<\/strong> a participar en la 13 Cumbre de la Alianza del Pac\u00edfico a realizarse en Puerto Vallarta el 24 de este mes de julio.<\/p>\n<p>Este encuentro tiene previsto reunir a los jefes de estado de China, Jap\u00f3n, Corea y el resto de las naciones que forman parte de este bloque.<\/p>\n<p>Ser\u00e1 sin duda la introducci\u00f3n del tabasque\u00f1o en los c\u00edrculos de los l\u00edderes m\u00e1s importantes del mundo.<\/p>\n<p>Durante el segundo d\u00eda luego de la abrumadora victoria electoral de <strong>L\u00f3pez Obrador, <\/strong>este tambi\u00e9n amarr\u00f3 un encuentro con <strong>Mike Pompeo<\/strong>, secretario de Estado de <strong>Trump,<\/strong> quien llegar\u00e1 a M\u00e9xico el viernes 13 de julio para un encuentro con <strong>Pe\u00f1a Nieto y el secretario de Relaciones Exteriores Luis Videgaray.<\/strong><\/p>\n<p>En los hechos el proceso de transici\u00f3n est\u00e1 en marcha. Ayer el recorrido realizado por Palacio Nacional con <strong>Pe\u00f1a Niego<\/strong> como gu\u00eda de turistas, dej\u00f3 sonriente y del mejor humor a <strong>L\u00f3pez Obrador <\/strong>quien al salir del encuentro explic\u00f3 a los medios de los temas abordados.<\/p>\n<p>Sin embargo, las fotos dejaron un claro escenario del buen ambiente que se dio entre ambos. Una foto, desde mi punto de vista, destac\u00f3 sobre todas. Esa donde ambos se saludan y en medio y al fondo se ve la hist\u00f3rica silla presidencial con el \u00e1guila y la serpiente sobre el respaldo de la misma.<\/p>\n<p>Esa donde s\u00f3lo cabe un mexicano, el presidente en turno.<\/p>\n<p>A pesar de la vor\u00e1gine, la transici\u00f3n ser\u00e1 larga, en total cinco meses de hoy al 1 de diciembre.<\/p>\n<p>L\u00f3pez Obrador indic\u00f3 que a lo largo de una hora que dur\u00f3 su encuentro con Pe\u00f1a Nieto, hablaron sobre el TLC, la reforma energ\u00e9tica, el presupuesto y del futuro del nuevo aeropuerto.<\/p>\n<p>El arranque formal de la transici\u00f3n se har\u00e1 oficialmente una vez que el Tribunal Electoral cumpla con el tr\u00e1mite de entregarle oficialmente su reconocimiento como Presidente Electo.<\/p>\n<p><strong>AMLO<\/strong> consider\u00f3 que el encuentro fue \u201ccordial y amistoso\u201d.<\/p>\n<p style=\"text-align: center;\"><strong>La primera batalla postelectoral<\/strong><\/p>\n<p>El Senado ser\u00e1 hoy el escenario del primer encuentro postelectoral de todas las fuerzas pol\u00edticas reconocidas en el pa\u00eds.<\/p>\n<p>El Senado ser\u00e1 hoy, como cada semana, la sede de la sesi\u00f3n de la Comisi\u00f3n Permanente del Congreso que por ahora preside <strong>Ernesto Cordero,<\/strong> quien el s\u00e1bado fue expulsado <strong><em>fastrack<\/em><\/strong> por el dirigente del PAN.<\/p>\n<p>Por supuesto que <strong>Cordero<\/strong> ser\u00e1 entrevistado sobre esta expulsi\u00f3n y sobre la gran batalla que ya ocurre por el control de Acci\u00f3n Nacional.<\/p>\n<p>Por un lado <strong>Ricardo Anaya,<\/strong> luego de haber sido derrotado contundentemente en su aspiraci\u00f3n presidencial, ya cant\u00f3 que pretende regresar a la dirigencia del PAN, para desde ah\u00ed convertirse en la principal oposici\u00f3n frente al gobierno emergente de <strong>Andr\u00e9s Manuel L\u00f3pez Obrador.<\/strong><\/p>\n<p>Pero por el otro, el grupo de los senadores <strong>Cordero, Jorge Luis Lavalle Maury, Roberto Gil Zuarth y Salvador Vega Casillas,<\/strong> y amplio sector del panismo, en el que se encuentran los gobernadores de Aguascalientes, <strong>Mart\u00edn Orozco;<\/strong> Baja California Sur, <strong>Carlos Mendoza Davis<\/strong>; Durango, <strong>Jos\u00e9 Rosas Aispuro;<\/strong> Puebla, <strong>Jos\u00e9 Antonio Gali<\/strong> (quien responde a los intereses de <strong>Rafael Moreno Valle);<\/strong> Quer\u00e9taro, <strong>Francisco Dom\u00ednguez; <\/strong>Quintana Roo, <strong>Carlos Joaqu\u00edn Gonz\u00e1lez <\/strong>y Tamaulipas, <strong>Francisco Javier Garc\u00eda Cabeza de Vaca,<\/strong> ya dijeron que ir\u00e1n por la refundaci\u00f3n del PAN, donde ya no cuentan con la participaci\u00f3n de Anaya.<\/p>\n<p>Estos mandatarios anunciaron el mi\u00e9rcoles pasado que crear\u00edan la \u201cAsamblea de Gobernadores de Acci\u00f3n Nacional\u201d, la GOAN, como un espacio \u201cpara el di\u00e1logo incluyente, an\u00e1lisis, intercambio de ideas y la b\u00fasqueda de acuerdos en beneficio de la poblaci\u00f3n\u201d de las entidades que la conforman.<\/p>\n<p>En este grupo no participan <strong>Miguel \u00c1ngel Yunes Linares<\/strong> de Veracruz; <strong>Francisco \u201cKiko\u201d Vega<\/strong>, de BC norte; <strong>Javier Corral, <\/strong>de Chihuahua; <strong>Miguel M\u00e1rquez<\/strong> de Guanajuato y <strong>Antonio Echevarr\u00eda M\u00e1rquez <\/strong>de Nayarit.<\/p>\n<p>Este nuevo escenario advierte que la batalla por el control del PAN ser\u00e1 a fondo, una batalla en la cual se pretende adem\u00e1s hacer un ajuste de cuentas a Anaya por haber llevado a su partido al desastre electoral en que hoy se encuentra.<\/p>\n<p style=\"text-align: center;\"><strong>Barbosa empa\u00f1a <\/strong><strong>el triunfo de AMLO<\/strong><\/p>\n<p>Derrotado claramente por <strong>Martha Erika Alonso<\/strong>, esposa del ex gobernador <strong>Rafael Moreno Valle,<\/strong> el chaquetero senador con licencia <strong>Miguel Barbosa,<\/strong> ha lanzado a sus seguidores a la violencia mientras \u00e9l reclama una revisi\u00f3n voto por voto de la elecci\u00f3n a gobernador en Puebla.<\/p>\n<p>Con su actitud, Barbosa es el \u00fanico de los aspirantes a gobernador que dentro de esta elecci\u00f3n no ha reconocido los resultados emitidos por la autoridad electoral de su estado.<\/p>\n<p>Aferrado a un triunfo inexistente seg\u00fan los conteos del PREP y de las actas, Barbosa pretende que se revise toda la elecci\u00f3n a gobernador en Puebla rescatando aquel grito de voto por voto, casilla por casilla lanzado por <strong>Andr\u00e9s Manuel L\u00f3pez Obrador<\/strong> en la elecci\u00f3n de 2006 que luego termin\u00f3 con la toma de Paseo de la Reforma y del Z\u00f3calo durante un mes.<\/p>\n<p>Con esta actitud <strong>Barbosa <\/strong>regresa a los mexicanos al escenario de confrontaci\u00f3n y ruptura de 2006 planteado por entonces por <strong>AMLO,<\/strong> que le dej\u00f3 una imagen de intolerante que tard\u00f3 a\u00f1os en subsanar.<\/p>\n<p>Hoy, mientras <strong>L\u00f3pez Obrador <\/strong>camina dentro de un escenario de inclusi\u00f3n y tolerancia, un ambiente de paz y tranquilidad social, de reconocimiento de resultados electorales en el resto de las plazas en disputa, <strong>Barbosa <\/strong>crea conflictos y lanza a sus seguidores a la toma violenta de instalaciones electorales y de otros partidos en busca del pretexto para alegar un fraude inexistente y echar abajo el proceso que no le favoreci\u00f3.<\/p>\n<p><em><a href=\"mailto:rvizcainoa@gmail.com\" target=\"_blank\" rel=\"noopener\">vizcainoa@gmail.com<\/a><\/em><br \/>\n<em><a href=\"http:\/\/www.endirecto.com.mx\/\" target=\"_blank\" rel=\"noopener\">www.endirecto.com.mx<\/a><\/em><br \/>\n<em><a href=\"https:\/\/twitter.com\/_rvizcaino\" target=\"_blank\" rel=\"noopener\">@_RVizcaino<\/a><\/em><br \/>\n<a href=\"https:\/\/www.facebook.com\/rvizcainoa\" target=\"_blank\" rel=\"noopener\">f<em>acebook.com\/rvizcainoa<\/em><\/a><\/p>\n","protected":false},"excerpt":{"rendered":"<p><span style=\"color: #005497;\"><strong>Roberto Vizca\u00edno<\/strong><\/span><br \/>\n<br \/>\nEn busca de no impactar ni la macro econom\u00eda ni alterar los mercados y los niveles peso-d\u00f3lar, pero sobre todo para mantener en cauce la tranquilidad social del pa\u00eds, el presidente <strong>Enrique Pe\u00f1a Nieto<\/strong> recibi\u00f3 en Palacio Nacional y convers\u00f3 largamente con <strong>Andr\u00e9s Manuel L\u00f3pez Obrador,<\/strong> quien arras\u00f3 en las elecciones del pasado domingo y quien mantiene abiertas muchas dudas y nerviosismos por sus promesas de actuar contra las reformas energ\u00e9tica y educativa, y de cancelar el nuevo Aeropuerto de la Ciudad de M\u00e9xico adem\u00e1s de ir a un cambio a fondo de r\u00e9gimen.<\/p>\n","protected":false},"author":3,"featured_media":383894,"comment_status":"open","ping_status":"open","sticky":false,"template":"","format":"standard","meta":{"_monsterinsights_skip_tracking":false,"_monsterinsights_sitenote_active":false,"_monsterinsights_sitenote_note":"","_monsterinsights_sitenote_category":0,"footnotes":""},"categories":[136],"tags":[43674,93,94],"class_list":["post-383818","post","type-post","status-publish","format-standard","has-post-thumbnail","hentry","category-roberto-vizcaino-opinion","tag-opinion","tag-roberto-vizcaino","tag-tras-la-puerta-del-poder"],"_links":{"self":[{"href":"https:\/\/www.diarioimagen.net\/index.php?rest_route=\/wp\/v2\/posts\/383818","targetHints":{"allow":["GET"]}}],"collection":[{"href":"https:\/\/www.diarioimagen.net\/index.php?rest_route=\/wp\/v2\/posts"}],"about":[{"href":"https:\/\/www.diarioimagen.net\/index.php?rest_route=\/wp\/v2\/types\/post"}],"author":[{"embeddable":true,"href":"https:\/\/www.diarioimagen.net\/index.php?rest_route=\/wp\/v2\/users\/3"}],"replies":[{"embeddable":true,"href":"https:\/\/www.diarioimagen.net\/index.php?rest_route=%2Fwp%2Fv2%2Fcomments&post=383818"}],"version-history":[{"count":0,"href":"https:\/\/www.diarioimagen.net\/index.php?rest_route=\/wp\/v2\/posts\/383818\/revisions"}],"wp:featuredmedia":[{"embeddable":true,"href":"https:\/\/www.diarioimagen.net\/index.php?rest_route=\/wp\/v2\/media\/383894"}],"wp:attachment":[{"href":"https:\/\/www.diarioimagen.net\/index.php?rest_route=%2Fwp%2Fv2%2Fmedia&parent=383818"}],"wp:term":[{"taxonomy":"category","embeddable":true,"href":"https:\/\/www.diarioimagen.net\/index.php?rest_route=%2Fwp%2Fv2%2Fcategories&post=383818"},{"taxonomy":"post_tag","embeddable":true,"href":"https:\/\/www.diarioimagen.net\/index.php?rest_route=%2Fwp%2Fv2%2Ftags&post=383818"}],"curies":[{"name":"wp","href":"https:\/\/api.w.org\/{rel}","templated":true}]}}