{"id":383823,"date":"2018-07-04T00:08:12","date_gmt":"2018-07-04T05:08:12","guid":{"rendered":"http:\/\/www.diarioimagen.net\/?p=383823"},"modified":"2018-07-04T03:15:48","modified_gmt":"2018-07-04T08:15:48","slug":"amlo-contra-la-violencia-%e2%80%a2-ii","status":"publish","type":"post","link":"https:\/\/www.diarioimagen.net\/?p=383823","title":{"rendered":"AMLO contra la violencia \u2022 II"},"content":{"rendered":"<h2>Punto por punto<\/h2>\n<h5>Augusto Corro<\/h5>\n<p>&nbsp;<\/p>\n<p><em><strong>( Segunda de tres partes )<\/strong><\/em><\/p>\n<p><strong>\u00a0<\/strong><\/p>\n<div id=\"attachment_383900\" style=\"width: 470px\" class=\"wp-caption aligncenter\"><a href=\"http:\/\/www.diarioimagen.net\/?attachment_id=383900\" rel=\"attachment wp-att-383900\"><img loading=\"lazy\" decoding=\"async\" aria-describedby=\"caption-attachment-383900\" class=\"size-large wp-image-383900\" src=\"http:\/\/www.diarioimagen.net\/wp-content\/uploads\/2018\/07\/REDUCIDOS-jose-luis-3403-460x413.jpg\" alt=\"\" width=\"460\" height=\"413\" srcset=\"https:\/\/www.diarioimagen.net\/wp-content\/uploads\/2018\/07\/REDUCIDOS-jose-luis-3403-460x413.jpg 460w, https:\/\/www.diarioimagen.net\/wp-content\/uploads\/2018\/07\/REDUCIDOS-jose-luis-3403-240x215.jpg 240w, https:\/\/www.diarioimagen.net\/wp-content\/uploads\/2018\/07\/REDUCIDOS-jose-luis-3403-768x689.jpg 768w, https:\/\/www.diarioimagen.net\/wp-content\/uploads\/2018\/07\/REDUCIDOS-jose-luis-3403.jpg 1200w\" sizes=\"auto, (max-width: 460px) 100vw, 460px\" \/><\/a><p id=\"caption-attachment-383900\" class=\"wp-caption-text\">Reducidos&#8230; | Jos\u00e9 Luis<\/p><\/div>\n<p>&nbsp;<\/p>\n<p>La violencia es uno de los males que el virtual presidente, Andr\u00e9s Manuel L\u00f3pez Obrador, debe atacar con acciones r\u00e1pidas y precisas.<\/p>\n<p>Y en sus primeros discursos, tras el triunfo en las urnas, dijo que cambiar\u00e1 la estrategia fallida de combate a la inseguridad y a la violencia.<\/p>\n<p>Para nadie es un secreto que en M\u00e9xico se encuentran varias regiones azotadas por el crimen organizado.<\/p>\n<p>Lugares donde la ley desapareci\u00f3 y la poblaci\u00f3n tiene que someterse al poder de las armas de los delincuentes.<\/p>\n<p>Ah\u00ed est\u00e1n por ejemplo: Tamaulipas, Guerrero, Guanajuato, Veracruz, Michoac\u00e1n, Oaxaca, etc.<\/p>\n<p>En dos sexenios la espiral de violencia creci\u00f3 y no se pudo erradicarla. Son miles de personas muertas y desaparecidas en una de las etapas m\u00e1s cruentas de nuestra historia.<\/p>\n<p>Los conflictos y sus desenlaces fatales obedecen a la lucha de los narcos por la producci\u00f3n, trasiego y venta de estupefacientes.<\/p>\n<p>El mercado m\u00e1s grande de adictos se encuentra en el pa\u00eds vecino: Estados Unidos.<\/p>\n<p>Dijo el presidente electo que m\u00e1s que el uso de la fuerza, \u201catenderemos las causas que originan la inseguridad y la violencia\u201d.<\/p>\n<p>Tambi\u00e9n afirm\u00f3 estar convencido de que la forma m\u00e1s eficaz y m\u00e1s humana de enfrentar \u201cestos males exige, necesariamente, del combate a la desigualdad y a la pobreza. La paz y la tranquilidad son frutos de la justicia\u201d.<\/p>\n<p>Seg\u00fan las estad\u00edsticas, hay m\u00e1s de 37 mil personas desaparecidas en M\u00e9xico. Uno se pregunta por qu\u00e9 se lleg\u00f3 a esta fatalidad, sin autoridades que lo evitaran.\u00a0 La mayor\u00eda de esos seres humanos no localizados terminaron en las fosas clandestinas abiertas a lo largo y ancho de M\u00e9xico. Es inhumano el sufrimiento de las familias que buscan a sus seres queridos con sus recursos personales.<\/p>\n<p>Las autoridades, en muchos casos coludidas con la delincuencia, obstaculizan las tareas de localizaci\u00f3n e identificaci\u00f3n de los restos mortales. Uno de los hechos que mantienen en constante interrogaci\u00f3n es el secuestro de los 43 normalistas de Ayotzinapa.<\/p>\n<p>Reconoci\u00f3 el presidente electo que es necesaria y urgente cambiar la estrategia fallida de combate a la inseguridad y la violencia.<\/p>\n<p>Se trata de una de las prioridades principales que deben atenderse sin demora alguna. Doce a\u00f1os en la lucha contra la delincuencia solo dio resultados negativos.<\/p>\n<p style=\"text-align: center;\"><strong>Tarea titanica<\/strong><\/p>\n<p>Entre las principales actividades del virtual presidente, L\u00f3pez Obrador, se encuentra el de reunirse todos los d\u00edas con los miembros del gabinete de Seguridad P\u00fablica, \u201ces decir habr\u00e1 mando \u00fanico, coordinaci\u00f3n, perseverancia y profesionalismo\u201d.<\/p>\n<p>La aplicaci\u00f3n de las nuevas autoridades en materia de seguridad tendr\u00e1 que empezar por una limpieza total en los cuerpos de polic\u00edas municipales, estatales y federales.<\/p>\n<p>Los polic\u00edas de los municipios, mal pagados, sin instrucci\u00f3n ni preparaci\u00f3n adecuadas, fueron atra\u00eddos por la delincuencia y se convirtieron en sus aliados.<\/p>\n<p>Se registraron un sinn\u00famero de hechos criminales con la participaci\u00f3n directa de los cuerpos policiacos. La nula protecci\u00f3n de la fuerza p\u00fablica a la poblaci\u00f3n oblig\u00f3 a que esta crear\u00e1 los grupos de autodefensa, que luego creaban mayores problemas sociales.<\/p>\n<p>En los municipios la lucha contra la delincuencia organizada no ser\u00e1 f\u00e1cil. Ya son muchos a\u00f1os en que los alcaldes y funcionarios locales, por temor o por ambici\u00f3n, colaboran con los enemigos de la sociedad.<\/p>\n<p>Se dio esa mezcla de narcopol\u00edtica en la que se padece en algunos municipios de Guerrero. As\u00ed sucedi\u00f3 en Iguala, con el alcalde Jos\u00e9 Luis Abarca y la desaparici\u00f3n de los normalistas de Ayotzinapa.<\/p>\n<p style=\"text-align: center;\"><strong>Proteccion a los periodistas<\/strong><\/p>\n<p>El d\u00eda \u00faltimo del mes pasado fue asesinado a tiros el reportero Jos\u00e9 Guadalupe Chan Dzib, en Felipe Carrillo Puerto, Quintana Roo.<\/p>\n<p>M\u00e9xico es considerado como uno de los pa\u00edses m\u00e1s peligrosos para ejercer el periodismo, con m\u00e1s de 100 comunicadores asesinados desde el 2000. Los autores de los cr\u00edmenes gozan de impunidad total.<\/p>\n<p>En vano fueron las condenas de los organismos defensores de los derechos humanos para proteger a los periodistas. Las autoridades no las escuchan. En este a\u00f1o suman seis comunicadores victimados.<\/p>\n<p>Aun no se sabe de las pol\u00edticas que tendr\u00e1n que implementarse para la protecci\u00f3n de los representantes de los medios. Sin duda, que la protecci\u00f3n a los periodistas tendr\u00e1 que atenderse con medidas pr\u00e1cticas.<\/p>\n<p>A\u00fan no se sabe que piensa el presidente electo, L\u00f3pez Obrador, sobre los cr\u00edmenes contra los comunicadores.<\/p>\n<p style=\"text-align: right;\"><em><strong>( Continuar\u00e1 )<\/strong><\/em><\/p>\n<p><em><a href=\"mailto:aco2742@hotmail.com\" target=\"_blank\" rel=\"noopener\">aco2742@hotmail.com<\/a><\/em><\/p>\n","protected":false},"excerpt":{"rendered":"<p><span style=\"color: #005497;\"><strong>Augusto Corro<\/strong><\/span><br \/>\n<br \/>\nLa violencia es uno de los males que el virtual presidente, Andr\u00e9s Manuel L\u00f3pez Obrador, debe atacar con acciones r\u00e1pidas y precisas.<\/p>\n","protected":false},"author":3,"featured_media":383900,"comment_status":"open","ping_status":"open","sticky":false,"template":"","format":"standard","meta":{"_monsterinsights_skip_tracking":false,"_monsterinsights_sitenote_active":false,"_monsterinsights_sitenote_note":"","_monsterinsights_sitenote_category":0,"footnotes":""},"categories":[157],"tags":[43686,43674,11515],"class_list":["post-383823","post","type-post","status-publish","format-standard","has-post-thumbnail","hentry","category-augusto-corro","tag-augusto-corro","tag-opinion","tag-punto-por-punto"],"_links":{"self":[{"href":"https:\/\/www.diarioimagen.net\/index.php?rest_route=\/wp\/v2\/posts\/383823","targetHints":{"allow":["GET"]}}],"collection":[{"href":"https:\/\/www.diarioimagen.net\/index.php?rest_route=\/wp\/v2\/posts"}],"about":[{"href":"https:\/\/www.diarioimagen.net\/index.php?rest_route=\/wp\/v2\/types\/post"}],"author":[{"embeddable":true,"href":"https:\/\/www.diarioimagen.net\/index.php?rest_route=\/wp\/v2\/users\/3"}],"replies":[{"embeddable":true,"href":"https:\/\/www.diarioimagen.net\/index.php?rest_route=%2Fwp%2Fv2%2Fcomments&post=383823"}],"version-history":[{"count":0,"href":"https:\/\/www.diarioimagen.net\/index.php?rest_route=\/wp\/v2\/posts\/383823\/revisions"}],"wp:featuredmedia":[{"embeddable":true,"href":"https:\/\/www.diarioimagen.net\/index.php?rest_route=\/wp\/v2\/media\/383900"}],"wp:attachment":[{"href":"https:\/\/www.diarioimagen.net\/index.php?rest_route=%2Fwp%2Fv2%2Fmedia&parent=383823"}],"wp:term":[{"taxonomy":"category","embeddable":true,"href":"https:\/\/www.diarioimagen.net\/index.php?rest_route=%2Fwp%2Fv2%2Fcategories&post=383823"},{"taxonomy":"post_tag","embeddable":true,"href":"https:\/\/www.diarioimagen.net\/index.php?rest_route=%2Fwp%2Fv2%2Ftags&post=383823"}],"curies":[{"name":"wp","href":"https:\/\/api.w.org\/{rel}","templated":true}]}}