{"id":383825,"date":"2018-07-04T00:07:27","date_gmt":"2018-07-04T05:07:27","guid":{"rendered":"http:\/\/www.diarioimagen.net\/?p=383825"},"modified":"2018-07-04T00:43:39","modified_gmt":"2018-07-04T05:43:39","slug":"que-sigue-2","status":"publish","type":"post","link":"https:\/\/www.diarioimagen.net\/?p=383825","title":{"rendered":"\u00bfQu\u00e9 sigue?"},"content":{"rendered":"<h2>Detr\u00e1s del Poder<\/h2>\n<h5>Jos\u00e9 Antonio L\u00f3pez Sosa<\/h5>\n<p>&nbsp;<\/p>\n<p>Hist\u00f3rica fue la elecci\u00f3n del domingo pasado, no s\u00f3lo por el n\u00famero de votantes en el pa\u00eds, sino por el resultado, la ventaja que obtuvo Andr\u00e9s Manuel L\u00f3pez Obrador, no tiene precedentes.<\/p>\n<p>\u00bfQu\u00e9 sigue?, la reconciliaci\u00f3n nacional, las campa\u00f1as pol\u00edticas polarizaron a la sociedad, los insultos y las noticias falsas enrarecieron el clima electoral, pero al final, los votantes hablaron. Todos somos M\u00e9xico y con las diferencias pol\u00edticas, ideol\u00f3gicas y de percepci\u00f3n tenemos que cohabitar y hacer grande a nuestro pa\u00eds.<\/p>\n<p>Necesitamos unidad, mas no uniformidad. Es nuestra obligaci\u00f3n ciudadana respaldar al pr\u00f3ximo Presidente de M\u00e9xico, del mismo modo que es nuestra responsabilidad ser cr\u00edticos y vigilantes de su gesti\u00f3n, debemos ser ciudadanos activos en el ejercicio del poder pol\u00edtico de nuestros gobernantes.<\/p>\n<p>Una primera tarea es conocer a nuestro diputado local, federal, senador y alcalde (o presidente municipal), darle seguimiento y presionar durante sus gestiones para que cumplan y trabajen en beneficio de sus representados.<\/p>\n<p>Ahora bien, \u00bfqu\u00e9 sucedi\u00f3 en los otros partidos?, en el PRI, es evidente la descomposici\u00f3n pol\u00edtica y el hartazgo ciudadano, el resultado de esta elecci\u00f3n le deja m\u00e1s que claro al presidente Enrique Pe\u00f1a, que le bastaron seis a\u00f1os para hartar a la ciudadan\u00eda. Fue un buen principio invitar a los militantes a la reflexi\u00f3n de la derrota, como lo hizo Ren\u00e9 Ju\u00e1rez, presidente nacional del PRI.<\/p>\n<p>En el PAN y PRD, cosecharon lo que sembraron. Alejandra Barrales y Ricardo Anaya desmantelaron sus partidos y forzaron una coalici\u00f3n que satisfaciera sus ambiciones, sin embargo, los votantes fueron claros y ninguno de los dos tuvo \u00e9xito. Dejan a sus partidos divididos y en una profunda crisis.<\/p>\n<p>Los tres candidatos perdedores y el presidente Pe\u00f1a actuaron como dem\u00f3cratas, reconociendo y felicitando al ganador.<\/p>\n<p>L\u00f3pez Obrador se re\u00fane hoy con el presidente Pe\u00f1a, se comprometi\u00f3 a buscar a los candidatos perdedores para conversar, esperemos que de esas reuniones salga algo bueno.<\/p>\n<p>A exigir, a vigilar y a ser cr\u00edticos, es nuestra obligaci\u00f3n. Reconocer los aciertos y se\u00f1alar los yerros.<\/p>\n<p>M\u00e9xico demuestra que su democracia est\u00e1 madurando, no porque haya ganado L\u00f3pez Obrador, sino por como se llev\u00f3 el proceso el pasado primero de julio.<\/p>\n<p><em><a href=\"http:\/\/www.lopezsosa.com\" target=\"_blank\" rel=\"noopener\">www.lopezsosa.com<\/a><\/em><br \/>\n<em><a href=\"mailto:joseantonio@lopezsosa.com\" target=\"_blank\" rel=\"noopener\">joseantonio@lopezsosa.com<\/a><\/em><br \/>\n<em><a href=\"http:\/\/twitter.com\/joseantonio1977\" target=\"_blank\" rel=\"noopener\">@joseantonio197<\/a><\/em><\/p>\n","protected":false},"excerpt":{"rendered":"<p><span style=\"color: #005497;\"><strong>Jos\u00e9 Antonio L\u00f3pez Sosa<\/strong><\/span><\/p>\n","protected":false},"author":3,"featured_media":0,"comment_status":"open","ping_status":"open","sticky":false,"template":"","format":"standard","meta":{"_monsterinsights_skip_tracking":false,"_monsterinsights_sitenote_active":false,"_monsterinsights_sitenote_note":"","_monsterinsights_sitenote_category":0,"footnotes":""},"categories":[637],"tags":[638,43690,43674],"class_list":["post-383825","post","type-post","status-publish","format-standard","hentry","category-jose-antonio-lopez-sosa","tag-detras-del-poder","tag-jose-antonio-lopez-sosa","tag-opinion"],"_links":{"self":[{"href":"https:\/\/www.diarioimagen.net\/index.php?rest_route=\/wp\/v2\/posts\/383825","targetHints":{"allow":["GET"]}}],"collection":[{"href":"https:\/\/www.diarioimagen.net\/index.php?rest_route=\/wp\/v2\/posts"}],"about":[{"href":"https:\/\/www.diarioimagen.net\/index.php?rest_route=\/wp\/v2\/types\/post"}],"author":[{"embeddable":true,"href":"https:\/\/www.diarioimagen.net\/index.php?rest_route=\/wp\/v2\/users\/3"}],"replies":[{"embeddable":true,"href":"https:\/\/www.diarioimagen.net\/index.php?rest_route=%2Fwp%2Fv2%2Fcomments&post=383825"}],"version-history":[{"count":0,"href":"https:\/\/www.diarioimagen.net\/index.php?rest_route=\/wp\/v2\/posts\/383825\/revisions"}],"wp:attachment":[{"href":"https:\/\/www.diarioimagen.net\/index.php?rest_route=%2Fwp%2Fv2%2Fmedia&parent=383825"}],"wp:term":[{"taxonomy":"category","embeddable":true,"href":"https:\/\/www.diarioimagen.net\/index.php?rest_route=%2Fwp%2Fv2%2Fcategories&post=383825"},{"taxonomy":"post_tag","embeddable":true,"href":"https:\/\/www.diarioimagen.net\/index.php?rest_route=%2Fwp%2Fv2%2Ftags&post=383825"}],"curies":[{"name":"wp","href":"https:\/\/api.w.org\/{rel}","templated":true}]}}