{"id":383827,"date":"2018-07-04T00:05:13","date_gmt":"2018-07-04T05:05:13","guid":{"rendered":"http:\/\/www.diarioimagen.net\/?p=383827"},"modified":"2018-07-04T00:45:30","modified_gmt":"2018-07-04T05:45:30","slug":"pri-y-el-dialogo-civilizado-epn-amlo","status":"publish","type":"post","link":"https:\/\/www.diarioimagen.net\/?p=383827","title":{"rendered":"PRI y el di\u00e1logo civilizado EPN-AMLO"},"content":{"rendered":"<h2>Desde el portal<\/h2>\n<h5>\u00c1ngel Soriano<\/h5>\n<p>&nbsp;<\/p>\n<p>Mientras en Puebla hay signos de retroceso con la vigencia de cacicazgos y cobros de cuotas de poder de ex gobernadores \u2014aunque Rafael Moreno Valle ser\u00e1 senador por el PAN-, en Palacio Nacional el Presidente Enrique Pe\u00f1a Nieto y el ganador de los comicios del 1 de julio, Andr\u00e9s Manuel L\u00f3pez Obrador, dan muestras de civilidad pol\u00edtica ante el mundo y preparan la transici\u00f3n pac\u00edfica y ordenada, en tanto haya una visi\u00f3n general de los temas torales del pa\u00eds.<\/p>\n<p>AMLO propone una cuarta transformaci\u00f3n del pa\u00eds, ofrece respeto al Presidente Pe\u00f1a Nieto hasta el final de su mandato sin establecer un poder paralelo, sino al contrario, apoyo y revisi\u00f3n de los asuntos m\u00e1s complicados en la agenda nacional, como el TLC, seguridad nacional y la relaci\u00f3n bilateral con los Estados Unidos, y en cuanto al tema migratorio, el secretario de Estado Mike Pompeo llegar\u00e1 a M\u00e9xico para adelantar la atenci\u00f3n de este asunto, previo a un encuentro con Donald Trump.<\/p>\n<p>Respetuoso de las formas, del estado de derecho, del protocolo y de su investidura, el Presidente Pe\u00f1a Nieto dijo que se establecer\u00e1 el equipo de transici\u00f3n (que ser\u00e1 ordenada y transparente) una vez que el ex abanderado presidencial de la coalici\u00f3n \u201cJuntos haremos historia\u201d reciba su constancia de mayor\u00eda y sea declarado Presidente Electo, en lo que estuvo de acuerdo el tabasque\u00f1o.<\/p>\n<p>Mientras tanto, en c\u00edrculos pol\u00edticos se sigue cuestionando la derrota del PRI, hasta en el mismo Atlacomulco, sede del poderoso (de acuerdo a la mitolog\u00eda pol\u00edtica) Grupo Atlacomulco y se busca a los causantes de la debacle electoral, sin reconocer que la cadena de corruptelas de los mismos priistas (los que ocuparon cargos de responsabilidad en algunos estados) y que fue la bandera principal del candidato triunfante, es lo que hizo cavar su tumba.\u00a0 Tiempos de trabajo, de unidad y de reconciliaci\u00f3n esperan a M\u00e9xico, han dicho AMLO y EPN, se debe seguir ese ejemplo.<\/p>\n<p style=\"text-align: center;\"><strong>TURBULENCIAS<br \/>\nAgitaci\u00f3n pol\u00edtica en Puebla<\/strong><\/p>\n<p>El senador con licencia Miguel Barbosa insiste en abrir todas y cada una de las casillas electorales para revisar las boletas emitidas, pues sospecha de alteraci\u00f3n de las mismas para consumar fraude electoral a favor del PAN, mientras hay amagos de violencia con la irrupci\u00f3n en un hotel donde se supon\u00eda guardaban boletas electorales, marchas y otras expresiones de inconformidad que pueden llevar a la ingobernabilidad en caso de que el voto no sea respetado y se imponga a la autoridad estatal como una cuota de poder partidista por encima de la decisi\u00f3n de los electores\u2026La Comisi\u00f3n de Atenci\u00f3n a Grupos Vulnerables analizar\u00e1 una iniciativa para que la Secretar\u00eda de Desarrollo Social brinde apoyo de alimentaci\u00f3n, vestido y vivienda adecuados, a las madres, padres o tutores que cuiden a menores de edad con discapacidad y que se encuentren en situaci\u00f3n de pobreza o marginaci\u00f3n, inform\u00f3 la legisladora del PAN Marisol Gonz\u00e1lez Mart\u00ednez\u00a0 quien dijo que \u00e9sta prev\u00e9 modificar el art\u00edculo 21 de la Ley General para la Inclusi\u00f3n de las Personas con Discapacidad y con ello beneficiar a cerca del 7 por ciento de la poblaci\u00f3n total de M\u00e9xico, la cual presenta alguna limitante f\u00edsica\u2026La jornada electoral del 1 de julio es motivo de orgullo para todos los mexicanos, quienes con una gran participaci\u00f3n mostramos nuestra civilidad y compromiso con la democracia, afirm\u00f3 el rector de la Universidad Aut\u00f3noma del Estado de M\u00e9xico, Alfredo Barrera Baca, en el Centro Universitario UAEM Valle de Chalco, donde entreg\u00f3 12 nombramientos de definitividad a docentes de asignatura, como un reconocimiento a su destacada labor y trayectoria\u2026<\/p>\n<p><a href=\"http:\/\/www.revista-brecha.com\" target=\"_blank\" rel=\"noopener\"><em>www.revista-brecha.com<\/em><\/a><br \/>\n<a href=\"mailto:asorianocarrasco@yahoo.com\" target=\"_blank\" rel=\"noopener\"><em>asorianocarrasco@yahoo.com<\/em><\/a><\/p>\n","protected":false},"excerpt":{"rendered":"<p><span style=\"color: #005497;\"><strong>\u00c1ngel Soriano<\/strong><\/span><\/p>\n","protected":false},"author":3,"featured_media":0,"comment_status":"open","ping_status":"open","sticky":false,"template":"","format":"standard","meta":{"_monsterinsights_skip_tracking":false,"_monsterinsights_sitenote_active":false,"_monsterinsights_sitenote_note":"","_monsterinsights_sitenote_category":0,"footnotes":""},"categories":[135],"tags":[85,86,43674],"class_list":["post-383827","post","type-post","status-publish","format-standard","hentry","category-angel-soriano-opinion","tag-angel-soriano","tag-desde-el-portal","tag-opinion"],"_links":{"self":[{"href":"https:\/\/www.diarioimagen.net\/index.php?rest_route=\/wp\/v2\/posts\/383827","targetHints":{"allow":["GET"]}}],"collection":[{"href":"https:\/\/www.diarioimagen.net\/index.php?rest_route=\/wp\/v2\/posts"}],"about":[{"href":"https:\/\/www.diarioimagen.net\/index.php?rest_route=\/wp\/v2\/types\/post"}],"author":[{"embeddable":true,"href":"https:\/\/www.diarioimagen.net\/index.php?rest_route=\/wp\/v2\/users\/3"}],"replies":[{"embeddable":true,"href":"https:\/\/www.diarioimagen.net\/index.php?rest_route=%2Fwp%2Fv2%2Fcomments&post=383827"}],"version-history":[{"count":0,"href":"https:\/\/www.diarioimagen.net\/index.php?rest_route=\/wp\/v2\/posts\/383827\/revisions"}],"wp:attachment":[{"href":"https:\/\/www.diarioimagen.net\/index.php?rest_route=%2Fwp%2Fv2%2Fmedia&parent=383827"}],"wp:term":[{"taxonomy":"category","embeddable":true,"href":"https:\/\/www.diarioimagen.net\/index.php?rest_route=%2Fwp%2Fv2%2Fcategories&post=383827"},{"taxonomy":"post_tag","embeddable":true,"href":"https:\/\/www.diarioimagen.net\/index.php?rest_route=%2Fwp%2Fv2%2Ftags&post=383827"}],"curies":[{"name":"wp","href":"https:\/\/api.w.org\/{rel}","templated":true}]}}