{"id":383982,"date":"2018-07-05T00:09:34","date_gmt":"2018-07-05T05:09:34","guid":{"rendered":"http:\/\/www.diarioimagen.net\/?p=383982"},"modified":"2018-07-05T04:07:51","modified_gmt":"2018-07-05T09:07:51","slug":"artistas-de-metepec-cautivan-en-el-festival-del-caribe-en-cuba","status":"publish","type":"post","link":"https:\/\/www.diarioimagen.net\/?p=383982","title":{"rendered":"Artistas de Metepec cautivan en el Festival del Caribe, en Cuba"},"content":{"rendered":"<ul>\n<li><strong><em>Majestuosa representaci\u00f3n de creadores mexicanos<\/em><\/strong><\/li>\n<\/ul>\n<p>&nbsp;<\/p>\n<div id=\"attachment_384052\" style=\"width: 470px\" class=\"wp-caption aligncenter\"><a href=\"http:\/\/www.diarioimagen.net\/?attachment_id=384052\" rel=\"attachment wp-att-384052\"><img loading=\"lazy\" decoding=\"async\" aria-describedby=\"caption-attachment-384052\" class=\"size-large wp-image-384052\" src=\"http:\/\/www.diarioimagen.net\/wp-content\/uploads\/2018\/07\/METEPEC-3404-460x259.jpg\" alt=\"\" width=\"460\" height=\"259\" srcset=\"https:\/\/www.diarioimagen.net\/wp-content\/uploads\/2018\/07\/METEPEC-3404-460x259.jpg 460w, https:\/\/www.diarioimagen.net\/wp-content\/uploads\/2018\/07\/METEPEC-3404-240x135.jpg 240w, https:\/\/www.diarioimagen.net\/wp-content\/uploads\/2018\/07\/METEPEC-3404-235x132.jpg 235w, https:\/\/www.diarioimagen.net\/wp-content\/uploads\/2018\/07\/METEPEC-3404-202x114.jpg 202w, https:\/\/www.diarioimagen.net\/wp-content\/uploads\/2018\/07\/METEPEC-3404-350x196.jpg 350w, https:\/\/www.diarioimagen.net\/wp-content\/uploads\/2018\/07\/METEPEC-3404-220x123.jpg 220w, https:\/\/www.diarioimagen.net\/wp-content\/uploads\/2018\/07\/METEPEC-3404-237x132.jpg 237w, https:\/\/www.diarioimagen.net\/wp-content\/uploads\/2018\/07\/METEPEC-3404.jpg 480w\" sizes=\"auto, (max-width: 460px) 100vw, 460px\" \/><\/a><p id=\"caption-attachment-384052\" class=\"wp-caption-text\">El representativo de Metepec estuvo en la primera jornada de actividades de la trig\u00e9sima octava edici\u00f3n del Festival del Caribe.<\/p><\/div>\n<p>&nbsp;<\/p>\n<p><strong>Santiago de Cuba<\/strong>.- En la trig\u00e9sima octava edici\u00f3n del Festival del Caribe -evento cultural de talla internacional que se desarrolla en\u00a0Santiago de Cuba- el Cuarteto de Cuerdas Xinantec\u00e1tl, representativo del municipio de Metepec, cautiv\u00f3 al p\u00fablico que se dio cita en el tradicional foro El Patio.<\/p>\n<p>Amet Cervantes, Carol Urb\u00e1n, Alejandro Camacho y Osvaldo Rodr\u00edguez Rend\u00f3n estuvieron en la primera jornada de actividades del prestigiado evento, donde presentaron un repertorio mexicano que fue coreado por el exigente p\u00fablico conocedor de las bellas artes.<\/p>\n<p>Los temas: \u201cEstrellita\u201d, \u201cSobre las olas\u201d y \u201cCocula\u201d, entre otras melod\u00edas que fueron rubricadas con \u201cGuadalajara\u201d, adem\u00e1s de ser aplaudidas entusiasmaron a los asistentes, que terminaron levant\u00e1ndose de sus asientos para acompa\u00f1ar al cuarteto con movimientos danc\u00edsticos del pa\u00eds hermano.<\/p>\n<p>El programa incluy\u00f3 la presentaci\u00f3n del maestro de la guitarra y tambi\u00e9n representante de la delegaci\u00f3n metepequense, Raynaud Hern\u00e1ndez, quien emocion\u00f3 al auditorio, en su mayor\u00eda j\u00f3venes.<\/p>\n<p>Durante los eventos subsecuentes, se presentar\u00e1\u00a0\u00a0la compa\u00f1\u00eda\u00a0de danza Xochipitz\u00e1huac y una muestra de uno de los m\u00e1ximos exponentes de la cultura popular de M\u00e9xico, el maestro artesano, Cecilio S\u00e1nchez Fierro.<\/p>\n<p>El talento de Metepec es posible exhibirlo en otras latitudes gracias al apoyo y compromiso del ayuntamiento mexiquense y del gobierno de Cuba, con quien se tiene una hist\u00f3rica relaci\u00f3n de intercambio art\u00edstico.<\/p>\n<p>La edici\u00f3n 38\u00ba del Festival del Caribe, tambi\u00e9n conocido como Fiesta del Fuego, contempla eventos culturales con la participaci\u00f3n de m\u00e1s de 700 intelectuales y artistas de 26 pa\u00edses.<\/p>\n","protected":false},"excerpt":{"rendered":"<p>En la trig\u00e9sima octava edici\u00f3n del Festival del Caribe -evento cultural de talla internacional que se desarrolla en Santiago de Cuba- el Cuarteto de Cuerdas Xinantec\u00e1tl, representativo del municipio de Metepec, cautiv\u00f3 al p\u00fablico que se dio cita en el tradicional foro El Patio.<\/p>\n","protected":false},"author":3,"featured_media":384052,"comment_status":"open","ping_status":"open","sticky":false,"template":"","format":"standard","meta":{"_monsterinsights_skip_tracking":false,"_monsterinsights_sitenote_active":false,"_monsterinsights_sitenote_note":"","_monsterinsights_sitenote_category":0,"footnotes":""},"categories":[35155],"tags":[75609,72834],"class_list":["post-383982","post","type-post","status-publish","format-standard","has-post-thumbnail","hentry","category-estado-de-mexico-estado-de-mexico","tag-festival-del-caribe","tag-santiago-de-cuba"],"_links":{"self":[{"href":"https:\/\/www.diarioimagen.net\/index.php?rest_route=\/wp\/v2\/posts\/383982","targetHints":{"allow":["GET"]}}],"collection":[{"href":"https:\/\/www.diarioimagen.net\/index.php?rest_route=\/wp\/v2\/posts"}],"about":[{"href":"https:\/\/www.diarioimagen.net\/index.php?rest_route=\/wp\/v2\/types\/post"}],"author":[{"embeddable":true,"href":"https:\/\/www.diarioimagen.net\/index.php?rest_route=\/wp\/v2\/users\/3"}],"replies":[{"embeddable":true,"href":"https:\/\/www.diarioimagen.net\/index.php?rest_route=%2Fwp%2Fv2%2Fcomments&post=383982"}],"version-history":[{"count":0,"href":"https:\/\/www.diarioimagen.net\/index.php?rest_route=\/wp\/v2\/posts\/383982\/revisions"}],"wp:featuredmedia":[{"embeddable":true,"href":"https:\/\/www.diarioimagen.net\/index.php?rest_route=\/wp\/v2\/media\/384052"}],"wp:attachment":[{"href":"https:\/\/www.diarioimagen.net\/index.php?rest_route=%2Fwp%2Fv2%2Fmedia&parent=383982"}],"wp:term":[{"taxonomy":"category","embeddable":true,"href":"https:\/\/www.diarioimagen.net\/index.php?rest_route=%2Fwp%2Fv2%2Fcategories&post=383982"},{"taxonomy":"post_tag","embeddable":true,"href":"https:\/\/www.diarioimagen.net\/index.php?rest_route=%2Fwp%2Fv2%2Ftags&post=383982"}],"curies":[{"name":"wp","href":"https:\/\/api.w.org\/{rel}","templated":true}]}}