{"id":383986,"date":"2018-07-05T00:06:29","date_gmt":"2018-07-05T05:06:29","guid":{"rendered":"http:\/\/www.diarioimagen.net\/?p=383986"},"modified":"2018-07-05T04:26:25","modified_gmt":"2018-07-05T09:26:25","slug":"prd-se-alza-con-el-triunfo-en-la-eleccion-en-tultepec","status":"publish","type":"post","link":"https:\/\/www.diarioimagen.net\/?p=383986","title":{"rendered":"PRD se alza con el triunfo en la elecci\u00f3n,  en Tultepec"},"content":{"rendered":"<p><a href=\"http:\/\/www.diarioimagen.net\/?attachment_id=384072\" rel=\"attachment wp-att-384072\"><img loading=\"lazy\" decoding=\"async\" class=\"aligncenter size-large wp-image-384072\" src=\"http:\/\/www.diarioimagen.net\/wp-content\/uploads\/2018\/07\/TULTEPEC-3404-460x259.jpg\" alt=\"\" width=\"460\" height=\"259\" srcset=\"https:\/\/www.diarioimagen.net\/wp-content\/uploads\/2018\/07\/TULTEPEC-3404-460x259.jpg 460w, https:\/\/www.diarioimagen.net\/wp-content\/uploads\/2018\/07\/TULTEPEC-3404-240x135.jpg 240w, https:\/\/www.diarioimagen.net\/wp-content\/uploads\/2018\/07\/TULTEPEC-3404-235x132.jpg 235w, https:\/\/www.diarioimagen.net\/wp-content\/uploads\/2018\/07\/TULTEPEC-3404-202x114.jpg 202w, https:\/\/www.diarioimagen.net\/wp-content\/uploads\/2018\/07\/TULTEPEC-3404-350x196.jpg 350w, https:\/\/www.diarioimagen.net\/wp-content\/uploads\/2018\/07\/TULTEPEC-3404-220x123.jpg 220w, https:\/\/www.diarioimagen.net\/wp-content\/uploads\/2018\/07\/TULTEPEC-3404-237x132.jpg 237w, https:\/\/www.diarioimagen.net\/wp-content\/uploads\/2018\/07\/TULTEPEC-3404.jpg 480w\" sizes=\"auto, (max-width: 460px) 100vw, 460px\" \/><\/a><\/p>\n<p>&nbsp;<\/p>\n<p><strong>Tultepec, Estado de M\u00e9xico<\/strong><strong>.-<\/strong> En una contienda muy cerrada, el\u00a0PRD\u00a0se alz\u00f3 nuevamente con el triunfo en la elecci\u00f3n de alcalde, d\u00f3nde por cuarta vez, Armando Portugez Fuentes, quien se convierte en el referente m\u00e1s ganador del sol azteca en el Edomex y a nivel nacional, al ser reelecto en la presidencia municipal, a pesar del efecto Morena que se vivi\u00f3 en todo el pa\u00eds.<\/p>\n<p>\u201cLa capital de la pirotecnia\u201d resisti\u00f3 el embate y vot\u00f3 en favor de la continuidad de ese proyecto de trabajo. En esta ocasi\u00f3n en coalici\u00f3n con el PAN y MC.<\/p>\n","protected":false},"excerpt":{"rendered":"<p>En una contienda muy cerrada, el PRD se alz\u00f3 nuevamente con el triunfo en la elecci\u00f3n de alcalde, d\u00f3nde por cuarta vez, Armando Portugez Fuentes, quien se convierte en el referente m\u00e1s ganador del sol azteca en el Edomex y a nivel nacional, al ser reelecto en la presidencia municipal, a pesar del efecto Morena que se vivi\u00f3 en todo el pa\u00eds.<\/p>\n","protected":false},"author":3,"featured_media":384072,"comment_status":"open","ping_status":"open","sticky":false,"template":"","format":"standard","meta":{"_monsterinsights_skip_tracking":false,"_monsterinsights_sitenote_active":false,"_monsterinsights_sitenote_note":"","_monsterinsights_sitenote_category":0,"footnotes":""},"categories":[35155],"tags":[43675,211,48496,3802],"class_list":["post-383986","post","type-post","status-publish","format-standard","has-post-thumbnail","hentry","category-estado-de-mexico-estado-de-mexico","tag-estado-de-mexico","tag-prd","tag-triunfo","tag-tultepec"],"_links":{"self":[{"href":"https:\/\/www.diarioimagen.net\/index.php?rest_route=\/wp\/v2\/posts\/383986","targetHints":{"allow":["GET"]}}],"collection":[{"href":"https:\/\/www.diarioimagen.net\/index.php?rest_route=\/wp\/v2\/posts"}],"about":[{"href":"https:\/\/www.diarioimagen.net\/index.php?rest_route=\/wp\/v2\/types\/post"}],"author":[{"embeddable":true,"href":"https:\/\/www.diarioimagen.net\/index.php?rest_route=\/wp\/v2\/users\/3"}],"replies":[{"embeddable":true,"href":"https:\/\/www.diarioimagen.net\/index.php?rest_route=%2Fwp%2Fv2%2Fcomments&post=383986"}],"version-history":[{"count":0,"href":"https:\/\/www.diarioimagen.net\/index.php?rest_route=\/wp\/v2\/posts\/383986\/revisions"}],"wp:featuredmedia":[{"embeddable":true,"href":"https:\/\/www.diarioimagen.net\/index.php?rest_route=\/wp\/v2\/media\/384072"}],"wp:attachment":[{"href":"https:\/\/www.diarioimagen.net\/index.php?rest_route=%2Fwp%2Fv2%2Fmedia&parent=383986"}],"wp:term":[{"taxonomy":"category","embeddable":true,"href":"https:\/\/www.diarioimagen.net\/index.php?rest_route=%2Fwp%2Fv2%2Fcategories&post=383986"},{"taxonomy":"post_tag","embeddable":true,"href":"https:\/\/www.diarioimagen.net\/index.php?rest_route=%2Fwp%2Fv2%2Ftags&post=383986"}],"curies":[{"name":"wp","href":"https:\/\/api.w.org\/{rel}","templated":true}]}}