{"id":384004,"date":"2018-07-05T00:10:56","date_gmt":"2018-07-05T05:10:56","guid":{"rendered":"http:\/\/www.diarioimagen.net\/?p=384004"},"modified":"2018-07-05T04:32:02","modified_gmt":"2018-07-05T09:32:02","slug":"al-cambiar-estatutos-nos-dimos-un-tiro-en-el-pie-hay-que-refundar-al-pri-gamboa","status":"publish","type":"post","link":"https:\/\/www.diarioimagen.net\/?p=384004","title":{"rendered":"Al cambiar estatutos, nos dimos un tiro en el pie; hay que refundar al PRI: Gamboa"},"content":{"rendered":"<h2>Tras la puerta del poder<\/h2>\n<h5>Roberto Vizca\u00edno<\/h5>\n<p>&nbsp;<\/p>\n<div id=\"attachment_384081\" style=\"width: 470px\" class=\"wp-caption aligncenter\"><a href=\"http:\/\/www.diarioimagen.net\/?attachment_id=384081\" rel=\"attachment wp-att-384081\"><img loading=\"lazy\" decoding=\"async\" aria-describedby=\"caption-attachment-384081\" class=\"size-large wp-image-384081\" src=\"http:\/\/www.diarioimagen.net\/wp-content\/uploads\/2018\/07\/labor-de-todos-LUIS-XAVIER-3404-460x355.jpg\" alt=\"\" width=\"460\" height=\"355\" srcset=\"https:\/\/www.diarioimagen.net\/wp-content\/uploads\/2018\/07\/labor-de-todos-LUIS-XAVIER-3404-460x355.jpg 460w, https:\/\/www.diarioimagen.net\/wp-content\/uploads\/2018\/07\/labor-de-todos-LUIS-XAVIER-3404-240x185.jpg 240w, https:\/\/www.diarioimagen.net\/wp-content\/uploads\/2018\/07\/labor-de-todos-LUIS-XAVIER-3404-768x593.jpg 768w, https:\/\/www.diarioimagen.net\/wp-content\/uploads\/2018\/07\/labor-de-todos-LUIS-XAVIER-3404.jpg 1200w\" sizes=\"auto, (max-width: 460px) 100vw, 460px\" \/><\/a><p id=\"caption-attachment-384081\" class=\"wp-caption-text\">Labor de todos&#8230; | Luis Xavier<\/p><\/div>\n<p>&nbsp;<\/p>\n<p><strong>Emilio Gamboa<\/strong>, sin duda el pol\u00edtico vigente con mayor experiencia y permanencia en los altos c\u00edrculos del poder del PRI de los \u00faltimos 40 a\u00f1os reconoci\u00f3 ayer que al reformar sus estatutos y cambiar radicalmente las reglas internas, los pri\u00edstas \u201cnos dimos un tiro en el pie\u201d, y advirti\u00f3 que por ello habr\u00e1n de revisarlos e ir a la refundaci\u00f3n del m\u00e1s antiguo y permanente partido en el poder en M\u00e9xico.<\/p>\n<p>De igual manera, entrevistado en el Senado, reconoci\u00f3 que en la abrumadora y contundente derrota electoral sufrida por el tricolor el domingo anterior contaron muchos errores.<\/p>\n<p>\u201cNos fallaron muchas cosas, nos fallaron candidatos, nos fall\u00f3 el trabajo dentro de nuestro partido\u2026 se nos fue mucha gente a Morena, no tuvimos la posibilidad de meterlos en las listas\u201d.<\/p>\n<p>En cuanto a los cambios realizados a los estatutos que permitieron el lanzamiento de un candidato presidencial no pri\u00edsta, indic\u00f3:<\/p>\n<p>\u201c\u2026 nos metimos un balazo en el pie, sin duda alguna, hay que revisarlos de nuevo y lo que tenemos que hacer es refundar al partido\u201d, adelant\u00f3.<\/p>\n<p>Gamboa dej\u00f3 impl\u00edcito que fue un error lanzar como candidato a <strong>Jos\u00e9 Antonio Meade <\/strong>en lugar de un pri\u00edsta reconocido, como en su momento exig\u00edan muchos militantes y cuadros del tricolor.<\/p>\n<p>Por lo dem\u00e1s subray\u00f3 que la derrota no s\u00f3lo fue el PRI, sino para el resto de las fuerzas pol\u00edticas ajenas al grupo de Morena.<\/p>\n<p>\u201cEl triunfo de <strong>Andr\u00e9s Manuel L\u00f3pez Obrador<\/strong> fue por una abrumadora mayor\u00eda\u2026\u00a0 la gente quer\u00eda un cambio y lo logr\u00f3\u201d, indic\u00f3.<\/p>\n<p>Luego adelant\u00f3 que ayer mismo habr\u00eda una reuni\u00f3n de la dirigencia del PRI con los lideres de los comit\u00e9s estatales y despu\u00e9s una comida con los gobernadores del tricolor.<\/p>\n<p style=\"text-align: center;\"><strong>Unidad, y oposici\u00f3n responsable<\/strong><\/p>\n<p>Ayer mismo, por la tarde, el senador con licencia y dirigente nacional del PRI, <strong>Ren\u00e9 Ju\u00e1rez,<\/strong> rodeado de casi todos los gobernadores del tricolor y de los l\u00edderes del Senado, <strong>Emilio Gamboa<\/strong> y de la C\u00e1mara de Diputados, <strong>Carlos Iriarte <\/strong>y de los dirigentes de la CNOP, el senador con licencia <strong>Arturo Zamora<\/strong> y de la CTM, <strong>Carlos Aceves<\/strong> y la secretaria general <strong>Claudia Ruiz Massieu inform\u00f3 que los acuerdos del encuentro fueron:<\/strong><\/p>\n<ul>\n<li>Mantener la unidad dentro del PRI, y;<\/li>\n<li>Ser una oposici\u00f3n responsable, cr\u00edtica, pero constructiva para ir a acuerdos con la mayor\u00eda representada por Morena que sean en beneficio de los mexicanos.<\/li>\n<\/ul>\n<p>Rodeando a <strong>Ren\u00e9 Ju\u00e1rez<\/strong> estuvieron: <strong>Alfredo del Mazo<\/strong>, gobernador del Estado de M\u00e9xico; <strong>Omar Fayad,<\/strong> de Hidalgo; <strong>Alejandro Moreno<\/strong>, de Campeche; <strong>Miguel Riquelme<\/strong>, de Coahuila; <strong>Ignacio Peralta<\/strong> de Colima;<strong> H\u00e9ctor Astudillo<\/strong>, de Guerrero; <strong>Arist\u00f3teles Sandoval,<\/strong> de Jalisco; <strong>Alejandro Murat,<\/strong> de Oaxaca; <strong>Marco Antonio Mena,<\/strong> de Tlaxcala; <strong>Rolando Zapata,<\/strong> de Yucat\u00e1n y <strong>Alejandro Tello<\/strong>, de Zacatecas.<\/p>\n<p>La \u00fanica que falt\u00f3 fue<strong> Claudia Pavlovich,<\/strong> gobernadora de Sonora, muy cercana a <strong>Manlio Fabio Beltrones.<\/strong><\/p>\n<p>Con caras largas, ni <strong>Ren\u00e9 Ju\u00e1rez <\/strong>ni ninguno de los otros asistentes al encuentro, hablaron de lo que antes hab\u00eda dicho <strong>Gamboa <\/strong>sobre las fallas, los estatutos y la necesidad de refundar al PRI.<\/p>\n<p>En forma colateral, personajes como el ex gobernador de Oaxaca<strong> Ulises Ruiz <\/strong>y<strong> C\u00e9sar Augusto Santiago<\/strong>, emiten mensajes y recaban firmas de otros pri\u00edstas a fin de presionar hacia una nueva Asamblea Nacional para refundar y recuperar para su militancia y principios partidarios.<\/p>\n<p><strong>Ruiz<\/strong> y <strong>Santiago<\/strong> se\u00f1alan al presidente <strong>Enrique Pe\u00f1a Nieto<\/strong> como el responsable de la derrota del PRI en pr\u00e1cticamente todos los cargos disputados el 1 de julio.<\/p>\n<p style=\"text-align: center;\"><strong>AMLO con empresarios<\/strong><\/p>\n<p>Enfrentados radicalmente hasta fines de la semana anterior, los grandes empresarios pertenecientes al Consejo Coordinador Empresarial y al Consejo Mexicano de Negocios se dieron ayer no s\u00f3lo un espacio permanente de di\u00e1logo y acuerdos con el virtual presidente <strong>Andr\u00e9s Manuel L\u00f3pez Obrador,<\/strong> sino que establecieron con \u00e9l acuerdos en beneficio de 2 millones 300 mil j\u00f3venes mediante un plan piloto de capacitaci\u00f3n tutelada de trabajo dentro de las empresas, y para la creaci\u00f3n de infraestructura que coloque al sur-sureste dentro del desarrollo nacional.<\/p>\n<p>Con la asistencia de 150 grandes empresarios pertenecientes a 12 organismos c\u00fapulas, <strong>L\u00f3pez Obrador<\/strong> encabez\u00f3 un encuentro acompa\u00f1ado por <strong>Alfonso Romo<\/strong> quien ser\u00e1 su jefe de la oficina de la Presidencia; con <strong>Carlos Urz\u00faa<\/strong> quien ser\u00e1 su secretario de Hacienda y con <strong>Graciela M\u00e1rquez Col\u00edn<\/strong> a quien ha se\u00f1alado como su titular de Econom\u00eda.<\/p>\n<p>Por el lado empresarial estuvieron en el di\u00e1logo al lado del tabasque\u00f1o <strong>Juan Pablo Casta\u00f1\u00f3n<\/strong>, l\u00edder del CCE y <strong>Alejandro Ram\u00edrez <\/strong>dirigente del Consejo Mexicano de Negocios.<\/p>\n<p>Siempre cerca <strong>Carlos Slim Domit, Claudio X Gonz\u00e1lez Laporte, Valent\u00edn Diez Morodo, Marcos Mart\u00ednez Gavica y Mois\u00e9s Kalach siguieron el encuentro.<\/strong><\/p>\n<p>Al concluir <strong>L\u00f3pez Obrador<\/strong> y <strong>Casta\u00f1\u00f3n<\/strong> informaron a los medios del alcance logrado entre ellos.<\/p>\n<p><strong>Ram\u00edrez <\/strong>dir\u00eda m\u00e1s tarde que en este encuentro se disiparon las dudas de los empresarios respecto del proyecto econ\u00f3mico planteado por L\u00f3pez Obrador a lo largo de su campa\u00f1a.<\/p>\n<p>\u201cHoy tuvimos una muy buena reuni\u00f3n, platicamos sobre propuestas constructivas que suman a M\u00e9xico, y te puedo decir que hay voluntad del sector privado de manifestar unidad con la nueva administraci\u00f3n, todos los empresarios le ofrecimos apoyo para construir un M\u00e9xico pr\u00f3spero\u201d, dijo Ram\u00edrez.<\/p>\n<p>Y agreg\u00f3:<\/p>\n<p>\u201cHemos tenido un di\u00e1logo constructivo y positivo, no vemos focos rojos en nuestra relaci\u00f3n, sino que estamos teniendo confianza, hoy te puedo decir que tenemos certidumbre del marco regulatorio y de las propuestas que en materia de pol\u00edtica p\u00fablica est\u00e1n por venir.<\/p>\n<p>\u201cTuvimos un intercambio de propuestas espec\u00edficas del futuro gobierno y estamos muy satisfechos con todo lo que podemos llegar a hacer en colaboraci\u00f3n conjunta\u201d, dijo Alejandro Ram\u00edrez.<\/p>\n<p style=\"text-align: center;\"><strong>Primero lo j\u00f3venes<\/strong><\/p>\n<p>En este su primer gran encuentro con los m\u00e1s importantes personajes del capital en M\u00e9xico, el ganador de las elecciones presidenciales los comprometi\u00f3 a aportar recursos y sumarse a su visi\u00f3n de soluci\u00f3n a uno de los graves problemas sociales de M\u00e9xico, el de la falta de atenci\u00f3n y apoyos a j\u00f3venes.<\/p>\n<p>Ah\u00ed, en medio de integrantes de 12 organismos empresariales, les propuso ser corresponsables en un programa nacional para j\u00f3venes creando una vasta red de tutores empresariales.<\/p>\n<p>La propuesta de <strong>AMLO <\/strong>fue directa y simple: los empresarios abren las puertas de sus negocios a la capacitaci\u00f3n tutelada de j\u00f3venes mientras el gobierno les aporta recursos para pagar esa n\u00f3mina.<\/p>\n<p>Una vez concluida la capacitaci\u00f3n, se abrir\u00e1 la posibilidad de que los j\u00f3venes puedan obtener una plaza firme y pasar a formar parte de la empresa.<\/p>\n<p>Quienes opten por ir a buscar una oportunidad a otra empresa, la que les dio la capacitaci\u00f3n les expedir\u00e1 un certificado de reconocimiento para as\u00ed garantizar su inclusi\u00f3n en el siguiente negocio.<\/p>\n<p><strong>L\u00f3pez Obrador <\/strong>les explic\u00f3 que ese programa es el que incluye darles becas a estudiantes a trav\u00e9s de una partida presupuestal de 110 mil millones de pesos al a\u00f1o que, sumados al aumento y extensi\u00f3n de las pensiones de adultos mayores, significar\u00e1 un gasto de 150 mil millones de pesos al a\u00f1o.<\/p>\n<p>El ganador de la contienda presidencial les dijo a los empresarios que estos dos programas los aplicar\u00e1, aunque le cueste quedare sin camisa.<\/p>\n<p>\u00abAunque nos quedemos sin camisa, va a ganar la austeridad en el gobierno, se tienen que liberar fondos, y (los 150 mil millones de los 2 programas) saldr\u00e1n del ahorro de las medidas que vamos a aplicar\u00bb, insisti\u00f3.<\/p>\n<p><strong>Juan Pablo Casta\u00f1\u00f3n,<\/strong> indic\u00f3 a su vez que M\u00e9xico requiere de un gobierno s\u00f3lido y fuerte que vigorice la unidad de los mexicanos.<\/p>\n<p>\u00abLa reuni\u00f3n fue de confianza y certidumbre, serenidad y visi\u00f3n de compromiso\u00bb, expres\u00f3.<\/p>\n<p>La plena luna de miel luego de una larga tanda de denuestos y amenazas de las dos partes.<\/p>\n<p><em><a href=\"mailto:rvizcainoa@gmail.com\" target=\"_blank\" rel=\"noopener\">vizcainoa@gmail.com<\/a><\/em><br \/>\n<em><a href=\"http:\/\/www.endirecto.com.mx\/\" target=\"_blank\" rel=\"noopener\">www.endirecto.com.mx<\/a><\/em><br \/>\n<em><a href=\"https:\/\/twitter.com\/_rvizcaino\" target=\"_blank\" rel=\"noopener\">@_RVizcaino<\/a><\/em><br \/>\n<a href=\"https:\/\/www.facebook.com\/rvizcainoa\" target=\"_blank\" rel=\"noopener\">f<em>acebook.com\/rvizcainoa<\/em><\/a><\/p>\n","protected":false},"excerpt":{"rendered":"<p><span style=\"color: #005497;\"><strong>Roberto Vizca\u00edno<\/strong><\/span><br \/>\n<br \/>\n<strong>Emilio Gamboa<\/strong>, sin duda el pol\u00edtico vigente con mayor experiencia y permanencia en los altos c\u00edrculos del poder del PRI de los \u00faltimos 40 a\u00f1os reconoci\u00f3 ayer que al reformar sus estatutos y cambiar radicalmente las reglas internas, los pri\u00edstas \u201cnos dimos un tiro en el pie\u201d, y advirti\u00f3 que por ello habr\u00e1n de revisarlos e ir a la refundaci\u00f3n del m\u00e1s antiguo y permanente partido en el poder en M\u00e9xico.<\/p>\n","protected":false},"author":3,"featured_media":384081,"comment_status":"open","ping_status":"open","sticky":false,"template":"","format":"standard","meta":{"_monsterinsights_skip_tracking":false,"_monsterinsights_sitenote_active":false,"_monsterinsights_sitenote_note":"","_monsterinsights_sitenote_category":0,"footnotes":""},"categories":[136],"tags":[43674,93,94],"class_list":["post-384004","post","type-post","status-publish","format-standard","has-post-thumbnail","hentry","category-roberto-vizcaino-opinion","tag-opinion","tag-roberto-vizcaino","tag-tras-la-puerta-del-poder"],"_links":{"self":[{"href":"https:\/\/www.diarioimagen.net\/index.php?rest_route=\/wp\/v2\/posts\/384004","targetHints":{"allow":["GET"]}}],"collection":[{"href":"https:\/\/www.diarioimagen.net\/index.php?rest_route=\/wp\/v2\/posts"}],"about":[{"href":"https:\/\/www.diarioimagen.net\/index.php?rest_route=\/wp\/v2\/types\/post"}],"author":[{"embeddable":true,"href":"https:\/\/www.diarioimagen.net\/index.php?rest_route=\/wp\/v2\/users\/3"}],"replies":[{"embeddable":true,"href":"https:\/\/www.diarioimagen.net\/index.php?rest_route=%2Fwp%2Fv2%2Fcomments&post=384004"}],"version-history":[{"count":0,"href":"https:\/\/www.diarioimagen.net\/index.php?rest_route=\/wp\/v2\/posts\/384004\/revisions"}],"wp:featuredmedia":[{"embeddable":true,"href":"https:\/\/www.diarioimagen.net\/index.php?rest_route=\/wp\/v2\/media\/384081"}],"wp:attachment":[{"href":"https:\/\/www.diarioimagen.net\/index.php?rest_route=%2Fwp%2Fv2%2Fmedia&parent=384004"}],"wp:term":[{"taxonomy":"category","embeddable":true,"href":"https:\/\/www.diarioimagen.net\/index.php?rest_route=%2Fwp%2Fv2%2Fcategories&post=384004"},{"taxonomy":"post_tag","embeddable":true,"href":"https:\/\/www.diarioimagen.net\/index.php?rest_route=%2Fwp%2Fv2%2Ftags&post=384004"}],"curies":[{"name":"wp","href":"https:\/\/api.w.org\/{rel}","templated":true}]}}