{"id":384105,"date":"2018-07-06T00:07:51","date_gmt":"2018-07-06T05:07:51","guid":{"rendered":"http:\/\/www.diarioimagen.net\/?p=384105"},"modified":"2018-07-08T23:27:24","modified_gmt":"2018-07-09T04:27:24","slug":"se-trabajara-en-coordinacion-con-el-nuevo-gobierno-del-mazo","status":"publish","type":"post","link":"https:\/\/www.diarioimagen.net\/?p=384105","title":{"rendered":"Se trabajar\u00e1 en coordinaci\u00f3n con el nuevo gobierno: Del Mazo"},"content":{"rendered":"<ul>\n<li><em><strong>Reconoce triunfo de Andr\u00e9s Manuel L\u00f3pez Obrador<\/strong><\/em><\/li>\n<li><em><strong>Ordena brindar atenci\u00f3n a familias de v\u00edctimas por explosi\u00f3n en Tultepec<\/strong><\/em><\/li>\n<\/ul>\n<p>&nbsp;<\/p>\n<div id=\"attachment_384106\" style=\"width: 470px\" class=\"wp-caption aligncenter\"><img loading=\"lazy\" decoding=\"async\" aria-describedby=\"caption-attachment-384106\" class=\"wp-image-384106 size-large\" src=\"http:\/\/www.diarioimagen.net\/wp-content\/uploads\/2018\/07\/DEL-MAZO6-portal-460x268.jpg\" alt=\"\" width=\"460\" height=\"268\" srcset=\"https:\/\/www.diarioimagen.net\/wp-content\/uploads\/2018\/07\/DEL-MAZO6-portal-460x268.jpg 460w, https:\/\/www.diarioimagen.net\/wp-content\/uploads\/2018\/07\/DEL-MAZO6-portal-240x140.jpg 240w, https:\/\/www.diarioimagen.net\/wp-content\/uploads\/2018\/07\/DEL-MAZO6-portal.jpg 480w\" sizes=\"auto, (max-width: 460px) 100vw, 460px\" \/><p id=\"caption-attachment-384106\" class=\"wp-caption-text\">Alfredo Del Mazo inaugur\u00f3 el Tercer Foro Internacional de Protecci\u00f3n de Datos y Acceso a la Informaci\u00f3n.<\/p><\/div>\n<p>&nbsp;<\/p>\n<p>&nbsp;<\/p>\n<p><strong>Toluca, Estado de M\u00e9xico<\/strong>.- El gobernador Alfredo Del Mazo Maza reconoci\u00f3 el triunfo del candidato ganador en la elecci\u00f3n para Presidente del pa\u00eds y asegur\u00f3 que la administraci\u00f3n mexiquense trabajar\u00e1 en coordinaci\u00f3n con el nuevo gobierno federal,\u00a0 privilegiando el bienestar de la sociedad del Estado de M\u00e9xico.<\/p>\n<p>\u201cReconozco el triunfo del candidato ganador en la elecci\u00f3n de Presidente de la Rep\u00fablica. El gobierno del Estado de M\u00e9xico trabajar\u00e1 de la mano del nuevo gobierno de la Rep\u00fablica y junto con las distintas fuerzas pol\u00edticas representadas en la entidad, respetando los tiempos y disposiciones legales, y privilegiando siempre el bienestar de los mexiquenses\u201d, se\u00f1al\u00f3.<\/p>\n<p>En el d\u00e9cimo aniversario del INFOEM, en el que inaugur\u00f3 el Tercer Foro Internacional de Protecci\u00f3n de Datos y Acceso a la Informaci\u00f3n, Alfredo Del Mazo reconoci\u00f3 la actuaci\u00f3n de candidatas y candidatos de todas las fuerzas pol\u00edticas, de las autoridades electorales y de los millones de ciudadanos que participaron como funcionarios de casilla, pues gracias a\u00a0 su comportamiento lograron que en la entidad se tuviera una jornada ejemplar.<\/p>\n<p>En otro orden de ideas, el mandatario mexiquense tambi\u00e9n lament\u00f3 los hechos ocurridos en el municipio de Tultepec, en los que hubo p\u00e9rdida de vidas y lesionados, e instruy\u00f3 a la Secretar\u00edas General de Gobierno, Salud y Seguridad, brindar la atenci\u00f3n necesaria a las familias de\u00a0 los fallecidos y a los damnificados.<\/p>\n<p>\u201cPrimero que nada lamentar los hechos que acaban de suceder en el municipio de Tultepec, en el Estado de M\u00e9xico, tuvimos la explosi\u00f3n de un polvor\u00edn. He instruido a la Secretar\u00eda General de Gobierno y a la Secretar\u00eda de Seguridad y a la de Salud que puedan trasladarse al lugar de los hechos para poder atender a las familias y a los damnificados de manera inmediata\u201d.<\/p>\n<p>Por otro lado, el gobernador Del Mazo reconoci\u00f3 el trabajo\u00a0 del INFOEM, ya que a una d\u00e9cada de su creaci\u00f3n como organismo aut\u00f3nomo se ha ganado un s\u00f3lido prestigio como una instituci\u00f3n moderna, innovadora y comprometida con la rendici\u00f3n de cuentas.<\/p>\n<p>Ante la Comisionada Presidenta del\u00a0 INFOEM, Zulema Mart\u00ednez S\u00e1nchez y de Orlando Espinosa Rodr\u00edguez, Coordinador de los Organismos Garantes de las Entidades del Sistema Nacional de Transparencia, Del Mazo Maza destac\u00f3 que la rendici\u00f3n de cuentas es fundamental para evaluar el desempe\u00f1o del gobierno, adem\u00e1s que inhibe pr\u00e1cticas indebidas entre los funcionarios y fortalece el dialogo p\u00fablico.<\/p>\n<p>\u201cLa transparencia, m\u00e1s que un compromiso, es una obligaci\u00f3n \u00e9tica del Estado, que da sentido al servicio p\u00fablico, construye puentes de confianza entre la sociedad civil y el gobierno, y responde a la mayor exigencia que hoy en d\u00eda tienen los ciudadanos: gobiernos comprometidos con el combate frontal a la corrupci\u00f3n\u201d, enfatiz\u00f3.<\/p>\n<p>Agreg\u00f3 que la tarea de este instituto ha permitido que el Estado de M\u00e9xico haya sido evaluado por cinco a\u00f1os consecutivos como el primer lugar en el \u00cdndice de Transparencia y Disponibilidad de la Informaci\u00f3n F\u00edsica en las Entidades Federativas, y que es el \u00fanico en el pa\u00eds que ha hecho obligatoria la certificaci\u00f3n de sus titulares, bajo un esquema de evaluaci\u00f3n de competencias laborales.<\/p>\n<p>En este evento realizado en el Centro de Convenciones y Exposiciones de Toluca tambi\u00e9n estuvieron presentes: Francisco V\u00e1zquez Rodr\u00edguez y Miguel S\u00e1mano Peralta, Presidentes de la Diputaci\u00f3n Permanente\u00a0 y de la Junta de Coordinaci\u00f3n Pol\u00edtica de la LIX Legislatura local, respectivamente, Sergio Medina Pe\u00f1aloza, Presidente del Tribunal Superior de Justicia, los\u00a0 Secretarios de la Contralor\u00eda, de Justicia y Derechos Humanos y de Educaci\u00f3n, entre otros funcionarios.<\/p>\n","protected":false},"excerpt":{"rendered":"<p>El gobernador Alfredo Del Mazo Maza reconoci\u00f3 el triunfo del candidato ganador en la elecci\u00f3n para Presidente del pa\u00eds y asegur\u00f3 que la administraci\u00f3n mexiquense trabajar\u00e1 en coordinaci\u00f3n con el nuevo gobierno federal,  privilegiando el bienestar de la sociedad del Estado de M\u00e9xico.<\/p>\n","protected":false},"author":5,"featured_media":384106,"comment_status":"open","ping_status":"open","sticky":false,"template":"","format":"standard","meta":{"_monsterinsights_skip_tracking":false,"_monsterinsights_sitenote_active":false,"_monsterinsights_sitenote_note":"","_monsterinsights_sitenote_category":0,"footnotes":""},"categories":[5],"tags":[2505,1352,75618,43675,11001,75619,75620,452],"class_list":["post-384105","post","type-post","status-publish","format-standard","has-post-thumbnail","hentry","category-estado-de-mexico","tag-alfredo-del-mazo-maza","tag-andres-manuel-lopez-obrador","tag-coordinacion-con-el-nuevo-gobierno","tag-estado-de-mexico","tag-infoem","tag-presidente-del-pais","tag-tercer-foro-internacional-de-proteccion","tag-toluca"],"_links":{"self":[{"href":"https:\/\/www.diarioimagen.net\/index.php?rest_route=\/wp\/v2\/posts\/384105","targetHints":{"allow":["GET"]}}],"collection":[{"href":"https:\/\/www.diarioimagen.net\/index.php?rest_route=\/wp\/v2\/posts"}],"about":[{"href":"https:\/\/www.diarioimagen.net\/index.php?rest_route=\/wp\/v2\/types\/post"}],"author":[{"embeddable":true,"href":"https:\/\/www.diarioimagen.net\/index.php?rest_route=\/wp\/v2\/users\/5"}],"replies":[{"embeddable":true,"href":"https:\/\/www.diarioimagen.net\/index.php?rest_route=%2Fwp%2Fv2%2Fcomments&post=384105"}],"version-history":[{"count":0,"href":"https:\/\/www.diarioimagen.net\/index.php?rest_route=\/wp\/v2\/posts\/384105\/revisions"}],"wp:featuredmedia":[{"embeddable":true,"href":"https:\/\/www.diarioimagen.net\/index.php?rest_route=\/wp\/v2\/media\/384106"}],"wp:attachment":[{"href":"https:\/\/www.diarioimagen.net\/index.php?rest_route=%2Fwp%2Fv2%2Fmedia&parent=384105"}],"wp:term":[{"taxonomy":"category","embeddable":true,"href":"https:\/\/www.diarioimagen.net\/index.php?rest_route=%2Fwp%2Fv2%2Fcategories&post=384105"},{"taxonomy":"post_tag","embeddable":true,"href":"https:\/\/www.diarioimagen.net\/index.php?rest_route=%2Fwp%2Fv2%2Ftags&post=384105"}],"curies":[{"name":"wp","href":"https:\/\/api.w.org\/{rel}","templated":true}]}}