{"id":384115,"date":"2018-07-06T00:07:26","date_gmt":"2018-07-06T05:07:26","guid":{"rendered":"http:\/\/www.diarioimagen.net\/?p=384115"},"modified":"2018-07-06T00:45:44","modified_gmt":"2018-07-06T05:45:44","slug":"laura-pausini-lanza-nuevo-este-6-de-julio","status":"publish","type":"post","link":"https:\/\/www.diarioimagen.net\/?p=384115","title":{"rendered":"Laura Pausini lanza  \u201cNuevo\u201d este 6 de julio"},"content":{"rendered":"<ul>\n<li><em><strong>El segundo sencillo de su m\u00e1s reciente \u00e1lbum \u201cHazte sentir\u201d, llega d\u00edas antes del esperado inicio de su \u201cHazte sentir world tour\u201d que adem\u00e1s de Europa se presentar\u00e1 en Miami, Los \u00c1ngeles y Nueva York<\/strong><\/em><\/li>\n<\/ul>\n<p>&nbsp;<\/p>\n<div id=\"attachment_384116\" style=\"width: 400px\" class=\"wp-caption aligncenter\"><img loading=\"lazy\" decoding=\"async\" aria-describedby=\"caption-attachment-384116\" class=\"size-large wp-image-384116\" src=\"http:\/\/www.diarioimagen.net\/wp-content\/uploads\/2018\/07\/laura-pausini-POORTAL-390x460.jpg\" alt=\"\" width=\"390\" height=\"460\" srcset=\"https:\/\/www.diarioimagen.net\/wp-content\/uploads\/2018\/07\/laura-pausini-POORTAL-390x460.jpg 390w, https:\/\/www.diarioimagen.net\/wp-content\/uploads\/2018\/07\/laura-pausini-POORTAL-203x240.jpg 203w, https:\/\/www.diarioimagen.net\/wp-content\/uploads\/2018\/07\/laura-pausini-POORTAL.jpg 700w\" sizes=\"auto, (max-width: 390px) 100vw, 390px\" \/><p id=\"caption-attachment-384116\" class=\"wp-caption-text\">\u201cNuevo,\u201d un reggaet\u00f3n muy al estilo Pausini, fue compuesto por Laura junto con Yoel Henr\u00edquez, con la m\u00fasica de Daniel Vuletic, hist\u00f3rico colaborador de la cantante.<\/p><\/div>\n<p>&nbsp;<\/p>\n<p>La consagrada artista Laura Pausini estrenar\u00e1 este viernes 6\u00a0 de julio, el segundo sencillo de su m\u00e1s reciente producci\u00f3n discogr\u00e1fica titulado \u201cNuevo\u201d en todas las plataformas digitales<\/p>\n<p>\u201cNuevo,\u201d un reggaet\u00f3n muy al estilo Pausini, fue compuesto por Laura junto con Yoel Henr\u00edquez, con la m\u00fasica de Daniel Vuletic, hist\u00f3rico colaborador de la cantante.<\/p>\n<p>\u201cNuevo\u201d es mi manera de lidiar con un estilo inusual, que me da la oportunidad de dar rienda suelta a mi lado latino, \u2018un sentimiento nuevo\u2019 como dice la canci\u00f3n. Es un juego de seducci\u00f3n que fluye en una corriente de sensaciones en las que puedes perderte y perder el control. No sirven subtextos, no sirven superestructuras, qui\u00e9n manda es la alquimia que emana de una chispa y todo sucede, expres\u00f3 Laura Pausini sobre el \u00e1lbum.<\/p>\n<p>El estreno de \u201cNuevo\u201d viene acompa\u00f1ado de un video muy tropical, grabado en la ciudad de Miami, bajo la direcci\u00f3n de Nuno G\u00f3mez.<\/p>\n<p>Este estreno llega a unos d\u00edas del inicio oficial de \u201cHazte sentir world tour\u201d, la esperada gira de Laura que arranca\u00a0el 21 de julio en Roma y que la llevar\u00e1 a los escenarios m\u00e1s importantes de Europa, Latinoam\u00e9rica y Estados Unidos. Dentro de los conciertos que realizar\u00e1 en M\u00e9xico\u00a0 se encuentran:\u00a0 Monterrey el 31 de julio en la Arena Monterrey, el 2 de agosto en el Auditorio Telmex de Guadalajara\u00a0\u00a0y 4 de agosto en la Arena Ciudad de M\u00e9xico.<\/p>\n","protected":false},"excerpt":{"rendered":"<p>La consagrada artista Laura Pausini estrenar\u00e1 este viernes 6\u00a0 de julio, el segundo sencillo de su m\u00e1s reciente producci\u00f3n discogr\u00e1fica titulado \u201cNuevo\u201d en todas las plataformas digitales<\/p>\n","protected":false},"author":5,"featured_media":384117,"comment_status":"open","ping_status":"open","sticky":false,"template":"","format":"standard","meta":{"_monsterinsights_skip_tracking":false,"_monsterinsights_sitenote_active":false,"_monsterinsights_sitenote_note":"","_monsterinsights_sitenote_category":0,"footnotes":""},"categories":[12],"tags":[75621,43682,22133,75624,1835,63368,75623,75622],"class_list":["post-384115","post","type-post","status-publish","format-standard","has-post-thumbnail","hentry","category-espectaculos","tag-6-de-julio","tag-espectaculos","tag-laura-pausini","tag-los-angeles-y-nueva-york","tag-miami","tag-nuevo","tag-hazte-sentir-world-tour","tag-hazte-sentir"],"_links":{"self":[{"href":"https:\/\/www.diarioimagen.net\/index.php?rest_route=\/wp\/v2\/posts\/384115","targetHints":{"allow":["GET"]}}],"collection":[{"href":"https:\/\/www.diarioimagen.net\/index.php?rest_route=\/wp\/v2\/posts"}],"about":[{"href":"https:\/\/www.diarioimagen.net\/index.php?rest_route=\/wp\/v2\/types\/post"}],"author":[{"embeddable":true,"href":"https:\/\/www.diarioimagen.net\/index.php?rest_route=\/wp\/v2\/users\/5"}],"replies":[{"embeddable":true,"href":"https:\/\/www.diarioimagen.net\/index.php?rest_route=%2Fwp%2Fv2%2Fcomments&post=384115"}],"version-history":[{"count":0,"href":"https:\/\/www.diarioimagen.net\/index.php?rest_route=\/wp\/v2\/posts\/384115\/revisions"}],"wp:featuredmedia":[{"embeddable":true,"href":"https:\/\/www.diarioimagen.net\/index.php?rest_route=\/wp\/v2\/media\/384117"}],"wp:attachment":[{"href":"https:\/\/www.diarioimagen.net\/index.php?rest_route=%2Fwp%2Fv2%2Fmedia&parent=384115"}],"wp:term":[{"taxonomy":"category","embeddable":true,"href":"https:\/\/www.diarioimagen.net\/index.php?rest_route=%2Fwp%2Fv2%2Fcategories&post=384115"},{"taxonomy":"post_tag","embeddable":true,"href":"https:\/\/www.diarioimagen.net\/index.php?rest_route=%2Fwp%2Fv2%2Ftags&post=384115"}],"curies":[{"name":"wp","href":"https:\/\/api.w.org\/{rel}","templated":true}]}}