{"id":384181,"date":"2018-07-06T00:07:48","date_gmt":"2018-07-06T05:07:48","guid":{"rendered":"http:\/\/www.diarioimagen.net\/?p=384181"},"modified":"2018-07-06T08:12:36","modified_gmt":"2018-07-06T13:12:36","slug":"servicios-publicos-de-tultitlan-realiza-de-manera-permanente-jornadas-de-limpieza","status":"publish","type":"post","link":"https:\/\/www.diarioimagen.net\/?p=384181","title":{"rendered":"Servicios P\u00fablicos de Tultitl\u00e1n realiza de manera permanente jornadas de limpieza"},"content":{"rendered":"<ul>\n<li><strong><em>Los ciudadanos se sumaron a las acciones<\/em><\/strong><\/li>\n<\/ul>\n<p>&nbsp;<\/p>\n<div id=\"attachment_384252\" style=\"width: 470px\" class=\"wp-caption aligncenter\"><a href=\"http:\/\/www.diarioimagen.net\/?attachment_id=384252\" rel=\"attachment wp-att-384252\"><img loading=\"lazy\" decoding=\"async\" aria-describedby=\"caption-attachment-384252\" class=\"size-large wp-image-384252\" src=\"http:\/\/www.diarioimagen.net\/wp-content\/uploads\/2018\/07\/TULTITLAN-3405-460x259.jpg\" alt=\"\" width=\"460\" height=\"259\" srcset=\"https:\/\/www.diarioimagen.net\/wp-content\/uploads\/2018\/07\/TULTITLAN-3405-460x259.jpg 460w, https:\/\/www.diarioimagen.net\/wp-content\/uploads\/2018\/07\/TULTITLAN-3405-240x135.jpg 240w, https:\/\/www.diarioimagen.net\/wp-content\/uploads\/2018\/07\/TULTITLAN-3405-235x132.jpg 235w, https:\/\/www.diarioimagen.net\/wp-content\/uploads\/2018\/07\/TULTITLAN-3405-202x114.jpg 202w, https:\/\/www.diarioimagen.net\/wp-content\/uploads\/2018\/07\/TULTITLAN-3405-350x196.jpg 350w, https:\/\/www.diarioimagen.net\/wp-content\/uploads\/2018\/07\/TULTITLAN-3405-220x123.jpg 220w, https:\/\/www.diarioimagen.net\/wp-content\/uploads\/2018\/07\/TULTITLAN-3405-237x132.jpg 237w, https:\/\/www.diarioimagen.net\/wp-content\/uploads\/2018\/07\/TULTITLAN-3405.jpg 480w\" sizes=\"auto, (max-width: 460px) 100vw, 460px\" \/><\/a><p id=\"caption-attachment-384252\" class=\"wp-caption-text\">Autoridades municipales manifestaron que se ha trabajado en la limpieza en las \u00e1reas verdes, donde vecinos se unieron para limpiar el frente de sus casas.<\/p><\/div>\n<p>&nbsp;<\/p>\n<p><strong>Tultitl\u00e1n, Estado de M\u00e9xico<\/strong>.- Para\u00a0 fomentar la conciencia ambiental y estimular\u00a0 la participaci\u00f3n ciudadana, el ayuntamiento encabezado por Jorge Ad\u00e1n Barr\u00f3n Elizalde a trav\u00e9s de la direcci\u00f3n de Servicios P\u00fablicos, contin\u00faa con las jornadas de limpieza, donde ciudadanos y autoridades municipales suman esfuerzos para dejar libre de basura a las colonias que resultan m\u00e1s afectadas por las precipitaciones pluviales.<\/p>\n<p>De esta forma, la direcci\u00f3n de Servicios P\u00fablicos encabeza las actividades de limpia, retiro de escombro, poda de \u00e1rboles, barrido, bacheo y reparaci\u00f3n de luminarias\u00a0 que se realizan diariamente en toda la demarcaci\u00f3n.<\/p>\n<p>Autoridades municipales, manifestaron que se ha trabajado en la limpieza en las \u00e1reas verdes donde vecinos se unieron a la estrategia\u00a0 para limpiar el frente de sus casas, as\u00ed como las \u00e1reas comunes.<\/p>\n<p>Es importante mencionar que tambi\u00e9n estuvo en el lugar personal de alumbrado p\u00fablico revisando las l\u00e1mparas en diferentes calles de varias colonias, donde adem\u00e1s se podaron\u00a0 \u00e1rboles, se realizaron mejoras al pasto y la recolecci\u00f3n de basura que estaba abandonada y con ello lograron mejorar la imagen, la seguridad y evitando focos de infecci\u00f3n en la zona.<\/p>\n<p>Cabe destacar que servicios P\u00fablicos contin\u00faa trabajando en el retiro de escombro y basura de las principales avenidas, haciendo un llamado a la ciudadan\u00eda para que no tiren basura, porque mucha llega directo a los arroyos, o a los terrenos bald\u00edos, generando contaminaci\u00f3n en la zona y se convierten en focos de infecci\u00f3n, lo que afecta la salud de los habitantes.<\/p>\n<p>Finalmente autoridades municipales ponen a disposici\u00f3n el n\u00famero telef\u00f3nico 58881116 para denunciar a quienes tiren basura en la v\u00eda p\u00fablica y contaminen ya que ser\u00e1n castigados conforme a la ley.<\/p>\n","protected":false},"excerpt":{"rendered":"<p>Para  fomentar la conciencia ambiental y estimular  la participaci\u00f3n ciudadana, el ayuntamiento encabezado por Jorge Ad\u00e1n Barr\u00f3n Elizalde a trav\u00e9s de la direcci\u00f3n de Servicios P\u00fablicos, contin\u00faa con las jornadas de limpieza, donde ciudadanos y autoridades municipales suman esfuerzos para dejar libre de basura a las colonias que resultan m\u00e1s afectadas por las precipitaciones pluviales.<\/p>\n","protected":false},"author":3,"featured_media":384252,"comment_status":"open","ping_status":"open","sticky":false,"template":"","format":"standard","meta":{"_monsterinsights_skip_tracking":false,"_monsterinsights_sitenote_active":false,"_monsterinsights_sitenote_note":"","_monsterinsights_sitenote_category":0,"footnotes":""},"categories":[35155],"tags":[43675,2007,75660,578],"class_list":["post-384181","post","type-post","status-publish","format-standard","has-post-thumbnail","hentry","category-estado-de-mexico-estado-de-mexico","tag-estado-de-mexico","tag-limpieza","tag-manera","tag-tultitlan"],"_links":{"self":[{"href":"https:\/\/www.diarioimagen.net\/index.php?rest_route=\/wp\/v2\/posts\/384181","targetHints":{"allow":["GET"]}}],"collection":[{"href":"https:\/\/www.diarioimagen.net\/index.php?rest_route=\/wp\/v2\/posts"}],"about":[{"href":"https:\/\/www.diarioimagen.net\/index.php?rest_route=\/wp\/v2\/types\/post"}],"author":[{"embeddable":true,"href":"https:\/\/www.diarioimagen.net\/index.php?rest_route=\/wp\/v2\/users\/3"}],"replies":[{"embeddable":true,"href":"https:\/\/www.diarioimagen.net\/index.php?rest_route=%2Fwp%2Fv2%2Fcomments&post=384181"}],"version-history":[{"count":0,"href":"https:\/\/www.diarioimagen.net\/index.php?rest_route=\/wp\/v2\/posts\/384181\/revisions"}],"wp:featuredmedia":[{"embeddable":true,"href":"https:\/\/www.diarioimagen.net\/index.php?rest_route=\/wp\/v2\/media\/384252"}],"wp:attachment":[{"href":"https:\/\/www.diarioimagen.net\/index.php?rest_route=%2Fwp%2Fv2%2Fmedia&parent=384181"}],"wp:term":[{"taxonomy":"category","embeddable":true,"href":"https:\/\/www.diarioimagen.net\/index.php?rest_route=%2Fwp%2Fv2%2Fcategories&post=384181"},{"taxonomy":"post_tag","embeddable":true,"href":"https:\/\/www.diarioimagen.net\/index.php?rest_route=%2Fwp%2Fv2%2Ftags&post=384181"}],"curies":[{"name":"wp","href":"https:\/\/api.w.org\/{rel}","templated":true}]}}