{"id":384183,"date":"2018-07-06T00:06:15","date_gmt":"2018-07-06T05:06:15","guid":{"rendered":"http:\/\/www.diarioimagen.net\/?p=384183"},"modified":"2018-07-06T08:16:59","modified_gmt":"2018-07-06T13:16:59","slug":"el-ex-alcalde-sera-diputado-por-el-xxix-distrito-recibe-edgar-olvera-su-constancia-de-mayoria","status":"publish","type":"post","link":"https:\/\/www.diarioimagen.net\/?p=384183","title":{"rendered":"El ex alcalde ser\u00e1 diputado por el XXIX Distrito; recibe Edgar Olvera su constancia de mayor\u00eda"},"content":{"rendered":"<p><a href=\"http:\/\/www.diarioimagen.net\/?attachment_id=384255\" rel=\"attachment wp-att-384255\"><img loading=\"lazy\" decoding=\"async\" class=\"aligncenter size-large wp-image-384255\" src=\"http:\/\/www.diarioimagen.net\/wp-content\/uploads\/2018\/07\/NAUCALPAN-3405-460x259.jpg\" alt=\"\" width=\"460\" height=\"259\" srcset=\"https:\/\/www.diarioimagen.net\/wp-content\/uploads\/2018\/07\/NAUCALPAN-3405-460x259.jpg 460w, https:\/\/www.diarioimagen.net\/wp-content\/uploads\/2018\/07\/NAUCALPAN-3405-240x135.jpg 240w, https:\/\/www.diarioimagen.net\/wp-content\/uploads\/2018\/07\/NAUCALPAN-3405-235x132.jpg 235w, https:\/\/www.diarioimagen.net\/wp-content\/uploads\/2018\/07\/NAUCALPAN-3405-202x114.jpg 202w, https:\/\/www.diarioimagen.net\/wp-content\/uploads\/2018\/07\/NAUCALPAN-3405-350x196.jpg 350w, https:\/\/www.diarioimagen.net\/wp-content\/uploads\/2018\/07\/NAUCALPAN-3405-220x123.jpg 220w, https:\/\/www.diarioimagen.net\/wp-content\/uploads\/2018\/07\/NAUCALPAN-3405-237x132.jpg 237w, https:\/\/www.diarioimagen.net\/wp-content\/uploads\/2018\/07\/NAUCALPAN-3405.jpg 480w\" sizes=\"auto, (max-width: 460px) 100vw, 460px\" \/><\/a><\/p>\n<p>&nbsp;<\/p>\n<p><strong>Naucalpan, Estado de M\u00e9xico<\/strong><strong>.-<\/strong> Edgar Olvera Higuera recibi\u00f3 constancia de mayor\u00eda\u00a0 como diputado local\u00a0 electo por el Distrito XXIX, tras concluir el c\u00f3mputo del Instituto Electoral del Estado de M\u00e9xico (IEEM).<\/p>\n<p>De esta forma,\u00a0Edgar Olvera ratifica que la ciudadan\u00eda de los municipios de Naucalpan y Atizap\u00e1n, que conforman el Distrito XXIX, le otorg\u00f3 nuevamente su confianza para seguir trabajando e impulsando a los mexiquenses.<\/p>\n<p>Edgar Olvera agradeci\u00f3 a los ciudadanos su voto, al tiempo que refrend\u00f3 que los representar\u00e1 y legislar\u00e1 para que los recursos estatales bajen a los municipios del Valle de M\u00e9xico, apoyar\u00e1 a los gobiernos locales para que puedan realizar m\u00e1s obras y mejorar la calidad de vida de las familias, entre otras acciones que realizar\u00e1 como legislador.<\/p>\n","protected":false},"excerpt":{"rendered":"<p>Edgar Olvera Higuera recibi\u00f3 constancia de mayor\u00eda  como diputado local  electo por el Distrito XXIX, tras concluir el c\u00f3mputo del Instituto Electoral del Estado de M\u00e9xico (IEEM).<\/p>\n","protected":false},"author":3,"featured_media":384255,"comment_status":"open","ping_status":"open","sticky":false,"template":"","format":"standard","meta":{"_monsterinsights_skip_tracking":false,"_monsterinsights_sitenote_active":false,"_monsterinsights_sitenote_note":"","_monsterinsights_sitenote_category":0,"footnotes":""},"categories":[35155],"tags":[75661,68767,43675,65794],"class_list":["post-384183","post","type-post","status-publish","format-standard","has-post-thumbnail","hentry","category-estado-de-mexico-estado-de-mexico","tag-aucalpan","tag-edgar-olvera","tag-estado-de-mexico","tag-mayoria"],"_links":{"self":[{"href":"https:\/\/www.diarioimagen.net\/index.php?rest_route=\/wp\/v2\/posts\/384183","targetHints":{"allow":["GET"]}}],"collection":[{"href":"https:\/\/www.diarioimagen.net\/index.php?rest_route=\/wp\/v2\/posts"}],"about":[{"href":"https:\/\/www.diarioimagen.net\/index.php?rest_route=\/wp\/v2\/types\/post"}],"author":[{"embeddable":true,"href":"https:\/\/www.diarioimagen.net\/index.php?rest_route=\/wp\/v2\/users\/3"}],"replies":[{"embeddable":true,"href":"https:\/\/www.diarioimagen.net\/index.php?rest_route=%2Fwp%2Fv2%2Fcomments&post=384183"}],"version-history":[{"count":0,"href":"https:\/\/www.diarioimagen.net\/index.php?rest_route=\/wp\/v2\/posts\/384183\/revisions"}],"wp:featuredmedia":[{"embeddable":true,"href":"https:\/\/www.diarioimagen.net\/index.php?rest_route=\/wp\/v2\/media\/384255"}],"wp:attachment":[{"href":"https:\/\/www.diarioimagen.net\/index.php?rest_route=%2Fwp%2Fv2%2Fmedia&parent=384183"}],"wp:term":[{"taxonomy":"category","embeddable":true,"href":"https:\/\/www.diarioimagen.net\/index.php?rest_route=%2Fwp%2Fv2%2Fcategories&post=384183"},{"taxonomy":"post_tag","embeddable":true,"href":"https:\/\/www.diarioimagen.net\/index.php?rest_route=%2Fwp%2Fv2%2Ftags&post=384183"}],"curies":[{"name":"wp","href":"https:\/\/api.w.org\/{rel}","templated":true}]}}