{"id":384369,"date":"2018-07-09T00:02:40","date_gmt":"2018-07-09T05:02:40","guid":{"rendered":"http:\/\/www.diarioimagen.net\/?p=384369"},"modified":"2018-07-09T01:11:29","modified_gmt":"2018-07-09T06:11:29","slug":"mexico-y-reino-unido-cooperan-en-agrotecnologia","status":"publish","type":"post","link":"https:\/\/www.diarioimagen.net\/?p=384369","title":{"rendered":"M\u00e9xico y Reino Unido cooperan en agrotecnolog\u00eda"},"content":{"rendered":"<h2>\u201cHora 14\u201d<\/h2>\n<h5>Mauricio Conde Olivares<\/h5>\n<p>&nbsp;<\/p>\n<p>Ante el inicio de la temporada vacacional de verano y la llegada de una gran cantidad de turistas a la Riviera Maya, Paradisus Playa del Carmen La Perla &amp; La Esmeralda reconoci\u00f3 los esfuerzos que realizan las autoridades de los tres niveles de gobierno, en especial de la Zona Federal Mar\u00edtimo Terrestre (Zofemat), por limpiar la zona costera ante el recale masivo de sargazo.<\/p>\n<p>\u201cLos hoteleros y empresarios tur\u00edsticos estamos agradecidos por la ardua labor que realiza el gobierno por dejar limpias las playas de sargazo y contribuir a que los visitantes se lleven una buena impresi\u00f3n de su visita a Playa del Carmen en la presente temporada vacacional\u201d, se\u00f1al\u00f3 Conrad Bergwerf, Director General del resort y presidente electo de la Asociaci\u00f3n de Hoteles de la Riviera Maya.<\/p>\n<p>El directivo reconoci\u00f3 los esfuerzos que realiza la Zofemat, junto con el gobierno del estado y los hoteleros para trabajar en forma conjunta y buscar alternativas para la limpieza, uso y disposici\u00f3n final de las algas marinas que han invadido la zona del Caribe.<\/p>\n<p>\u201cEs urgente que actuemos r\u00e1pido para evitar da\u00f1ar la imagen tur\u00edstica de la Riviera Maya con la presencia del sargazo que adem\u00e1s de representar una afectaci\u00f3n visual para los visitantes genera un olor desagradable al medio ambiente\u201d, precis\u00f3 Conrad Bergwerf.<\/p>\n<p>Destac\u00f3 que Paradisus Playa del Carmen La Perla &amp; La Esmeralda se ha sumado en forma permanente en apoyar a las autoridades con esta labor para lo cual ha dispuesto de personal y equipo para retirar diariamente el exceso de sargazo de los arenales frente al hotel y analiza junto con las autoridades lo que ser\u00e1 la disposici\u00f3n final de estos residuos.<\/p>\n<p>Paradisus Playa del Carmen La Perla &amp; La Esmeralda es un resort de clase mundial comprometido con el turismo sustentable, la protecci\u00f3n del medio ambiente y la responsabilidad social a favor de la comunidad por lo que en forma constante participa en acciones en beneficio del H. Cuerpo de Bomberos, la Polic\u00eda Federal a la que recientemente don\u00f3 cuatrimotos para la vigilancia de la zona costera y la recaudaci\u00f3n de fondos de la Unicef para escuelas del municipio, entre otras iniciativas.<\/p>\n<p>Paradisus by Meli\u00e1 es una marca de hoteles de lujo todo incluido propiedad de Meli\u00e1 Hotels International, una de las compa\u00f1\u00edas hoteleras m\u00e1s exitosas de todo el mundo.<\/p>\n<p>Esta marca en expansi\u00f3n cuenta actualmente con nueve hoteles tanto en la Rep\u00fablica Dominicana como en M\u00e9xico.<\/p>\n<p>Los resorts ofrecen categor\u00edas \u00fanicas de habitaciones y opciones de lujo, incluyendo Royal Service (s\u00f3lo para adultos) y Family Concierge (familias solamente), que son ideales para una amplia gama de hu\u00e9spedes: parejas, vacaciones en familia, bodas y viajes de negocios.<\/p>\n<p>Por otra parte, Aeropuertos y Servicios Auxiliares (ASA) y la Academia Internacional de Ciencias Sociales y de la Salud (AICSS), firmaron una colaboraci\u00f3n para realizar acciones conjuntas tendientes a promover el intercambio acad\u00e9mico y capacitaci\u00f3n especializada en Medicina Aeroespacial y del Transporte.<\/p>\n<p>La instrucci\u00f3n en Medicina Aeroespacial y del Transporte ser\u00e1 impartida en las instalaciones del CIIASA a partir del 14 de julio y hasta el 16 de diciembre, con el objetivo de capacitar a los profesionales de la aviaci\u00f3n para que conozcan y atiendan los principales riesgos y situaciones que influyen en la salud y su impacto en el \u00e1mbito aeroespacial y del transporte, con la finalidad de disminuir la frecuencia de incidentes y accidentes.<\/p>\n<p>El CIIASA, reconocido como Centro Regional de Excelencia en instrucci\u00f3n TRAINAIR PLUS y Centro Internacional de Instrucci\u00f3n en Seguridad de la Aviaci\u00f3n Civil por la Organizaci\u00f3n de Aviaci\u00f3n Civil Internacional (OACI), al ser uno de los mejores centros de instrucci\u00f3n en su tipo a nivel mundial, conjunta esfuerzos con la AICSS para impartir una serie de cursos en diversos \u00e1mbitos de la Medicina Aeroespacial y del Transporte: Cardiolog\u00eda de la Medicina Aeroespacial y del Transporte, Ambulancias A\u00e9reas, Medicina de Aviaci\u00f3n para Personal T\u00e9cnico Aeron\u00e1utico, adem\u00e1s de dos Diplomados, uno en Medicina Aeroespacial y del Transporte, y otro de Factores Humanos en el Transporte Aeroespacial, Terrestre y Mar\u00edtimo, as\u00ed como la realizaci\u00f3n del Primer Simposio Internacional de Enfermer\u00eda y Medicina Aeroespaciales.<\/p>\n<p>Aeropuertos y Servicios Auxiliares reafirm\u00f3 con ello el compromiso de trabajo coordinado con organismos especializados, para la formaci\u00f3n de nuevos profesionales altamente capacitados en beneficio del sector a\u00e9reo y aeron\u00e1utico mundial.<\/p>\n<p>En tanto, la Agencia Espacial Mexicana (AEM), organismo descentralizado de la Secretar\u00eda de Comunicaciones y Transportes (SCT); la Secretar\u00eda de Agricultura, Ganader\u00eda, Desarrollo Rural, Pesca y Alimentaci\u00f3n (Sagarpa); y la Embajada de Reino Unido en M\u00e9xico, unieron esfuerzos en un nuevo proyecto en materia espacial a fin de innovar con aplicaciones de tecnolog\u00eda satelital para apoyo de la agricultura en M\u00e9xico.<\/p>\n<p>En el marco de la reuni\u00f3n bilateral efectuada en las instalaciones de la Agencia, el Dr. Francisco Javier Mendieta Jim\u00e9nez, Director General de la AEM, destac\u00f3 que d\u00eda a d\u00eda se generan alianzas estrat\u00e9gicas para que M\u00e9xico participe en todo el proceso de los proyectos de la industria aeroespacial, no s\u00f3lo como cliente, sino en esquemas integrales con transferencia de tecnolog\u00eda y conocimientos para nuestro pa\u00eds.<\/p>\n<p>El cient\u00edfico explic\u00f3: \u201cActualmente, la informaci\u00f3n satelital se puede utilizar para contar con medidas y modelos computacionales, ya capaces de apoyar la toma de decisiones de los agricultores y poder optimizar las t\u00e9cnicas de cultivo, cuidar el medio ambiente y beneficiar las finanzas de los productores, en estrategias sustentables y sostenibles, a mediano y largo plazo\u201d, expres\u00f3.<\/p>\n<p>En este sentido, se\u00f1al\u00f3 que, un ejemplo de ello es el uso potencial de aplicaciones en celulares, con informaci\u00f3n valiosa para cultivos, entre otros, como el trigo o la ca\u00f1a de az\u00facar en el territorio mexicano, a fin de apoyar una mejor producci\u00f3n, competitividad y comercializaci\u00f3n, \u201capps\u201d que puedan ser potenciadas por el talento y creatividad que la juventud mexicana ha demostrado en el tema espacial-satelital.<\/p>\n<p>Por su parte el doctor Emmanuel Ibarra Estrada, Secretario del Sistema Nacional de Investigaci\u00f3n y Transferencia Tecnol\u00f3gica para el Desarrollo Rural Sustentable (SNITT) de la Sagarpa, inform\u00f3 que este \u00f3rgano desarrolla la plataforma Agenda Mexicana Agroalimentaria (AMEXAGRO), un esfuerzo de coordinaci\u00f3n interinstitucional y multidisciplinaria de la informaci\u00f3n disponible en la planeaci\u00f3n agr\u00edcola nacional.<\/p>\n<p>Se\u00f1al\u00f3 que \u00e9sta presenta de forma din\u00e1mica las necesidades de innovaci\u00f3n y desarrollo tecnol\u00f3gico de los subsectores agr\u00edcola, pecuario y acu\u00edcola\/pesquero, por lo que se congratul\u00f3 de todas las nuevas posibilidades que ofrecen esta colaboraci\u00f3n, y la tecnolog\u00eda satelital en general en el mundo actual.<\/p>\n<p>Por su parte, Katie Mullen, Secretaria Primera de Asuntos Globales de la Embajada de Reino Unido en M\u00e9xico, coment\u00f3 que existen m\u00faltiples oportunidades de cooperaci\u00f3n entre las dos naciones para compartir ideas y las mejores pr\u00e1cticas, no s\u00f3lo en proyectos de agrotecnolog\u00eda, sino tambi\u00e9n en otros \u00e1mbitos, coincidi\u00f3, en el mediano y largo plazo.<\/p>\n<p>Los expertos coincidieron tambi\u00e9n en que ambas naciones cuentan con recursos humanos muy valiosos en los \u00e1mbitos cient\u00edfico, acad\u00e9mico, de cl\u00fasters aeroespaciales y organismos gubernamentales, por lo que reiteraron que la suma de este capital humano con acciones coordinadas ofrece un gran impacto potencial positivo para el bienestar de las personas.<\/p>\n<p>Recordaron que en mayo de 2013 se estableci\u00f3 un Memor\u00e1ndum de Entendimiento entre la Agencia Espacial del Reino Unido (UKSA, por sus siglas en ingl\u00e9s) y la Agencia Espacial Mexicana, a fin de identificar conjuntamente proyectos cient\u00edficos de inter\u00e9s com\u00fan que pudieran efectuarse y ser apoyados por sus respectivas naciones.<\/p>\n<p>Mismo que, a lo largo de la presente administraci\u00f3n, ha representado m\u00faltiples acciones de cooperaci\u00f3n bilateral como \u00e9sta, o como la realizada en 2015 con la Plataforma de Monitoreo de Clima y Medio Ambiente del Reino Unido (CEMS UK), desde la que se proces\u00f3 valiosa informaci\u00f3n satelital para la protecci\u00f3n del corredor ecol\u00f3gico de Bacalar Quintana Roo, mediante mediciones de impacto ambiental.<\/p>\n<p>M\u00e9xico es hoy el tercer destino mundial en atracci\u00f3n de proyectos de inversi\u00f3n extranjera directa (IED) en tecnolog\u00eda aeroespacial despu\u00e9s de Estados Unidos y Reino Unido, por lo que este sector es altamente estrat\u00e9gico para el pa\u00eds, concluyeron; empero, lo anterior ser\u00e1 motivo de posterior an\u00e1lisis en otra entrega de <strong><em>Hora 14<\/em><\/strong>.<\/p>\n<p><em><a href=\"mailto:%20mauricio_conde@msn.com\" target=\"_blank\" rel=\"noopener\">mauricioconde59@outlook.com<\/a><\/em><br \/>\n<a href=\"https:\/\/mauriciocondeblog.wordpress.com\" target=\"_blank\" rel=\"noopener\"><em>https:\/\/mauriciocondeblog.wordpress.com<\/em><\/a><\/p>\n","protected":false},"excerpt":{"rendered":"<p><span style=\"color: #005497;\"><strong>Mauricio Conde Olivares<\/strong><\/span><\/p>\n","protected":false},"author":3,"featured_media":0,"comment_status":"open","ping_status":"open","sticky":false,"template":"","format":"standard","meta":{"_monsterinsights_skip_tracking":false,"_monsterinsights_sitenote_active":false,"_monsterinsights_sitenote_note":"","_monsterinsights_sitenote_category":0,"footnotes":""},"categories":[35889],"tags":[43712,43674,44860],"class_list":["post-384369","post","type-post","status-publish","format-standard","hentry","category-mauricio-conde-olivares","tag-mauricio-conde-olivares","tag-opinion","tag-hora-14"],"_links":{"self":[{"href":"https:\/\/www.diarioimagen.net\/index.php?rest_route=\/wp\/v2\/posts\/384369","targetHints":{"allow":["GET"]}}],"collection":[{"href":"https:\/\/www.diarioimagen.net\/index.php?rest_route=\/wp\/v2\/posts"}],"about":[{"href":"https:\/\/www.diarioimagen.net\/index.php?rest_route=\/wp\/v2\/types\/post"}],"author":[{"embeddable":true,"href":"https:\/\/www.diarioimagen.net\/index.php?rest_route=\/wp\/v2\/users\/3"}],"replies":[{"embeddable":true,"href":"https:\/\/www.diarioimagen.net\/index.php?rest_route=%2Fwp%2Fv2%2Fcomments&post=384369"}],"version-history":[{"count":0,"href":"https:\/\/www.diarioimagen.net\/index.php?rest_route=\/wp\/v2\/posts\/384369\/revisions"}],"wp:attachment":[{"href":"https:\/\/www.diarioimagen.net\/index.php?rest_route=%2Fwp%2Fv2%2Fmedia&parent=384369"}],"wp:term":[{"taxonomy":"category","embeddable":true,"href":"https:\/\/www.diarioimagen.net\/index.php?rest_route=%2Fwp%2Fv2%2Fcategories&post=384369"},{"taxonomy":"post_tag","embeddable":true,"href":"https:\/\/www.diarioimagen.net\/index.php?rest_route=%2Fwp%2Fv2%2Ftags&post=384369"}],"curies":[{"name":"wp","href":"https:\/\/api.w.org\/{rel}","templated":true}]}}