{"id":384463,"date":"2018-07-10T00:08:33","date_gmt":"2018-07-10T05:08:33","guid":{"rendered":"http:\/\/www.diarioimagen.net\/?p=384463"},"modified":"2018-07-10T23:35:01","modified_gmt":"2018-07-11T04:35:01","slug":"concamin-y-amlo-acuerdan-trabajar-en-una-politica-industrial","status":"publish","type":"post","link":"https:\/\/www.diarioimagen.net\/?p=384463","title":{"rendered":"Crecimiento econ\u00f3mico del 4%, proyecta AMLO"},"content":{"rendered":"<ul>\n<li><em><strong>Asegura que acabar\u00e1 el robo de combustible<\/strong><\/em><\/li>\n<li><em><strong>Acuerda con la Concamin trabajar en una pol\u00edtica industrial<\/strong><\/em><\/li>\n<\/ul>\n<p>&nbsp;<\/p>\n<p>&nbsp;<\/p>\n<div id=\"attachment_384464\" style=\"width: 470px\" class=\"wp-caption aligncenter\"><img loading=\"lazy\" decoding=\"async\" aria-describedby=\"caption-attachment-384464\" class=\"wp-image-384464 size-large\" src=\"http:\/\/www.diarioimagen.net\/wp-content\/uploads\/2018\/07\/AMLO-portal-460x268.jpg\" alt=\"\" width=\"460\" height=\"268\" srcset=\"https:\/\/www.diarioimagen.net\/wp-content\/uploads\/2018\/07\/AMLO-portal-460x268.jpg 460w, https:\/\/www.diarioimagen.net\/wp-content\/uploads\/2018\/07\/AMLO-portal-240x140.jpg 240w, https:\/\/www.diarioimagen.net\/wp-content\/uploads\/2018\/07\/AMLO-portal.jpg 480w\" sizes=\"auto, (max-width: 460px) 100vw, 460px\" \/><p id=\"caption-attachment-384464\" class=\"wp-caption-text\">Integrantes de la Concamin se reunieron con Andr\u00e9s Manuel L\u00f3pez Obrador, virtual presidente electo.<\/p><\/div>\n<p>&nbsp;<\/p>\n<p>&nbsp;<\/p>\n<p>El virtual presidente electo, Andr\u00e9s Manuel L\u00f3pez Obrador, asegur\u00f3 que la econom\u00eda de M\u00e9xico crecer\u00e1 al 4 por ciento durante su pr\u00f3ximo gobierno.<\/p>\n<p>\u201cEsperamos crecer al 4 por ciento en el sexenio, el doble del crecimiento en el periodo neoliberal\u201d, dijo en conferencia de prensa, tras su reuni\u00f3n con la Confederaci\u00f3n de C\u00e1maras Industriales (Concamin).<\/p>\n<p>El pasado mi\u00e9rcoles, Carlos Urz\u00faa, quien ser\u00eda el secretario de Hacienda en la administraci\u00f3n de AMLO, explic\u00f3 que para el primer a\u00f1o de gobierno se espera un crecimiento del 2.5 por ciento<\/p>\n<p>La cifra concuerda con el rango establecido en los Precriterios de Hacienda, de entre 2.5 y 3.5 por ciento, y es ligeramente superior al 2.3 por ciento anticipado en las encuestas del Banco de M\u00e9xico y de FocusEconomics.<\/p>\n<p>L\u00f3pez Obrador tambi\u00e9n asegur\u00f3 que su gobierno trabajar\u00e1 en conjunto con el grupo, en la colaboraci\u00f3n con el sector p\u00fablico, privado y social.<\/p>\n<p>\u201cHicimos el compromiso de caminar juntos, sector p\u00fablico, privado para fortalecer empresas, crear empleos y ayudar en el prop\u00f3sito de que se logre un mejor crecimiento econ\u00f3mico en el pa\u00eds\u201d, asegur\u00f3.<\/p>\n<p>Destac\u00f3 el compromiso que existe con el sector empresarial para bajar el IVA y el ISR en la zona fronteriza. Mencion\u00f3 que se est\u00e1 analizando la posibilidad de aplicar estas reducci\u00f3n en la zona del Istmo para \u201cimpulsar el crecimiento econ\u00f3mico de la zona\u201d.<\/p>\n<p>L\u00f3pez Obrador reafirm\u00f3 que no habr\u00e1 m\u00e1s gasolinazos ni aumentos en el gas y el di\u00e9sel \u201cm\u00e1s que el crecimiento de la inflaci\u00f3n\u201d durante un periodo de tres a\u00f1os y se\u00f1al\u00f3 la urgencia de trabajar en el sector energ\u00e9tico.<\/p>\n<p>\u201cVamos a rescatar al sector energ\u00e9tico (&#8230;) Se est\u00e1 cayendo la producci\u00f3n y si no intervenimos con un plan emergente nos puede producir una crisis de mayor intensidad, muy grave\u201d.<\/p>\n<p>El ex jefe de gobierno tambi\u00e9n hizo menci\u00f3n a las demandas de seguridad de los empresarios, en especial de los relacionados con la industria del transporte y la ferroviaria, que pidieron la atenci\u00f3n de la pr\u00f3xima administraci\u00f3n en esos problemas.<\/p>\n<p>L\u00f3pez Obrador anunci\u00f3 adem\u00e1s que llevar\u00e1 reuniones con la Concamin cada tres meses, para evaluar el avance en materia econ\u00f3mica.<\/p>\n<p>\u201cHicimos el compromiso de reunirnos cada tres meses para evaluar y darles seguimiento a todos los acuerdos y podamos gobernar juntos\u201d.<\/p>\n<p>Entre uno de esos acuerdos, el virtual presidente electo destac\u00f3 el programa de tutor\u00edas para los j\u00f3venes con un alcance de 2 millones 600 mil puestos.<\/p>\n<p>La confederaci\u00f3n de industriales mencion\u00f3 que crear\u00e1 una red de tutores para que los j\u00f3venes puedan tener pr\u00e1cticas en el terreno de la producci\u00f3n y reciban un salario de 3 mil 600 pesos.<\/p>\n<p style=\"text-align: center;\"><strong>Acuerdan trabajar en <\/strong><strong>una pol\u00edtica industrial<\/strong><\/p>\n<p>Por su parte, Francisco Cervantes D\u00edaz, presidente de la Concamin, reiter\u00f3 la coincidencia con el candidato ganador de la elecci\u00f3n presidencial, , de apoyar a los j\u00f3venes e impulsar en ellos una vocaci\u00f3n industrial.<\/p>\n<p>Ello, luego del apoyo que implementar\u00e1 el nuevo gobierno federal para impulsar el programa de aprendices para dos millones 600 mil j\u00f3venes, a quienes se les otorgar\u00e1 un pago mensual de tres mil 600 pesos.<\/p>\n<p>\u201cVamos a trabajar en una pol\u00edtica industrial\u201d, dijo en rueda de prensa luego de la reuni\u00f3n privada que por dos horas sostuvieron los industriales y L\u00f3pez Obrador, y record\u00f3 que el sector privado implementa desde hace 11 a\u00f1os la llamada educaci\u00f3n dual.<\/p>\n<p>\u201cHemos tenido enormes coincidencias en esto, pero empiezo por la primera: los j\u00f3venes. Al final vamos a estar en manos de los j\u00f3venes y debemos prepararlos desde ahorita, sobre todo en temas industriales, en vocaci\u00f3n industrial, emprendimiento, que tengan una visi\u00f3n diferente a la parte acad\u00e9mica, que sea una combinaci\u00f3n de la parte te\u00f3rica con la acad\u00e9mica\u201d.<\/p>\n<p>En un hotel de Polanco, Cervantes D\u00edaz coment\u00f3 que los industriales \u201cduplicar\u00e1n esfuerzos\u201d para apoyar a los j\u00f3venes, adem\u00e1s celebrar\u00e1n diversas reuniones con los integrantes del nuevo gabinete para \u201cempatar agendas y empezar a desarrollar los planes\u201d en aras de un mayor crecimiento del sector.<\/p>\n<p>Reiter\u00f3 la importancia de contar con una pol\u00edtica industrial, por lo cual inform\u00f3 que entregaron a L\u00f3pez Obrador una propuesta en ese sentido denominada \u201cHacia una industria del futuro\u201d.<\/p>\n<p>El texto, de 174 cuartillas, parte de la base de que \u201cse requiere desarrollar un marco para llevar a cabo una pol\u00edtica industrial que maximice su potencial, a fin de contribuir al crecimiento econ\u00f3mico, mientras se minimizan los riesgos de que se generen p\u00e9rdidas y b\u00fasqueda de rentas\u201d.<\/p>\n<p>El pa\u00eds requiere de una pol\u00edtica industrial que eleve la capacidad productiva de las empresas nacionales, que sea globalmente competitiva y que se soporte en el progreso tecnol\u00f3gico.<\/p>\n<p>De lo contrario, dijo Cervantes D\u00edaz, dif\u00edcilmente se podr\u00e1 enfrentar con \u00e9xito la conformaci\u00f3n de regiones industriales que se est\u00e1n generando en Asia y los cambios operados en naciones como Estados Unidos, Alemania, Francia, India o Gran Breta\u00f1a.<\/p>\n<p style=\"text-align: center;\"><strong>\u201cNo m\u00e1s robo de combustibles\u201d<\/strong><\/p>\n<p>L\u00f3pez Obrador se comprometi\u00f3 ante industriales a terminar con el robo de gasolina en el pa\u00eds.<\/p>\n<p>\u201cHoy, con benepl\u00e1cito, escuchamos que el presidente L\u00f3pez Obrador mencion\u00f3 que se va a acabar con el huachicoleo. Eso ser\u00eda la punta del iceberg para empezar a solucionar gran parte de los problemas de inseguridad\u201d, dijo el presidente de la C\u00e1mara Nacional de Autotransporte de Carga (Canacar), Enrique Gonz\u00e1lez.<\/p>\n<p>Entrevistado luego de participar en la reuni\u00f3n que sostuvo la Confederaci\u00f3n Nacional de C\u00e1maras Industriales (Concamin) con L\u00f3pez Obrador, el empresario dijo que si bien no se dieron detalles de la estrategia, se reunir\u00e1n con el Consejo Mexicano de Transporte, conformado por la Canacar, transporte de pasajeros, mensajer\u00eda, c\u00e1mara a\u00e9rea, entre otros, para definir los detalles de la estrategia<\/p>\n<p style=\"text-align: center;\"><strong>Se re\u00fane con due\u00f1os <\/strong><strong>de radiodifusoras<\/strong><\/p>\n<p>Por la tarde, el candidato ganador se reuni\u00f3 con due\u00f1os de diversos medios de comunicaci\u00f3n, principalmente de empresas radiof\u00f3nicas.<\/p>\n<p>A la casa de campa\u00f1a del abanderado ganador arribaron los directivos de Radio F\u00f3rmula, Rogelio Azc\u00e1rraga, y de MVS, Joaqu\u00edn Vargas, con quienes dialog\u00f3 por espacio de media hora.<\/p>\n<p>Al t\u00e9rmino del encuentro, Joaqu\u00edn Vargas coment\u00f3 que fue un encuentro de amigos, sin una agenda en particular y aclar\u00f3 que no hubo ninguna petici\u00f3n por parte de L\u00f3pez Obrador para que los medios transmitan sus conferencias de prensa que realizar\u00e1 todas las ma\u00f1anas durante su sexenio.<\/p>\n<p>Cabe destacar que por la ma\u00f1ana, en el marco de la reuni\u00f3n con la Concamin, L\u00f3pez Obrador coment\u00f3 que al inicio de su gobierno tendr\u00e1 comunicaci\u00f3n directa con la ciudadan\u00eda mediante la realizaci\u00f3n de conferencias de prensa, por lo que hablar\u00e1 con los due\u00f1os de medios de comunicaci\u00f3n para que le ayuden a transmitir estos mensajes.<\/p>\n<p>&nbsp;<\/p>\n","protected":false},"excerpt":{"rendered":"<p>El virtual presidente electo, Andr\u00e9s Manuel L\u00f3pez Obrador, asegur\u00f3 que la econom\u00eda de M\u00e9xico crecer\u00e1 al 4 por ciento durante su pr\u00f3ximo gobierno. \u201cEsperamos crecer al 4 por ciento en el sexenio, el doble del crecimiento en el periodo neoliberal\u201d, dijo en conferencia de prensa, tras su reuni\u00f3n con la Confederaci\u00f3n de C\u00e1maras Industriales (Concamin).<\/p>\n","protected":false},"author":5,"featured_media":384464,"comment_status":"open","ping_status":"open","sticky":false,"template":"","format":"standard","meta":{"_monsterinsights_skip_tracking":false,"_monsterinsights_sitenote_active":false,"_monsterinsights_sitenote_note":"","_monsterinsights_sitenote_category":0,"footnotes":""},"categories":[8],"tags":[2545,2020,2021,43678,75699,75701,75698,75700],"class_list":["post-384463","post","type-post","status-publish","format-standard","has-post-thumbnail","hentry","category-finanzas","tag-amlo","tag-concamin","tag-crecimiento","tag-finanzas","tag-francisco-cervantes-diaz","tag-jovenes-al-final-vamos","tag-politica-industrial","tag-vocacion-industrial"],"_links":{"self":[{"href":"https:\/\/www.diarioimagen.net\/index.php?rest_route=\/wp\/v2\/posts\/384463","targetHints":{"allow":["GET"]}}],"collection":[{"href":"https:\/\/www.diarioimagen.net\/index.php?rest_route=\/wp\/v2\/posts"}],"about":[{"href":"https:\/\/www.diarioimagen.net\/index.php?rest_route=\/wp\/v2\/types\/post"}],"author":[{"embeddable":true,"href":"https:\/\/www.diarioimagen.net\/index.php?rest_route=\/wp\/v2\/users\/5"}],"replies":[{"embeddable":true,"href":"https:\/\/www.diarioimagen.net\/index.php?rest_route=%2Fwp%2Fv2%2Fcomments&post=384463"}],"version-history":[{"count":0,"href":"https:\/\/www.diarioimagen.net\/index.php?rest_route=\/wp\/v2\/posts\/384463\/revisions"}],"wp:featuredmedia":[{"embeddable":true,"href":"https:\/\/www.diarioimagen.net\/index.php?rest_route=\/wp\/v2\/media\/384464"}],"wp:attachment":[{"href":"https:\/\/www.diarioimagen.net\/index.php?rest_route=%2Fwp%2Fv2%2Fmedia&parent=384463"}],"wp:term":[{"taxonomy":"category","embeddable":true,"href":"https:\/\/www.diarioimagen.net\/index.php?rest_route=%2Fwp%2Fv2%2Fcategories&post=384463"},{"taxonomy":"post_tag","embeddable":true,"href":"https:\/\/www.diarioimagen.net\/index.php?rest_route=%2Fwp%2Fv2%2Ftags&post=384463"}],"curies":[{"name":"wp","href":"https:\/\/api.w.org\/{rel}","templated":true}]}}