{"id":384717,"date":"2018-07-11T00:07:24","date_gmt":"2018-07-11T05:07:24","guid":{"rendered":"http:\/\/www.diarioimagen.net\/?p=384717"},"modified":"2018-07-11T22:56:23","modified_gmt":"2018-07-12T03:56:23","slug":"arranca-manana-transicion-con-tema-de-reconstruccion","status":"publish","type":"post","link":"https:\/\/www.diarioimagen.net\/?p=384717","title":{"rendered":"Arranca ma\u00f1ana transici\u00f3n con tema de reconstrucci\u00f3n"},"content":{"rendered":"<ul>\n<li><strong><em>En la Ciudad de M\u00e9xico<\/em><\/strong><\/li>\n<\/ul>\n<p>&nbsp;<\/p>\n<div id=\"attachment_384823\" style=\"width: 470px\" class=\"wp-caption aligncenter\"><a href=\"http:\/\/www.diarioimagen.net\/?attachment_id=384823\" rel=\"attachment wp-att-384823\"><img loading=\"lazy\" decoding=\"async\" aria-describedby=\"caption-attachment-384823\" class=\"size-large wp-image-384823\" src=\"http:\/\/www.diarioimagen.net\/wp-content\/uploads\/2018\/07\/sheinbaum-3408-460x259.jpg\" alt=\"\" width=\"460\" height=\"259\" srcset=\"https:\/\/www.diarioimagen.net\/wp-content\/uploads\/2018\/07\/sheinbaum-3408-460x259.jpg 460w, https:\/\/www.diarioimagen.net\/wp-content\/uploads\/2018\/07\/sheinbaum-3408-240x135.jpg 240w, https:\/\/www.diarioimagen.net\/wp-content\/uploads\/2018\/07\/sheinbaum-3408-235x132.jpg 235w, https:\/\/www.diarioimagen.net\/wp-content\/uploads\/2018\/07\/sheinbaum-3408-202x114.jpg 202w, https:\/\/www.diarioimagen.net\/wp-content\/uploads\/2018\/07\/sheinbaum-3408-350x196.jpg 350w, https:\/\/www.diarioimagen.net\/wp-content\/uploads\/2018\/07\/sheinbaum-3408-220x123.jpg 220w, https:\/\/www.diarioimagen.net\/wp-content\/uploads\/2018\/07\/sheinbaum-3408-237x132.jpg 237w, https:\/\/www.diarioimagen.net\/wp-content\/uploads\/2018\/07\/sheinbaum-3408.jpg 480w\" sizes=\"auto, (max-width: 460px) 100vw, 460px\" \/><\/a><p id=\"caption-attachment-384823\" class=\"wp-caption-text\">El equipo de Claudia Sheinbaum y el gobierno capitalino acordaron un calendario de trabajo para la transici\u00f3n, que iniciar\u00e1 ma\u00f1ana.<\/p><\/div>\n<p>&nbsp;<\/p>\n<p>La Comisi\u00f3n de Transici\u00f3n, compuesta por representantes del gobierno capitalino y el equipo de Claudia Sheinbaum, jefa de gobierno electa de la Ciudad de M\u00e9xico, acordaron un calendario de trabajo, que iniciar\u00e1 el pr\u00f3ximo 12 de julio con el tema de la reconstrucci\u00f3n.<\/p>\n<p>En este marco, el vocero de Sheinbaum Pardo, C\u00e9sar Cravioto dijo que har\u00e1n lo necesario para evitar el nombramiento de comisionados ciudadanos \u201ca modo\u201d del Instituto de Transparencia, Acceso a la Informaci\u00f3n P\u00fablica, Protecci\u00f3n de Datos Personales y Rendici\u00f3n de Cuentas de la Ciudad de M\u00e9xico<\/p>\n<p>Adem\u00e1s, refrend\u00f3 el llamado a los diputados locales de la Asamblea Legislativa, para que respeten el proceso de transici\u00f3n de gobierno y no tomen decisiones que pudieran generar un clima de rispidez innecesario.<\/p>\n<p>Llam\u00f3 tambi\u00e9n al actual jefe de gobierno de la Ciudad de M\u00e9xico, Jos\u00e9 Ram\u00f3n Amieva, a cabildear con la actual legislatura para dejar estos nombramientos al nuevo Congreso local que iniciar\u00e1 trabajos el 17 de septiembre pr\u00f3ximo. En este marco record\u00f3 que los asamble\u00edstas de Morena promovieron una controversia constitucional ante la Suprema Corte de Justicia de la Naci\u00f3n (SCJN) contra la Ley de Transparencia local aprobada, por considerar que violenta la Constituci\u00f3n de la Ciudad de M\u00e9xico.<\/p>\n<p>Por ello, conmin\u00f3 de manera respetuosa al m\u00e1ximo \u00f3rgano jurisdiccional a resolver esta situaci\u00f3n, para evitar cualquier intenci\u00f3n de nombrar \u201ccomisionados a modo\u201d para proteger la administraci\u00f3n de Miguel \u00c1ngel Mancera, jefe de gobierno con licencia y que llegar\u00e1 al Senado v\u00eda plurinominal por el (PAN).<\/p>\n<p>Durante la conferencia de prensa, en la que tambi\u00e9n estuvo presente el secretario de Gobierno capitalino, Guillermo Orozco, expuso que establecieron una ruta cr\u00edtica para revisar las prioridades en materia de Ley de Ingresos, as\u00ed como en la conformaci\u00f3n del Presupuesto de Egresos para el pr\u00f3ximo a\u00f1o.<\/p>\n<p>Detall\u00f3 que el 17 de julio trabajar\u00e1n en dos mesas: la de Administraci\u00f3n y Finanzas por la ma\u00f1ana, y la de Gobierno por la tarde.<\/p>\n<p>El d\u00eda 19 trabajar\u00e1n en la mesa de suministro de agua, informaci\u00f3n que s\u00f3lo ser\u00e1 para el consumo interno del equipo de transici\u00f3n de Claudia Sheinbaum.<\/p>\n","protected":false},"excerpt":{"rendered":"<p>La Comisi\u00f3n de Transici\u00f3n, compuesta por representantes del gobierno capitalino y el equipo de Claudia Sheinbaum, jefa de gobierno electa de la Ciudad de M\u00e9xico, acordaron un calendario de trabajo, que iniciar\u00e1 el pr\u00f3ximo 12 de julio con el tema de la reconstrucci\u00f3n.<\/p>\n","protected":false},"author":3,"featured_media":384823,"comment_status":"open","ping_status":"open","sticky":false,"template":"","format":"standard","meta":{"_monsterinsights_skip_tracking":false,"_monsterinsights_sitenote_active":false,"_monsterinsights_sitenote_note":"","_monsterinsights_sitenote_category":0,"footnotes":""},"categories":[6],"tags":[204,72207,75808],"class_list":["post-384717","post","type-post","status-publish","format-standard","has-post-thumbnail","hentry","category-cd-de-mexico","tag-ciudad-de-mexico","tag-claudia-sheinbaum-pardo","tag-comision-de-transicion"],"_links":{"self":[{"href":"https:\/\/www.diarioimagen.net\/index.php?rest_route=\/wp\/v2\/posts\/384717","targetHints":{"allow":["GET"]}}],"collection":[{"href":"https:\/\/www.diarioimagen.net\/index.php?rest_route=\/wp\/v2\/posts"}],"about":[{"href":"https:\/\/www.diarioimagen.net\/index.php?rest_route=\/wp\/v2\/types\/post"}],"author":[{"embeddable":true,"href":"https:\/\/www.diarioimagen.net\/index.php?rest_route=\/wp\/v2\/users\/3"}],"replies":[{"embeddable":true,"href":"https:\/\/www.diarioimagen.net\/index.php?rest_route=%2Fwp%2Fv2%2Fcomments&post=384717"}],"version-history":[{"count":0,"href":"https:\/\/www.diarioimagen.net\/index.php?rest_route=\/wp\/v2\/posts\/384717\/revisions"}],"wp:featuredmedia":[{"embeddable":true,"href":"https:\/\/www.diarioimagen.net\/index.php?rest_route=\/wp\/v2\/media\/384823"}],"wp:attachment":[{"href":"https:\/\/www.diarioimagen.net\/index.php?rest_route=%2Fwp%2Fv2%2Fmedia&parent=384717"}],"wp:term":[{"taxonomy":"category","embeddable":true,"href":"https:\/\/www.diarioimagen.net\/index.php?rest_route=%2Fwp%2Fv2%2Fcategories&post=384717"},{"taxonomy":"post_tag","embeddable":true,"href":"https:\/\/www.diarioimagen.net\/index.php?rest_route=%2Fwp%2Fv2%2Ftags&post=384717"}],"curies":[{"name":"wp","href":"https:\/\/api.w.org\/{rel}","templated":true}]}}