{"id":384739,"date":"2018-07-11T00:07:33","date_gmt":"2018-07-11T05:07:33","guid":{"rendered":"http:\/\/www.diarioimagen.net\/?p=384739"},"modified":"2018-07-11T02:28:25","modified_gmt":"2018-07-11T07:28:25","slug":"inaugura-alcalde-rehabilitacion-de-estancia-infantil-en-san-lucas-tunco","status":"publish","type":"post","link":"https:\/\/www.diarioimagen.net\/?p=384739","title":{"rendered":"Inaugura alcalde rehabilitaci\u00f3n de estancia infantil en San Lucas Tunco"},"content":{"rendered":"<ul>\n<li><strong><em>Atiende a 60 ni\u00f1os desde los tres meses de edad hasta los 3 a\u00f1os<\/em><\/strong><\/li>\n<\/ul>\n<p>&nbsp;<\/p>\n<div id=\"attachment_384812\" style=\"width: 470px\" class=\"wp-caption aligncenter\"><a href=\"http:\/\/www.diarioimagen.net\/?attachment_id=384812\" rel=\"attachment wp-att-384812\"><img loading=\"lazy\" decoding=\"async\" aria-describedby=\"caption-attachment-384812\" class=\"size-large wp-image-384812\" src=\"http:\/\/www.diarioimagen.net\/wp-content\/uploads\/2018\/07\/METEPEC-3408-460x259.jpg\" alt=\"\" width=\"460\" height=\"259\" srcset=\"https:\/\/www.diarioimagen.net\/wp-content\/uploads\/2018\/07\/METEPEC-3408-460x259.jpg 460w, https:\/\/www.diarioimagen.net\/wp-content\/uploads\/2018\/07\/METEPEC-3408-240x135.jpg 240w, https:\/\/www.diarioimagen.net\/wp-content\/uploads\/2018\/07\/METEPEC-3408-235x132.jpg 235w, https:\/\/www.diarioimagen.net\/wp-content\/uploads\/2018\/07\/METEPEC-3408-202x114.jpg 202w, https:\/\/www.diarioimagen.net\/wp-content\/uploads\/2018\/07\/METEPEC-3408-350x196.jpg 350w, https:\/\/www.diarioimagen.net\/wp-content\/uploads\/2018\/07\/METEPEC-3408-220x123.jpg 220w, https:\/\/www.diarioimagen.net\/wp-content\/uploads\/2018\/07\/METEPEC-3408-237x132.jpg 237w, https:\/\/www.diarioimagen.net\/wp-content\/uploads\/2018\/07\/METEPEC-3408.jpg 480w\" sizes=\"auto, (max-width: 460px) 100vw, 460px\" \/><\/a><p id=\"caption-attachment-384812\" class=\"wp-caption-text\">El alcalde, David L\u00f3pez C\u00e1rdenas, encabez\u00f3 la entrega oficial de la rehabilitaci\u00f3n de la estancia infantil de San Lucas Tunco.<\/p><\/div>\n<p>&nbsp;<\/p>\n<p><strong>Metepec, Estado de M\u00e9xico<\/strong>.- El alcalde de Metepec, David L\u00f3pez C\u00e1rdenas, encabez\u00f3 la entrega oficial de la rehabilitaci\u00f3n de la estancia infantil de San Lucas Tunco, que atiende a 60 ni\u00f1os desde los tres meses de edad hasta los tres a\u00f1os.<\/p>\n<p>\u201cEl mejoramiento es producto de la suma de esfuerzos, para un espacio m\u00e1s digno. Con mejores condiciones, los profesores y los alumnos tienen una mayor calidad de educaci\u00f3n\u201d, se\u00f1al\u00f3 el edil, al tiempo de reconocer el trabajo de profesionales en beneficio de la poblaci\u00f3n infantil.<\/p>\n<p>La modernizaci\u00f3n del espacio construido en el a\u00f1o 2003, tuvo una inversi\u00f3n de 586 mil 941 pesos, de los cuales 170 mil 550, fueron aportaci\u00f3n de la carrera atl\u00e9tica organizada por la C\u00e1mara Mexicana de la Industria de la Construcci\u00f3n (CMIC).<\/p>\n<p>Entre los trabajos realizados destaca la impermeabilizaci\u00f3n del inmueble, la habilitaci\u00f3n de puertas de emergencia y rampas de accesibilidad, as\u00ed como la pintura en fachadas del edificio; adem\u00e1s se cambiaron las ventanas, domos, malla cicl\u00f3nica y se sustituy\u00f3 todo el mobiliario.<\/p>\n<p>La presidenta del DIF Metepec, Gabriela Bringas Abarca, dio a conocer que la estancia ya cuenta con un huerto de traspatio que forma parte del programa Horta DIF, que ha sido bien recibido por los ni\u00f1os.<\/p>\n<p>En el evento, donde tambi\u00e9n estuvieron el presidente de la CMIC Delegaci\u00f3n Estado de M\u00e9xico, Mario Vallejo Vald\u00e9s; y la presidenta del Comit\u00e9 de Damas Voluntarias de la CMIC, Mar\u00eda Madrazo Gonz\u00e1lez; se entregaron constancias del taller \u201cEscuela para Padres\u201d.<strong>\u00a0<\/strong><\/p>\n","protected":false},"excerpt":{"rendered":"<p>El alcalde de Metepec, David L\u00f3pez C\u00e1rdenas, encabez\u00f3 la entrega oficial de la rehabilitaci\u00f3n de la estancia infantil de San Lucas Tunco, que atiende a 60 ni\u00f1os desde los tres meses de edad hasta los tres a\u00f1os.<\/p>\n","protected":false},"author":3,"featured_media":384812,"comment_status":"open","ping_status":"open","sticky":false,"template":"","format":"standard","meta":{"_monsterinsights_skip_tracking":false,"_monsterinsights_sitenote_active":false,"_monsterinsights_sitenote_note":"","_monsterinsights_sitenote_category":0,"footnotes":""},"categories":[35155],"tags":[14250,43675,876,75814],"class_list":["post-384739","post","type-post","status-publish","format-standard","has-post-thumbnail","hentry","category-estado-de-mexico-estado-de-mexico","tag-david-lopez-cardenas","tag-estado-de-mexico","tag-metepec","tag-san-lucas-tunco"],"_links":{"self":[{"href":"https:\/\/www.diarioimagen.net\/index.php?rest_route=\/wp\/v2\/posts\/384739","targetHints":{"allow":["GET"]}}],"collection":[{"href":"https:\/\/www.diarioimagen.net\/index.php?rest_route=\/wp\/v2\/posts"}],"about":[{"href":"https:\/\/www.diarioimagen.net\/index.php?rest_route=\/wp\/v2\/types\/post"}],"author":[{"embeddable":true,"href":"https:\/\/www.diarioimagen.net\/index.php?rest_route=\/wp\/v2\/users\/3"}],"replies":[{"embeddable":true,"href":"https:\/\/www.diarioimagen.net\/index.php?rest_route=%2Fwp%2Fv2%2Fcomments&post=384739"}],"version-history":[{"count":0,"href":"https:\/\/www.diarioimagen.net\/index.php?rest_route=\/wp\/v2\/posts\/384739\/revisions"}],"wp:featuredmedia":[{"embeddable":true,"href":"https:\/\/www.diarioimagen.net\/index.php?rest_route=\/wp\/v2\/media\/384812"}],"wp:attachment":[{"href":"https:\/\/www.diarioimagen.net\/index.php?rest_route=%2Fwp%2Fv2%2Fmedia&parent=384739"}],"wp:term":[{"taxonomy":"category","embeddable":true,"href":"https:\/\/www.diarioimagen.net\/index.php?rest_route=%2Fwp%2Fv2%2Fcategories&post=384739"},{"taxonomy":"post_tag","embeddable":true,"href":"https:\/\/www.diarioimagen.net\/index.php?rest_route=%2Fwp%2Fv2%2Ftags&post=384739"}],"curies":[{"name":"wp","href":"https:\/\/api.w.org\/{rel}","templated":true}]}}