{"id":384771,"date":"2018-07-11T00:01:29","date_gmt":"2018-07-11T05:01:29","guid":{"rendered":"http:\/\/www.diarioimagen.net\/?p=384771"},"modified":"2018-07-11T01:05:38","modified_gmt":"2018-07-11T06:05:38","slug":"aprueban-modificaciones-a-la-ley-de-movilidad","status":"publish","type":"post","link":"https:\/\/www.diarioimagen.net\/?p=384771","title":{"rendered":"Aprueban modificaciones a la Ley de Movilidad"},"content":{"rendered":"<h2>Derecho de r\u00e9plica<\/h2>\n<p>&nbsp;<\/p>\n<p>Pese al tremendo esc\u00e1ndalo que en los \u00faltimos d\u00edas arm\u00f3 la trasnacional Uber, con la finalidad de que el Congreso local desechara la propuesta de reforma a la reci\u00e9n emitida Ley de Movilidad, la noche de ayer, la actual legislatura, aprob\u00f3 con 21 votos a favor, o sea, todos, las modificaciones a la legislaci\u00f3n.<\/p>\n<p style=\"text-align: center;\"><strong>Uber quiere la ley a su modo <\/strong><\/p>\n<p>En la trasnacional Uber, no conocen lo que es la flexibilidad y adaptaci\u00f3n a cada mercado, pues a producto de gallina, y con la creencia de que son los l\u00edderes en el mercado del servicio de transporte en plataformas digitales en el mundo, exigen que la Ley de Movilidad de Quintana Roo, sea redactada a su gusto y completo beneficio.<\/p>\n<p>Uber, que enfrenta graves conflictos en Francia, pues los taxistas de ese pa\u00eds se manifestaron ya en varias ocasiones contra esa empresa de forma violenta, pues la trasnacional opera como se le da la gana, pese a la prohibici\u00f3n que impusieron los franceses, pues los choferes de la plataforma circulaban sin licencia, pretende presionar al gobierno de Quintana Roo, para que le hagan una ley a modo.<\/p>\n<p>Si bien, es necesario y urgente que se abra la competencia en el \u00e1mbito del transporte de pasajeros, ante un servicio deficiente y hasta p\u00e9simo, sin exagerar, que los taxistas han ofrecido durante a\u00f1os, tampoco se pueden hacer los huevos al gusto de cada parte, debe existir un t\u00e9rmino medio, en que el pasajero, ante todo, sea el que gane y no s\u00f3lo los prestadores del servicio. \u00a1A&#8230;buelita mi caf\u00e9!<\/p>\n<p style=\"text-align: center;\"><strong>El chantaje<\/strong><\/p>\n<p>Que si no se hacen las cosas a su modo, Uber no regresa a Canc\u00fan y se acaba el mundo\u2026\u00a1Que no Mouse Mickey!&#8230;eso dijo\u2026(bueno, lo de que, se acaba el mundo\u2026s\u00f3lo lo insinu\u00f3, jijiijijiji) en una manifestaci\u00f3n a las afueras del Congreso el director general de Uber en M\u00e9xico, Federico Ranero; sin embargo, si la trasnacional no se quiere adaptar a las leyes estatales, existen muchas otras y de procedencia mexicana, que s\u00ed le quieren <em>entrar; <\/em>unos 20 millones de turistas que llegan a Benito Ju\u00e1rez y sus alrededores, no son nada despreciables.<\/p>\n<p style=\"text-align: center;\"><strong>Gobierno del estado responde <\/strong><\/p>\n<p>Ante las manifestaciones de Uber, sus partidarios y en contra de ellos, los taxistas, la administraci\u00f3n estatal emiti\u00f3 la siguiente aclaraci\u00f3n sobre el tema de la Ley de Movilidad:<\/p>\n<p>La Ley de Movilidad publicada el pasado 12 de junio en el Peri\u00f3dico Oficial del Estado, tras ser aprobada por la XV Legislatura del Congreso, derog\u00f3 la prohibici\u00f3n para prestar servicios de transporte a trav\u00e9s de plataformas tecnol\u00f3gicas, en vigor desde 2015, as\u00ed como la imposici\u00f3n de multas y la detenci\u00f3n de los veh\u00edculos de quienes prestaban dicho servicio.<\/p>\n<p>La Ley de Movilidad en vigor: Autoriza el servicio de transporte a trav\u00e9s de plataformas tecnol\u00f3gicas. Impulsa el uso de tecnolog\u00edas sustentables en los medios de transporte. Establece reglas que garanticen la seguridad en los desplazamientos de la poblaci\u00f3n. Privilegia la movilidad inclusiva, sin discriminaci\u00f3n y a costos accesibles.<\/p>\n<p>Se fij\u00f3 un t\u00e9rmino de vigencia de 10 a\u00f1os para los permisos del servicio de transporte, a trav\u00e9s de plataformas tecnol\u00f3gicas y 20 a\u00f1os de vigencia para las concesiones de los transportistas de alquiler y de carga. Las concesiones para el transporte de alquiler y de carga ser\u00e1n por tiempo indefinido.<\/p>\n<p style=\"text-align: center;\"><strong>Lo que se modific\u00f3<\/strong><\/p>\n<p>Para otorgar mayor certidumbre en la temporalidad del instrumento jur\u00eddico en el que autoriza dicho servicio de transporte, el Ejecutivo estatal present\u00f3 al Congreso local los siguientes cambios: El servicio de transporte a trav\u00e9s de plataformas tecnol\u00f3gicas se prestar\u00e1 \u00fanicamente bajo la modalidad de concesi\u00f3n, manteniendo las mismas normas de operaci\u00f3n contenidas en la ley aprobada.<\/p>\n<p style=\"text-align: center;\"><strong>Rencores no\u2026 pero auditor\u00eda, s\u00ed <\/strong><\/p>\n<p>Que en el ayuntamiento de Solidaridad, ya les entr\u00f3 la urgencia de poner en orden la casa, pues no se esperaban que su candidata a la reelecci\u00f3n reventara como cuete en las urnas, por lo que, como lo hicieran en el trienio de Mauricio G\u00f3ngora Escalante, ahora en el <em>fresco bote<\/em>, buscan acomodar hasta la \u00faltima silla en su lugar, para que no se note nada raro, sobre todo por que a la morenista, Laura Beristain Navarrete, no le temblar\u00e1 la mano para pedir se realice una auditor\u00eda a la administraci\u00f3n de Cristina Torres, pues ya le pasaron el \u201cpitazo\u201d de que \u201chay boquetes en las finanzas\u201d.<\/p>\n<p>Con el credo de cero corrupci\u00f3n que pregona L\u00f3pez Obrador, la alcaldesa electa recibir\u00e1 todo el apoyo para exponerla. Otro asunto del cual, Laura Beristain buscar\u00e1 el respaldo del nuevo presidente electo, ser\u00e1 el de retirar la concesi\u00f3n a Aguakan, pues el nuevo \u201cPejidente\u201d, est\u00e1 en total desacuerdo con privatizar los recursos naturales.<\/p>\n<p style=\"text-align: center;\"><strong>Prestadores de servicios quieren a Uber<\/strong><\/p>\n<p>La presidenta del Consejo Coordinador Empresarial del Caribe, Inna Germ\u00e1n G\u00f3mez, en la presentaci\u00f3n de los integrantes del nuevo consejo del CCE, dijo que deben tener una adecuada comunicaci\u00f3n con el gobernador y los diputados, para que se permita la entrada de Uber.<\/p>\n<p>A su vez, el presidente de la Canirac, afirm\u00f3 que en noviembre de 2017 se modific\u00f3 la Ley General de Turismo y para que M\u00e9xico sea l\u00edder debe de buscar plataformas tecnol\u00f3gicas y beneficios para todos, por lo que cambian la palabra permiso por concesi\u00f3n, para darle mayor seguridad al turismo.<\/p>\n<p>Dijo que Uber es una plataforma digital inteligente, los restauranteros y los prestadores de servicios tur\u00edsticos la quieren, ya que arriban m\u00e1s de 26 millones de turistas al estado; \u201cla marca Canc\u00fan es m\u00e1s fuerte que la marca M\u00e9xico, somos el sexto pa\u00eds m\u00e1s visitado en el mundo y eso es una necesidad para seguir siendo l\u00edderes de vanguardia y de crecimiento hotelero\u201d.<\/p>\n<p style=\"text-align: center;\"><strong>Benepl\u00e1cito por futuro cambio de sede de Sectur<\/strong><\/p>\n<p>En la conferencia se toc\u00f3 el tema de Chetumal, que ser\u00eda sede de la Secretar\u00eda de Turismo, de la que el vicepresidente del CCE, Eduardo Mart\u00ednez, precis\u00f3 que hay que analizar esa propuesta del presidente electo, Andr\u00e9s Manuel L\u00f3pez Obrador, pero en general es positiva para Chetumal, donde se asienta el gobierno del estado; \u201ctraer una dependencia de ese tama\u00f1o con miles de empleados y todo, por supuesto que para Chetumal es muy alentador, le dar\u00eda un vuelco interesante a la capital del estado\u201d.<\/p>\n<p>Del tren Peninsular, coment\u00f3 que ser\u00eda maravilloso, eso lo han venido escuchando en muchas administraciones, esperan que se d\u00e9; \u201ctodo lo que sea movilidad y calidad en el estado es bien visto\u201d.<\/p>\n<p>De igual manera, destac\u00f3 que el puente de menor distancia, que pasa por Punta Canc\u00fan, es el m\u00e1s cercano a realizar. Dijo que el Fonatur tiene alrededor de 200 millones de pesos que no ha usado, pero es un primer paso entre los gobiernos del estado y el federal.<\/p>\n<p>Inna Germ\u00e1n afirm\u00f3 que seguir\u00e1n impulsando la imagen urbana, el proyecto de la ciudad que todos queremos, que tiene \u00e9xito y mejorar\u00e1n temas de regulaci\u00f3n con el gobierno municipal y en cuanto a la Ventanilla \u00danica, para evitar tantos tr\u00e1mites, en el pr\u00f3ximo gobierno de Mara Lezama ya est\u00e1n trabajando en curr\u00edculas de las \u00e1reas de la Tesorer\u00eda, Seguridad P\u00fablica, Desarrollo Urbano y Oficial\u00eda Mayor.<\/p>\n","protected":false},"excerpt":{"rendered":"<p><span style=\"color: #005497;\"><strong>Derecho de r\u00e9plica<\/strong><\/span><\/p>\n","protected":false},"author":3,"featured_media":0,"comment_status":"open","ping_status":"open","sticky":false,"template":"","format":"standard","meta":{"_monsterinsights_skip_tracking":false,"_monsterinsights_sitenote_active":false,"_monsterinsights_sitenote_note":"","_monsterinsights_sitenote_category":0,"footnotes":""},"categories":[62907],"tags":[47840,43674],"class_list":["post-384771","post","type-post","status-publish","format-standard","hentry","category-derecho-de-replica","tag-derecho-de-replica","tag-opinion"],"_links":{"self":[{"href":"https:\/\/www.diarioimagen.net\/index.php?rest_route=\/wp\/v2\/posts\/384771","targetHints":{"allow":["GET"]}}],"collection":[{"href":"https:\/\/www.diarioimagen.net\/index.php?rest_route=\/wp\/v2\/posts"}],"about":[{"href":"https:\/\/www.diarioimagen.net\/index.php?rest_route=\/wp\/v2\/types\/post"}],"author":[{"embeddable":true,"href":"https:\/\/www.diarioimagen.net\/index.php?rest_route=\/wp\/v2\/users\/3"}],"replies":[{"embeddable":true,"href":"https:\/\/www.diarioimagen.net\/index.php?rest_route=%2Fwp%2Fv2%2Fcomments&post=384771"}],"version-history":[{"count":0,"href":"https:\/\/www.diarioimagen.net\/index.php?rest_route=\/wp\/v2\/posts\/384771\/revisions"}],"wp:attachment":[{"href":"https:\/\/www.diarioimagen.net\/index.php?rest_route=%2Fwp%2Fv2%2Fmedia&parent=384771"}],"wp:term":[{"taxonomy":"category","embeddable":true,"href":"https:\/\/www.diarioimagen.net\/index.php?rest_route=%2Fwp%2Fv2%2Fcategories&post=384771"},{"taxonomy":"post_tag","embeddable":true,"href":"https:\/\/www.diarioimagen.net\/index.php?rest_route=%2Fwp%2Fv2%2Ftags&post=384771"}],"curies":[{"name":"wp","href":"https:\/\/api.w.org\/{rel}","templated":true}]}}