{"id":384864,"date":"2018-07-12T00:11:10","date_gmt":"2018-07-12T05:11:10","guid":{"rendered":"http:\/\/www.diarioimagen.net\/?p=384864"},"modified":"2018-07-11T23:59:18","modified_gmt":"2018-07-12T04:59:18","slug":"edomex-recibe-78-mil-dosis-de-vacuna-contra-hepatitis-b","status":"publish","type":"post","link":"https:\/\/www.diarioimagen.net\/?p=384864","title":{"rendered":"Edomex recibe 78 mil dosis de vacuna contra hepatitis B"},"content":{"rendered":"<h2>Arco Norte<\/h2>\n<h5>Jos\u00e9 Luis Monta\u00f1ez Aguilar<\/h5>\n<p>&nbsp;<\/p>\n<div id=\"attachment_384865\" style=\"width: 430px\" class=\"wp-caption aligncenter\"><img loading=\"lazy\" decoding=\"async\" aria-describedby=\"caption-attachment-384865\" class=\"wp-image-384865\" src=\"http:\/\/www.diarioimagen.net\/wp-content\/uploads\/2018\/07\/HEPATITIS12-poortal-306x460.jpg\" alt=\"\" width=\"420\" height=\"632\" srcset=\"https:\/\/www.diarioimagen.net\/wp-content\/uploads\/2018\/07\/HEPATITIS12-poortal-306x460.jpg 306w, https:\/\/www.diarioimagen.net\/wp-content\/uploads\/2018\/07\/HEPATITIS12-poortal-159x240.jpg 159w, https:\/\/www.diarioimagen.net\/wp-content\/uploads\/2018\/07\/HEPATITIS12-poortal.jpg 700w\" sizes=\"auto, (max-width: 420px) 100vw, 420px\" \/><p id=\"caption-attachment-384865\" class=\"wp-caption-text\">Las vacunas se destinar\u00e1n a peque\u00f1os que no hayan recibido la primera dosis.<\/p><\/div>\n<p>&nbsp;<\/p>\n<p>La Secretar\u00eda de Salud del Estado de M\u00e9xico informa que recibi\u00f3 78 mil dosis de la vacuna contra la hepatitis B, mismas que se destinar\u00e1n a peque\u00f1os que no hayan recibido la primera dosis.<\/p>\n<p>Estas inmunizaciones que fueron enviadas por el gobierno federal, a trav\u00e9s del Centro Nacional para la Salud de la Infancia y la Adolescencia (CeNSIA), ya se han distribuido a las 19 Jurisdicciones del Instituto de Salud del Estado de M\u00e9xico (ISEM).<\/p>\n<p>La dependencia se\u00f1ala que la escasez pasada de la vacuna contra Hepatitis B, se debi\u00f3 a que la producci\u00f3n mundial se detuvo a finales de 2017, por lo que la falta de la misma afect\u00f3 a todo el pa\u00eds.<\/p>\n<p>Aclar\u00f3 que este biol\u00f3gico es de importaci\u00f3n, por tal motivo el abasto se encuentra sujeto a lo que generan laboratorios extranjeros.<\/p>\n<p>Es importante mencionar que para garantizar el buen estado de las vacunas, el sistema de regulaci\u00f3n en M\u00e9xico, a trav\u00e9s de la Comisi\u00f3n Federal para la Protecci\u00f3n contra Riesgos Sanitarios (Cofepris), lleva a cabo trabajos meticulosos de verificaci\u00f3n con el objetivo de asegurar su calidad antes de enviarlas a los centros de salud.<\/p>\n<p>Esta vacuna, seg\u00fan la Cartilla Nacional de Vacunaci\u00f3n, se aplica mediante inyecci\u00f3n intramuscular en el muslo izquierdo, en ni\u00f1as y ni\u00f1os de 18 meses de edad y a partir de los 11 a\u00f1os en las y los adolescentes que no hayan tenido dosis previa.<\/p>\n<p style=\"text-align: center;\"><strong>Se fortalece cultura de transparencia, rendici\u00f3n de cuentas y combate a la corrupci\u00f3n <\/strong><\/p>\n<p>La Contralor\u00eda social es uno de los mejores ant\u00eddotos para prevenir la corrupci\u00f3n, la discrecionalidad y el uso indebido de los recursos p\u00fablicos, ya que fortalece la cultura de la transparencia, la rendici\u00f3n de cuentas y legitima las acciones de gobierno, asegur\u00f3 el sgecretario de la Contralor\u00eda del Gobierno del Estado de M\u00e9xico (Secogem), Javier Vargas Zempoalt\u00e9catl.<\/p>\n<p>Al supervisar el programa Familias Fuertes, Nutrici\u00f3n Escolar, en el preescolar biling\u00fce ind\u00edgena \u201cJuan Escutia\u201d, ubicado en San Pedro Arriba, segunda secci\u00f3n, Temoaya, destac\u00f3 que la labor de los Comit\u00e9s Ciudadanos de Control y Vigilancia (Cocicovis) de manera responsable y desinteresada, permite tambi\u00e9n que la gesti\u00f3n gubernamental sea m\u00e1s eficaz y eficiente.<\/p>\n<p><em><a href=\"mailto:montanezaguilar@gmail.com\" target=\"_blank\" rel=\"noopener\">montanezaguilar@gmail.com<\/a><\/em><\/p>\n","protected":false},"excerpt":{"rendered":"<p><span style=\"color: #005497;\">Jos\u00e9 Luis Monta\u00f1ez Aguilar<\/span><br \/>\n<br \/>\nLa Secretar\u00eda de Salud del Estado de M\u00e9xico informa que recibi\u00f3 78 mil dosis de la vacuna contra la hepatitis B, mismas que se destinar\u00e1n a peque\u00f1os que no hayan recibido la primera dosis.<\/p>\n","protected":false},"author":5,"featured_media":384866,"comment_status":"open","ping_status":"open","sticky":false,"template":"","format":"standard","meta":{"_monsterinsights_skip_tracking":false,"_monsterinsights_sitenote_active":false,"_monsterinsights_sitenote_note":"","_monsterinsights_sitenote_category":0,"footnotes":""},"categories":[5],"tags":[75835,75833,13284,75836,75834,43704,43674],"class_list":["post-384864","post","type-post","status-publish","format-standard","has-post-thumbnail","hentry","category-estado-de-mexico","tag-19-jurisdicciones-del-isem","tag-78-mil-dosis-de-vacuna","tag-arco-norte","tag-cartilla-nacional-de-vacunacion","tag-contra-hepatitis-b","tag-jose-luis-montanez-aguilar","tag-opinion"],"_links":{"self":[{"href":"https:\/\/www.diarioimagen.net\/index.php?rest_route=\/wp\/v2\/posts\/384864","targetHints":{"allow":["GET"]}}],"collection":[{"href":"https:\/\/www.diarioimagen.net\/index.php?rest_route=\/wp\/v2\/posts"}],"about":[{"href":"https:\/\/www.diarioimagen.net\/index.php?rest_route=\/wp\/v2\/types\/post"}],"author":[{"embeddable":true,"href":"https:\/\/www.diarioimagen.net\/index.php?rest_route=\/wp\/v2\/users\/5"}],"replies":[{"embeddable":true,"href":"https:\/\/www.diarioimagen.net\/index.php?rest_route=%2Fwp%2Fv2%2Fcomments&post=384864"}],"version-history":[{"count":0,"href":"https:\/\/www.diarioimagen.net\/index.php?rest_route=\/wp\/v2\/posts\/384864\/revisions"}],"wp:featuredmedia":[{"embeddable":true,"href":"https:\/\/www.diarioimagen.net\/index.php?rest_route=\/wp\/v2\/media\/384866"}],"wp:attachment":[{"href":"https:\/\/www.diarioimagen.net\/index.php?rest_route=%2Fwp%2Fv2%2Fmedia&parent=384864"}],"wp:term":[{"taxonomy":"category","embeddable":true,"href":"https:\/\/www.diarioimagen.net\/index.php?rest_route=%2Fwp%2Fv2%2Fcategories&post=384864"},{"taxonomy":"post_tag","embeddable":true,"href":"https:\/\/www.diarioimagen.net\/index.php?rest_route=%2Fwp%2Fv2%2Ftags&post=384864"}],"curies":[{"name":"wp","href":"https:\/\/api.w.org\/{rel}","templated":true}]}}