{"id":384939,"date":"2018-07-12T00:04:51","date_gmt":"2018-07-12T05:04:51","guid":{"rendered":"http:\/\/www.diarioimagen.net\/?p=384939"},"modified":"2018-07-12T07:02:05","modified_gmt":"2018-07-12T12:02:05","slug":"premian-a-escoltas-ganadoras-del-concurso-convocado-por-tultitlan","status":"publish","type":"post","link":"https:\/\/www.diarioimagen.net\/?p=384939","title":{"rendered":"Premian a escoltas ganadoras del concurso convocado por Tultitl\u00e1n"},"content":{"rendered":"<p><a href=\"http:\/\/www.diarioimagen.net\/?attachment_id=385026\" rel=\"attachment wp-att-385026\"><img loading=\"lazy\" decoding=\"async\" class=\"aligncenter size-large wp-image-385026\" src=\"http:\/\/www.diarioimagen.net\/wp-content\/uploads\/2018\/07\/TULTITLAN-3409-460x259.jpg\" alt=\"\" width=\"460\" height=\"259\" srcset=\"https:\/\/www.diarioimagen.net\/wp-content\/uploads\/2018\/07\/TULTITLAN-3409-460x259.jpg 460w, https:\/\/www.diarioimagen.net\/wp-content\/uploads\/2018\/07\/TULTITLAN-3409-240x135.jpg 240w, https:\/\/www.diarioimagen.net\/wp-content\/uploads\/2018\/07\/TULTITLAN-3409-235x132.jpg 235w, https:\/\/www.diarioimagen.net\/wp-content\/uploads\/2018\/07\/TULTITLAN-3409-202x114.jpg 202w, https:\/\/www.diarioimagen.net\/wp-content\/uploads\/2018\/07\/TULTITLAN-3409-350x196.jpg 350w, https:\/\/www.diarioimagen.net\/wp-content\/uploads\/2018\/07\/TULTITLAN-3409-220x123.jpg 220w, https:\/\/www.diarioimagen.net\/wp-content\/uploads\/2018\/07\/TULTITLAN-3409-237x132.jpg 237w, https:\/\/www.diarioimagen.net\/wp-content\/uploads\/2018\/07\/TULTITLAN-3409.jpg 480w\" sizes=\"auto, (max-width: 460px) 100vw, 460px\" \/><\/a><\/p>\n<p>&nbsp;<\/p>\n<p><strong>Tultitl\u00e1n, Estado de M\u00e9xico<\/strong><strong>.-<\/strong> Con el fin de fomentar y fortalecer el amor y el respeto a los s\u00edmbolos patrios, que son parte de nuestra identidad nacional y en el marco de la pasada celebraci\u00f3n del D\u00eda de la Bandera, el gobierno municipal a trav\u00e9s de la Direcci\u00f3n General de Educaci\u00f3n, llev\u00f3 a cabo la premiaci\u00f3n de las escoltas que resultaron triunfadoras en el concurso realizado a lo largo de los meses anteriores en la explanada municipal.<\/p>\n<p>Un total de 12 planteles educativos fueron los ganadores de dicho concurso, representando a las tres zonas de la demarcaci\u00f3n desde el nivel preescolar hasta el nivel superior.<\/p>\n","protected":false},"excerpt":{"rendered":"<p>Con el fin de fomentar y fortalecer el amor y el respeto a los s\u00edmbolos patrios, que son parte de nuestra identidad nacional y en el marco de la pasada celebraci\u00f3n del D\u00eda de la Bandera, el gobierno municipal a trav\u00e9s de la Direcci\u00f3n General de Educaci\u00f3n, llev\u00f3 a cabo la premiaci\u00f3n de las escoltas que resultaron triunfadoras en el concurso realizado a lo largo de los meses anteriores en la explanada municipal.<\/p>\n","protected":false},"author":3,"featured_media":385026,"comment_status":"open","ping_status":"open","sticky":false,"template":"","format":"standard","meta":{"_monsterinsights_skip_tracking":false,"_monsterinsights_sitenote_active":false,"_monsterinsights_sitenote_note":"","_monsterinsights_sitenote_category":0,"footnotes":""},"categories":[35155],"tags":[75889,43675,578],"class_list":["post-384939","post","type-post","status-publish","format-standard","has-post-thumbnail","hentry","category-estado-de-mexico-estado-de-mexico","tag-escoltas","tag-estado-de-mexico","tag-tultitlan"],"_links":{"self":[{"href":"https:\/\/www.diarioimagen.net\/index.php?rest_route=\/wp\/v2\/posts\/384939","targetHints":{"allow":["GET"]}}],"collection":[{"href":"https:\/\/www.diarioimagen.net\/index.php?rest_route=\/wp\/v2\/posts"}],"about":[{"href":"https:\/\/www.diarioimagen.net\/index.php?rest_route=\/wp\/v2\/types\/post"}],"author":[{"embeddable":true,"href":"https:\/\/www.diarioimagen.net\/index.php?rest_route=\/wp\/v2\/users\/3"}],"replies":[{"embeddable":true,"href":"https:\/\/www.diarioimagen.net\/index.php?rest_route=%2Fwp%2Fv2%2Fcomments&post=384939"}],"version-history":[{"count":0,"href":"https:\/\/www.diarioimagen.net\/index.php?rest_route=\/wp\/v2\/posts\/384939\/revisions"}],"wp:featuredmedia":[{"embeddable":true,"href":"https:\/\/www.diarioimagen.net\/index.php?rest_route=\/wp\/v2\/media\/385026"}],"wp:attachment":[{"href":"https:\/\/www.diarioimagen.net\/index.php?rest_route=%2Fwp%2Fv2%2Fmedia&parent=384939"}],"wp:term":[{"taxonomy":"category","embeddable":true,"href":"https:\/\/www.diarioimagen.net\/index.php?rest_route=%2Fwp%2Fv2%2Fcategories&post=384939"},{"taxonomy":"post_tag","embeddable":true,"href":"https:\/\/www.diarioimagen.net\/index.php?rest_route=%2Fwp%2Fv2%2Ftags&post=384939"}],"curies":[{"name":"wp","href":"https:\/\/api.w.org\/{rel}","templated":true}]}}