{"id":385138,"date":"2018-07-13T00:07:40","date_gmt":"2018-07-13T05:07:40","guid":{"rendered":"http:\/\/www.diarioimagen.net\/?p=385138"},"modified":"2018-07-13T05:22:28","modified_gmt":"2018-07-13T10:22:28","slug":"premian-a-artesanos-ganadores-del-concurso-de-alfareria-arbol-de-la-vida","status":"publish","type":"post","link":"https:\/\/www.diarioimagen.net\/?p=385138","title":{"rendered":"Premian a artesanos ganadores del concurso de alfarer\u00eda \u00c1rbol de la Vida"},"content":{"rendered":"<ul>\n<li><em><strong>Certamen donde participaron 163 alfareros<\/strong><\/em><\/li>\n<\/ul>\n<p>&nbsp;<\/p>\n<div id=\"attachment_385225\" style=\"width: 310px\" class=\"wp-caption alignleft\"><a href=\"http:\/\/www.diarioimagen.net\/?attachment_id=385225\" rel=\"attachment wp-att-385225\"><img loading=\"lazy\" decoding=\"async\" aria-describedby=\"caption-attachment-385225\" class=\" wp-image-385225\" src=\"http:\/\/www.diarioimagen.net\/wp-content\/uploads\/2018\/07\/METEPEC-3410-348x460.jpg\" alt=\"\" width=\"300\" height=\"397\" srcset=\"https:\/\/www.diarioimagen.net\/wp-content\/uploads\/2018\/07\/METEPEC-3410-348x460.jpg 348w, https:\/\/www.diarioimagen.net\/wp-content\/uploads\/2018\/07\/METEPEC-3410-181x240.jpg 181w, https:\/\/www.diarioimagen.net\/wp-content\/uploads\/2018\/07\/METEPEC-3410.jpg 529w\" sizes=\"auto, (max-width: 300px) 100vw, 300px\" \/><\/a><p id=\"caption-attachment-385225\" class=\"wp-caption-text\">El Galard\u00f3n \u00c1rbol de la Vida fue para Cecilio S\u00e1nchez Fierro, por su pieza \u201cTlanchana leyenda de mi pueblo\u201d.<\/p><\/div>\n<p><strong>Metepec, Estado de M\u00e9xico.<\/strong>&#8211; El alcalde, David L\u00f3pez C\u00e1rdenas, encabez\u00f3 la ceremonia de premiaci\u00f3n de la edici\u00f3n 2018 del Concurso Nacional de Alfarer\u00eda \u201c\u00c1rbol de la Vida\u201d, que reparti\u00f3 600 mil pesos a 31 maestros artesanos que participaron y destacaron en la creaci\u00f3n de piezas.<\/p>\n<p>El Galard\u00f3n \u00c1rbol de la Vida fue para el alfarero originario de Metepec, Cecilio S\u00e1nchez Fierro, con la obra \u201cTlanchana leyenda de mi pueblo\u201d, que sobresali\u00f3 por sus materiales, t\u00e9cnica y dise\u00f1o. Dicha obra representa a la figura m\u00edtica del Pueblo M\u00e1gico, decorada con animales marinos y fue elaborada en mes y medio.<\/p>\n<p>\u201cHaber obtenido este premio para m\u00ed es muy satisfactorio, Metepec ya es muy reconocido a nivel internacional. La pieza es una fusi\u00f3n de barros particulares de diversas regiones del Estado de M\u00e9xico, Cuernavaca y Michoac\u00e1n, que no contienen pigmento, una tarea que he hecho para poder hacer este tipo de trabajo, son pigmentaciones naturales, es decir, no llevan pintura\u201d, dio a conocer el artesano cuya trayectoria supera los 20 a\u00f1os y pese a que es principalmente reconocido por las miniaturas, rompi\u00f3 esquemas al crear la obra de m\u00e1s de un metro de altura con muchos detalles.<\/p>\n<p>Asimismo, los premios \u00fanicos de Mujer Artesana, Legado Artesanal y Nuevos Dise\u00f1os, fueron entregados a Ariadna Daniela Soteno D\u00edaz, de Michoac\u00e1n, por \u201c\u00c1rbol de la Vida\u201d, Magdalena Guti\u00e9rrez V\u00edctor, por \u201cPi\u00f1a con abanicos y gu\u00edas\u201d y a Jos\u00e9 Antonio Ayala, de Ixtapan de la Sal, por su obra \u201cHabitante\u201d, respectivamente.<\/p>\n<p>\u201cEsta administraci\u00f3n ha brindado apoyo permanente y decidido a los artesanos, Metepec es un punto de encuentro para m\u00faltiples expresiones. Este a\u00f1o participaron 163 artesanos provenientes de este municipio y de otros estados de la Rep\u00fablica Mexicana, como Michoac\u00e1n, Veracruz, Oaxaca, Jalisco y Estado de M\u00e9xico, mostrando el gran talento que hay en el pa\u00eds\u201d, se\u00f1al\u00f3 David L\u00f3pez C\u00e1rdenas.<\/p>\n<p>En el evento tambi\u00e9n fueron premiados las ni\u00f1as y ni\u00f1os artesanos con una tableta electr\u00f3nica, igual que los tres primeros lugares de las categor\u00edas: barro natural, alisado, engobado, esgrafiado, incrustado al pastillaje, bru\u00f1ido y figura en arcilla; barro policromado y pigmentado; piezas utilitarias terminadas en vidriado libre de plomo; piezas rituales; vidriado tradicional; miniatura y piezas monumentales, con un est\u00edmulo econ\u00f3mico que fue posible gracias al gobierno municipal y al Fondo Nacional para el Fomento de las Artesan\u00edas (FONART).<\/p>\n<p>Al finalizar, 100 artesanos recibieron apoyos para impulsar la producci\u00f3n y la salud visual, gestionados ante FONART. Estuvieron presentes autoridades municipales, el representante del FONART y la directora del Instituto de Investigaci\u00f3n y Fomento de las Artesan\u00edas del Estado de M\u00e9xico (IIFAEM), Isabel Guadarrama S\u00e1nchez.<\/p>\n","protected":false},"excerpt":{"rendered":"<p>El alcalde, David L\u00f3pez C\u00e1rdenas, encabez\u00f3 la ceremonia de premiaci\u00f3n de la edici\u00f3n 2018 del Concurso Nacional de Alfarer\u00eda \u201c\u00c1rbol de la Vida\u201d, que reparti\u00f3 600 mil pesos a 31 maestros artesanos que participaron y destacaron en la creaci\u00f3n de piezas.<\/p>\n","protected":false},"author":3,"featured_media":385226,"comment_status":"open","ping_status":"open","sticky":false,"template":"","format":"standard","meta":{"_monsterinsights_skip_tracking":false,"_monsterinsights_sitenote_active":false,"_monsterinsights_sitenote_note":"","_monsterinsights_sitenote_category":0,"footnotes":""},"categories":[35155],"tags":[75934,52197,43675,876],"class_list":["post-385138","post","type-post","status-publish","format-standard","has-post-thumbnail","hentry","category-estado-de-mexico-estado-de-mexico","tag-alfareria","tag-arbol-de-la-vida","tag-estado-de-mexico","tag-metepec"],"_links":{"self":[{"href":"https:\/\/www.diarioimagen.net\/index.php?rest_route=\/wp\/v2\/posts\/385138","targetHints":{"allow":["GET"]}}],"collection":[{"href":"https:\/\/www.diarioimagen.net\/index.php?rest_route=\/wp\/v2\/posts"}],"about":[{"href":"https:\/\/www.diarioimagen.net\/index.php?rest_route=\/wp\/v2\/types\/post"}],"author":[{"embeddable":true,"href":"https:\/\/www.diarioimagen.net\/index.php?rest_route=\/wp\/v2\/users\/3"}],"replies":[{"embeddable":true,"href":"https:\/\/www.diarioimagen.net\/index.php?rest_route=%2Fwp%2Fv2%2Fcomments&post=385138"}],"version-history":[{"count":0,"href":"https:\/\/www.diarioimagen.net\/index.php?rest_route=\/wp\/v2\/posts\/385138\/revisions"}],"wp:featuredmedia":[{"embeddable":true,"href":"https:\/\/www.diarioimagen.net\/index.php?rest_route=\/wp\/v2\/media\/385226"}],"wp:attachment":[{"href":"https:\/\/www.diarioimagen.net\/index.php?rest_route=%2Fwp%2Fv2%2Fmedia&parent=385138"}],"wp:term":[{"taxonomy":"category","embeddable":true,"href":"https:\/\/www.diarioimagen.net\/index.php?rest_route=%2Fwp%2Fv2%2Fcategories&post=385138"},{"taxonomy":"post_tag","embeddable":true,"href":"https:\/\/www.diarioimagen.net\/index.php?rest_route=%2Fwp%2Fv2%2Ftags&post=385138"}],"curies":[{"name":"wp","href":"https:\/\/api.w.org\/{rel}","templated":true}]}}