{"id":385140,"date":"2018-07-13T00:06:12","date_gmt":"2018-07-13T05:06:12","guid":{"rendered":"http:\/\/www.diarioimagen.net\/?p=385140"},"modified":"2018-07-13T05:23:16","modified_gmt":"2018-07-13T10:23:16","slug":"aprueba-cabildo-de-naucalpan-nombramientos-de-nuevos-funcionarios","status":"publish","type":"post","link":"https:\/\/www.diarioimagen.net\/?p=385140","title":{"rendered":"Aprueba cabildo de Naucalpan nombramientos de nuevos funcionarios"},"content":{"rendered":"<p><a href=\"http:\/\/www.diarioimagen.net\/?attachment_id=385229\" rel=\"attachment wp-att-385229\"><img loading=\"lazy\" decoding=\"async\" class=\"aligncenter size-large wp-image-385229\" src=\"http:\/\/www.diarioimagen.net\/wp-content\/uploads\/2018\/07\/NAUCALPAN-3410-460x259.jpg\" alt=\"\" width=\"460\" height=\"259\" srcset=\"https:\/\/www.diarioimagen.net\/wp-content\/uploads\/2018\/07\/NAUCALPAN-3410-460x259.jpg 460w, https:\/\/www.diarioimagen.net\/wp-content\/uploads\/2018\/07\/NAUCALPAN-3410-240x135.jpg 240w, https:\/\/www.diarioimagen.net\/wp-content\/uploads\/2018\/07\/NAUCALPAN-3410-235x132.jpg 235w, https:\/\/www.diarioimagen.net\/wp-content\/uploads\/2018\/07\/NAUCALPAN-3410-202x114.jpg 202w, https:\/\/www.diarioimagen.net\/wp-content\/uploads\/2018\/07\/NAUCALPAN-3410-350x196.jpg 350w, https:\/\/www.diarioimagen.net\/wp-content\/uploads\/2018\/07\/NAUCALPAN-3410-220x123.jpg 220w, https:\/\/www.diarioimagen.net\/wp-content\/uploads\/2018\/07\/NAUCALPAN-3410-237x132.jpg 237w, https:\/\/www.diarioimagen.net\/wp-content\/uploads\/2018\/07\/NAUCALPAN-3410.jpg 480w\" sizes=\"auto, (max-width: 460px) 100vw, 460px\" \/><\/a><\/p>\n<p>&nbsp;<\/p>\n<p><strong>Naucalpan, Estado de M\u00e9xico<\/strong><strong>.-<\/strong> El cabildo de Naucalpan aprob\u00f3 los nombramientos de Alejandro Olvera Entzana como secretario de Innovaci\u00f3n Gubernamental, as\u00ed como el de Luis Adri\u00e1n Ch\u00e1vez Toledo como director general de Administraci\u00f3n.\u00a0Alejandro Olvera Entzana cuenta con 15 a\u00f1os de experiencia en el servicio p\u00fablico, desempe\u00f1\u00e1ndose en su \u00faltimo cargo como diputado local y presidente de la Comisi\u00f3n Legislativa de Apoyo y Atenci\u00f3n al Migrante.<\/p>\n<p>Luis Adri\u00e1n Ch\u00e1vez Toledo es maestro en Administraci\u00f3n P\u00fablica y Pol\u00edticas P\u00fablicas, por el Instituto Tecnol\u00f3gico y de Estudios Superiores de Monterrey;\u00a0\u00a0fue subdirector de Recursos Materiales de septiembre de 2016 a marzo de 2018 en la administraci\u00f3n municipal de Naucalpan.<\/p>\n","protected":false},"excerpt":{"rendered":"<p>El cabildo de Naucalpan aprob\u00f3 los nombramientos de Alejandro Olvera Entzana como secretario de Innovaci\u00f3n Gubernamental, as\u00ed como el de Luis Adri\u00e1n Ch\u00e1vez Toledo como director general de Administraci\u00f3n. Alejandro Olvera Entzana cuenta con 15 a\u00f1os de experiencia en el servicio p\u00fablico, desempe\u00f1\u00e1ndose en su \u00faltimo cargo como diputado local y presidente de la Comisi\u00f3n Legislativa de Apoyo y Atenci\u00f3n al Migrante.<\/p>\n","protected":false},"author":3,"featured_media":385229,"comment_status":"open","ping_status":"open","sticky":false,"template":"","format":"standard","meta":{"_monsterinsights_skip_tracking":false,"_monsterinsights_sitenote_active":false,"_monsterinsights_sitenote_note":"","_monsterinsights_sitenote_category":0,"footnotes":""},"categories":[35155],"tags":[43675,970,75935],"class_list":["post-385140","post","type-post","status-publish","format-standard","has-post-thumbnail","hentry","category-estado-de-mexico-estado-de-mexico","tag-estado-de-mexico","tag-naucalpan","tag-nombramientos"],"_links":{"self":[{"href":"https:\/\/www.diarioimagen.net\/index.php?rest_route=\/wp\/v2\/posts\/385140","targetHints":{"allow":["GET"]}}],"collection":[{"href":"https:\/\/www.diarioimagen.net\/index.php?rest_route=\/wp\/v2\/posts"}],"about":[{"href":"https:\/\/www.diarioimagen.net\/index.php?rest_route=\/wp\/v2\/types\/post"}],"author":[{"embeddable":true,"href":"https:\/\/www.diarioimagen.net\/index.php?rest_route=\/wp\/v2\/users\/3"}],"replies":[{"embeddable":true,"href":"https:\/\/www.diarioimagen.net\/index.php?rest_route=%2Fwp%2Fv2%2Fcomments&post=385140"}],"version-history":[{"count":0,"href":"https:\/\/www.diarioimagen.net\/index.php?rest_route=\/wp\/v2\/posts\/385140\/revisions"}],"wp:featuredmedia":[{"embeddable":true,"href":"https:\/\/www.diarioimagen.net\/index.php?rest_route=\/wp\/v2\/media\/385229"}],"wp:attachment":[{"href":"https:\/\/www.diarioimagen.net\/index.php?rest_route=%2Fwp%2Fv2%2Fmedia&parent=385140"}],"wp:term":[{"taxonomy":"category","embeddable":true,"href":"https:\/\/www.diarioimagen.net\/index.php?rest_route=%2Fwp%2Fv2%2Fcategories&post=385140"},{"taxonomy":"post_tag","embeddable":true,"href":"https:\/\/www.diarioimagen.net\/index.php?rest_route=%2Fwp%2Fv2%2Ftags&post=385140"}],"curies":[{"name":"wp","href":"https:\/\/api.w.org\/{rel}","templated":true}]}}