{"id":385362,"date":"2018-07-16T00:07:57","date_gmt":"2018-07-16T05:07:57","guid":{"rendered":"http:\/\/www.diarioimagen.net\/?p=385362"},"modified":"2018-07-16T04:25:23","modified_gmt":"2018-07-16T09:25:23","slug":"empoderan-a-las-mujeres-naucalpenses","status":"publish","type":"post","link":"https:\/\/www.diarioimagen.net\/?p=385362","title":{"rendered":"Empoderan a las mujeres naucalpenses"},"content":{"rendered":"<p>&nbsp;<\/p>\n<p><a href=\"http:\/\/www.diarioimagen.net\/?attachment_id=385436\" rel=\"attachment wp-att-385436\"><img loading=\"lazy\" decoding=\"async\" class=\"aligncenter size-large wp-image-385436\" src=\"http:\/\/www.diarioimagen.net\/wp-content\/uploads\/2018\/07\/NAUCALPAN-3411-460x259.jpg\" alt=\"\" width=\"460\" height=\"259\" srcset=\"https:\/\/www.diarioimagen.net\/wp-content\/uploads\/2018\/07\/NAUCALPAN-3411-460x259.jpg 460w, https:\/\/www.diarioimagen.net\/wp-content\/uploads\/2018\/07\/NAUCALPAN-3411-240x135.jpg 240w, https:\/\/www.diarioimagen.net\/wp-content\/uploads\/2018\/07\/NAUCALPAN-3411-235x132.jpg 235w, https:\/\/www.diarioimagen.net\/wp-content\/uploads\/2018\/07\/NAUCALPAN-3411-202x114.jpg 202w, https:\/\/www.diarioimagen.net\/wp-content\/uploads\/2018\/07\/NAUCALPAN-3411-350x196.jpg 350w, https:\/\/www.diarioimagen.net\/wp-content\/uploads\/2018\/07\/NAUCALPAN-3411-220x123.jpg 220w, https:\/\/www.diarioimagen.net\/wp-content\/uploads\/2018\/07\/NAUCALPAN-3411-237x132.jpg 237w, https:\/\/www.diarioimagen.net\/wp-content\/uploads\/2018\/07\/NAUCALPAN-3411.jpg 480w\" sizes=\"auto, (max-width: 460px) 100vw, 460px\" \/><\/a><\/p>\n<p>&nbsp;<\/p>\n<p><strong>Naucalpan, Estado de M\u00e9xico<\/strong><strong>.-<\/strong> El gobierno de Naucalpan empodera a las mujeres, a trav\u00e9s de los cursos de capacitaci\u00f3n que brinda el Sistema Municipal para el Desarrollo Integral de la Familia (DIF), apoyando a que 28 jefas de familia concluyan el Taller de Costura de los Centros de Desarrollo Comunitario (CDC).<\/p>\n<p>La Presidenta del DIF Naucalpan, Liliana Carrizales de G\u00e1lvez, se\u00f1al\u00f3 que los cursos de capacitaci\u00f3n que ofrece el DIF, tienen el prop\u00f3sito de impulsar a las mujeres naucalpenses a ser productivas, emprendedoras y autoemplearse para mejorar su econom\u00eda familiar.<\/p>\n","protected":false},"excerpt":{"rendered":"<p>El gobierno de Naucalpan empodera a las mujeres, a trav\u00e9s de los cursos de capacitaci\u00f3n que brinda el Sistema Municipal para el Desarrollo Integral de la Familia (DIF), apoyando a que 28 jefas de familia concluyan el Taller de Costura de los Centros de Desarrollo Comunitario (CDC).<\/p>\n","protected":false},"author":3,"featured_media":385436,"comment_status":"open","ping_status":"open","sticky":false,"template":"","format":"standard","meta":{"_monsterinsights_skip_tracking":false,"_monsterinsights_sitenote_active":false,"_monsterinsights_sitenote_note":"","_monsterinsights_sitenote_category":0,"footnotes":""},"categories":[35155],"tags":[75988,43675,1921,970],"class_list":["post-385362","post","type-post","status-publish","format-standard","has-post-thumbnail","hentry","category-estado-de-mexico-estado-de-mexico","tag-empoderan","tag-estado-de-mexico","tag-mujeres","tag-naucalpan"],"_links":{"self":[{"href":"https:\/\/www.diarioimagen.net\/index.php?rest_route=\/wp\/v2\/posts\/385362","targetHints":{"allow":["GET"]}}],"collection":[{"href":"https:\/\/www.diarioimagen.net\/index.php?rest_route=\/wp\/v2\/posts"}],"about":[{"href":"https:\/\/www.diarioimagen.net\/index.php?rest_route=\/wp\/v2\/types\/post"}],"author":[{"embeddable":true,"href":"https:\/\/www.diarioimagen.net\/index.php?rest_route=\/wp\/v2\/users\/3"}],"replies":[{"embeddable":true,"href":"https:\/\/www.diarioimagen.net\/index.php?rest_route=%2Fwp%2Fv2%2Fcomments&post=385362"}],"version-history":[{"count":0,"href":"https:\/\/www.diarioimagen.net\/index.php?rest_route=\/wp\/v2\/posts\/385362\/revisions"}],"wp:featuredmedia":[{"embeddable":true,"href":"https:\/\/www.diarioimagen.net\/index.php?rest_route=\/wp\/v2\/media\/385436"}],"wp:attachment":[{"href":"https:\/\/www.diarioimagen.net\/index.php?rest_route=%2Fwp%2Fv2%2Fmedia&parent=385362"}],"wp:term":[{"taxonomy":"category","embeddable":true,"href":"https:\/\/www.diarioimagen.net\/index.php?rest_route=%2Fwp%2Fv2%2Fcategories&post=385362"},{"taxonomy":"post_tag","embeddable":true,"href":"https:\/\/www.diarioimagen.net\/index.php?rest_route=%2Fwp%2Fv2%2Ftags&post=385362"}],"curies":[{"name":"wp","href":"https:\/\/api.w.org\/{rel}","templated":true}]}}