{"id":385368,"date":"2018-07-16T00:04:43","date_gmt":"2018-07-16T05:04:43","guid":{"rendered":"http:\/\/www.diarioimagen.net\/?p=385368"},"modified":"2018-07-16T04:29:58","modified_gmt":"2018-07-16T09:29:58","slug":"limpian-en-huixquilucan-el-lodo-que-dejaron-las-intensas-lluvias","status":"publish","type":"post","link":"https:\/\/www.diarioimagen.net\/?p=385368","title":{"rendered":"Limpian en Huixquilucan el lodo que dejaron las intensas lluvias"},"content":{"rendered":"<p><a href=\"http:\/\/www.diarioimagen.net\/?attachment_id=385448\" rel=\"attachment wp-att-385448\"><img loading=\"lazy\" decoding=\"async\" class=\"aligncenter size-large wp-image-385448\" src=\"http:\/\/www.diarioimagen.net\/wp-content\/uploads\/2018\/07\/HUIXQUILUCAN-3411-460x259.jpg\" alt=\"\" width=\"460\" height=\"259\" srcset=\"https:\/\/www.diarioimagen.net\/wp-content\/uploads\/2018\/07\/HUIXQUILUCAN-3411-460x259.jpg 460w, https:\/\/www.diarioimagen.net\/wp-content\/uploads\/2018\/07\/HUIXQUILUCAN-3411-240x135.jpg 240w, https:\/\/www.diarioimagen.net\/wp-content\/uploads\/2018\/07\/HUIXQUILUCAN-3411-235x132.jpg 235w, https:\/\/www.diarioimagen.net\/wp-content\/uploads\/2018\/07\/HUIXQUILUCAN-3411-202x114.jpg 202w, https:\/\/www.diarioimagen.net\/wp-content\/uploads\/2018\/07\/HUIXQUILUCAN-3411-350x196.jpg 350w, https:\/\/www.diarioimagen.net\/wp-content\/uploads\/2018\/07\/HUIXQUILUCAN-3411-220x123.jpg 220w, https:\/\/www.diarioimagen.net\/wp-content\/uploads\/2018\/07\/HUIXQUILUCAN-3411-237x132.jpg 237w, https:\/\/www.diarioimagen.net\/wp-content\/uploads\/2018\/07\/HUIXQUILUCAN-3411.jpg 480w\" sizes=\"auto, (max-width: 460px) 100vw, 460px\" \/><\/a><\/p>\n<p>&nbsp;<\/p>\n<p><strong>Huixquilucan, Estado de M\u00e9xico.-<\/strong>Elementos de Bomberos, Protecci\u00f3n Civil y del Sistema Aguas de Huixquilucan, en coordinaci\u00f3n con personal de la Comisi\u00f3n de Agua del Estado de M\u00e9xico\u00a0trabajan en el retiro de lodo de una calle que result\u00f3 afectada por la intensa lluvia registrada la noche del viernes.<\/p>\n<p>&nbsp;<\/p>\n","protected":false},"excerpt":{"rendered":"<p>Elementos de Bomberos, Protecci\u00f3n Civil y del Sistema Aguas de Huixquilucan, en coordinaci\u00f3n con personal de la Comisi\u00f3n de Agua del Estado de M\u00e9xico trabajan en el retiro de lodo de una calle que result\u00f3 afectada por la intensa lluvia registrada la noche del viernes.<\/p>\n","protected":false},"author":3,"featured_media":385448,"comment_status":"open","ping_status":"open","sticky":false,"template":"","format":"standard","meta":{"_monsterinsights_skip_tracking":false,"_monsterinsights_sitenote_active":false,"_monsterinsights_sitenote_note":"","_monsterinsights_sitenote_category":0,"footnotes":""},"categories":[35155],"tags":[43675,1097,2007,75990],"class_list":["post-385368","post","type-post","status-publish","format-standard","has-post-thumbnail","hentry","category-estado-de-mexico-estado-de-mexico","tag-estado-de-mexico","tag-huixquilucan","tag-limpieza","tag-lodo"],"_links":{"self":[{"href":"https:\/\/www.diarioimagen.net\/index.php?rest_route=\/wp\/v2\/posts\/385368","targetHints":{"allow":["GET"]}}],"collection":[{"href":"https:\/\/www.diarioimagen.net\/index.php?rest_route=\/wp\/v2\/posts"}],"about":[{"href":"https:\/\/www.diarioimagen.net\/index.php?rest_route=\/wp\/v2\/types\/post"}],"author":[{"embeddable":true,"href":"https:\/\/www.diarioimagen.net\/index.php?rest_route=\/wp\/v2\/users\/3"}],"replies":[{"embeddable":true,"href":"https:\/\/www.diarioimagen.net\/index.php?rest_route=%2Fwp%2Fv2%2Fcomments&post=385368"}],"version-history":[{"count":0,"href":"https:\/\/www.diarioimagen.net\/index.php?rest_route=\/wp\/v2\/posts\/385368\/revisions"}],"wp:featuredmedia":[{"embeddable":true,"href":"https:\/\/www.diarioimagen.net\/index.php?rest_route=\/wp\/v2\/media\/385448"}],"wp:attachment":[{"href":"https:\/\/www.diarioimagen.net\/index.php?rest_route=%2Fwp%2Fv2%2Fmedia&parent=385368"}],"wp:term":[{"taxonomy":"category","embeddable":true,"href":"https:\/\/www.diarioimagen.net\/index.php?rest_route=%2Fwp%2Fv2%2Fcategories&post=385368"},{"taxonomy":"post_tag","embeddable":true,"href":"https:\/\/www.diarioimagen.net\/index.php?rest_route=%2Fwp%2Fv2%2Ftags&post=385368"}],"curies":[{"name":"wp","href":"https:\/\/api.w.org\/{rel}","templated":true}]}}