{"id":385546,"date":"2018-07-17T00:10:04","date_gmt":"2018-07-17T05:10:04","guid":{"rendered":"http:\/\/www.diarioimagen.net\/?p=385546"},"modified":"2018-07-17T03:16:43","modified_gmt":"2018-07-17T08:16:43","slug":"egresado-uaem-promueve-salvaguardar-medio-ambiente","status":"publish","type":"post","link":"https:\/\/www.diarioimagen.net\/?p=385546","title":{"rendered":"Egresado UAEM promueve salvaguardar medio ambiente"},"content":{"rendered":"<ul>\n<li><strong><em>Reconocido a nivel internacional\u00a0<\/em><\/strong><\/li>\n<\/ul>\n<p>&nbsp;<\/p>\n<div id=\"attachment_385713\" style=\"width: 310px\" class=\"wp-caption alignleft\"><a href=\"http:\/\/www.diarioimagen.net\/?attachment_id=385713\" rel=\"attachment wp-att-385713\"><img loading=\"lazy\" decoding=\"async\" aria-describedby=\"caption-attachment-385713\" class=\" wp-image-385713\" src=\"http:\/\/www.diarioimagen.net\/wp-content\/uploads\/2018\/07\/UAEM-3412-339x460.jpg\" alt=\"\" width=\"300\" height=\"407\" srcset=\"https:\/\/www.diarioimagen.net\/wp-content\/uploads\/2018\/07\/UAEM-3412-339x460.jpg 339w, https:\/\/www.diarioimagen.net\/wp-content\/uploads\/2018\/07\/UAEM-3412-177x240.jpg 177w, https:\/\/www.diarioimagen.net\/wp-content\/uploads\/2018\/07\/UAEM-3412.jpg 516w\" sizes=\"auto, (max-width: 300px) 100vw, 300px\" \/><\/a><p id=\"caption-attachment-385713\" class=\"wp-caption-text\">Mindahi Crescencio Bastida Mu\u00f1oz realiz\u00f3 estudios en el plantel \u201cNezahualc\u00f3yotl\u201d de la Escuela Preparatoria y la Facultad de Turismo y Gastronom\u00eda.<\/p><\/div>\n<p><strong>Toluca, Estado de M\u00e9xico<\/strong>.\u2013Mindahi Crescencio Bastida Mu\u00f1oz, egresado del plantel \u201cNezahualc\u00f3yotl\u201d de la Escuela Preparatoria y de la Facultad de Turismo y Gastronom\u00eda de la Universidad Aut\u00f3noma del Estado de M\u00e9xico, es reconocido a nivel internacional como promotor de pol\u00edticas p\u00fablicas para salvaguardar el medio ambiente y el patrimonio universal.<\/p>\n<p>El actual director del Programa \u201cCuidadores originales\u201d del Centro de \u00c9tica de la Tierra del Seminario Teol\u00f3gico de la Uni\u00f3n, organizaci\u00f3n perteneciente a la Universidad de Columbia, en Nueva York, Estados Unidos, promueve la protecci\u00f3n de la biodiversidad y los sitios de riqueza cultural en todo el mundo.<\/p>\n<p>El universitario destaca como impulsor de iniciativas con visi\u00f3n sustentable ante la Organizaci\u00f3n de las Naciones Unidas para la Educaci\u00f3n, la Ciencia y la Cultura (UNESCO) e impulsor de propuestas como el decreto por el que se declar\u00f3 \u00e1rea natural protegida, con el car\u00e1cter de \u00e1rea de protecci\u00f3n de flora y fauna, la regi\u00f3n conocida como Ci\u00e9negas del Lerma.<\/p>\n<p>De visita en su alma mater, Bastida Mu\u00f1oz, quien desde el nivel medio superior se esmer\u00f3 en el estudio de idiomas como el ingl\u00e9s, franc\u00e9s e italiano en el Centro de Ense\u00f1anza de Lenguas (CELe) de esta casa de estudios, sostuvo que recientemente, en una audiencia con el papa Francisco, se pronunci\u00f3 sobre la protecci\u00f3n de sitios sagrados.<\/p>\n<p>\u201cSolicit\u00e9 al m\u00e1ximo representante de la iglesia cat\u00f3lica que el Vaticano devuelva a los pueblos originarios artefactos y objetos sagrados que fueron sustra\u00eddos por la fuerza. De igual manera, solicit\u00e9 la rescisi\u00f3n de las bulas papales, que datan de hace 500 a\u00f1os y a\u00fan en la actualidad, permiten la invasi\u00f3n de territorios\u201d.<\/p>\n<p>El universitario ha representado a diversos grupos ambientalistas en 68 pa\u00edses. Destaca su trabajo como delegado oficial del gobierno mexicano ante la Cumbre Mundial sobre Desarrollo Sostenible, celebrada en Johannesburgo, Sud\u00e1frica, donde habl\u00f3 ante el pleno de las Naciones Unidas sobre temas relacionados con la protecci\u00f3n del agua.<\/p>\n<p>Mindahi Crescencio Bastida Mu\u00f1oz expres\u00f3 el orgullo que significa para \u00e9l representar a M\u00e9xico en todo el mundo, ya que es el segundo pa\u00eds m\u00e1s importante por su biocultura del planeta y uno de los m\u00e1s importantes en materia tur\u00edstica.<\/p>\n","protected":false},"excerpt":{"rendered":"<p>Mindahi Crescencio Bastida Mu\u00f1oz, egresado del plantel \u201cNezahualc\u00f3yotl\u201d de la Escuela Preparatoria y de la Facultad de Turismo y Gastronom\u00eda de la Universidad Aut\u00f3noma del Estado de M\u00e9xico, es reconocido a nivel internacional como promotor de pol\u00edticas p\u00fablicas para salvaguardar el medio ambiente y el patrimonio universal.<\/p>\n","protected":false},"author":3,"featured_media":385714,"comment_status":"open","ping_status":"open","sticky":false,"template":"","format":"standard","meta":{"_monsterinsights_skip_tracking":false,"_monsterinsights_sitenote_active":false,"_monsterinsights_sitenote_note":"","_monsterinsights_sitenote_category":0,"footnotes":""},"categories":[5],"tags":[43675,1908,452,1491],"class_list":["post-385546","post","type-post","status-publish","format-standard","has-post-thumbnail","hentry","category-estado-de-mexico","tag-estado-de-mexico","tag-medio-ambiente","tag-toluca","tag-uaem"],"_links":{"self":[{"href":"https:\/\/www.diarioimagen.net\/index.php?rest_route=\/wp\/v2\/posts\/385546","targetHints":{"allow":["GET"]}}],"collection":[{"href":"https:\/\/www.diarioimagen.net\/index.php?rest_route=\/wp\/v2\/posts"}],"about":[{"href":"https:\/\/www.diarioimagen.net\/index.php?rest_route=\/wp\/v2\/types\/post"}],"author":[{"embeddable":true,"href":"https:\/\/www.diarioimagen.net\/index.php?rest_route=\/wp\/v2\/users\/3"}],"replies":[{"embeddable":true,"href":"https:\/\/www.diarioimagen.net\/index.php?rest_route=%2Fwp%2Fv2%2Fcomments&post=385546"}],"version-history":[{"count":0,"href":"https:\/\/www.diarioimagen.net\/index.php?rest_route=\/wp\/v2\/posts\/385546\/revisions"}],"wp:featuredmedia":[{"embeddable":true,"href":"https:\/\/www.diarioimagen.net\/index.php?rest_route=\/wp\/v2\/media\/385714"}],"wp:attachment":[{"href":"https:\/\/www.diarioimagen.net\/index.php?rest_route=%2Fwp%2Fv2%2Fmedia&parent=385546"}],"wp:term":[{"taxonomy":"category","embeddable":true,"href":"https:\/\/www.diarioimagen.net\/index.php?rest_route=%2Fwp%2Fv2%2Fcategories&post=385546"},{"taxonomy":"post_tag","embeddable":true,"href":"https:\/\/www.diarioimagen.net\/index.php?rest_route=%2Fwp%2Fv2%2Ftags&post=385546"}],"curies":[{"name":"wp","href":"https:\/\/api.w.org\/{rel}","templated":true}]}}