{"id":385568,"date":"2018-07-17T00:03:41","date_gmt":"2018-07-17T05:03:41","guid":{"rendered":"http:\/\/www.diarioimagen.net\/?p=385568"},"modified":"2018-07-17T23:31:18","modified_gmt":"2018-07-18T04:31:18","slug":"se-registra-incendio-en-la-plaza-galerias-coapa","status":"publish","type":"post","link":"https:\/\/www.diarioimagen.net\/?p=385568","title":{"rendered":"Se registra incendio en la Plaza Galer\u00edas Coapa"},"content":{"rendered":"<ul>\n<li><strong><em>Trabajos de reconstrucci\u00f3n<\/em><\/strong><\/li>\n<\/ul>\n<p>&nbsp;<\/p>\n<div id=\"attachment_385731\" style=\"width: 470px\" class=\"wp-caption aligncenter\"><a href=\"http:\/\/www.diarioimagen.net\/?attachment_id=385731\" rel=\"attachment wp-att-385731\"><img loading=\"lazy\" decoding=\"async\" aria-describedby=\"caption-attachment-385731\" class=\"size-large wp-image-385731\" src=\"http:\/\/www.diarioimagen.net\/wp-content\/uploads\/2018\/07\/GALERIAS-3412-460x259.jpg\" alt=\"\" width=\"460\" height=\"259\" srcset=\"https:\/\/www.diarioimagen.net\/wp-content\/uploads\/2018\/07\/GALERIAS-3412-460x259.jpg 460w, https:\/\/www.diarioimagen.net\/wp-content\/uploads\/2018\/07\/GALERIAS-3412-240x135.jpg 240w, https:\/\/www.diarioimagen.net\/wp-content\/uploads\/2018\/07\/GALERIAS-3412-235x132.jpg 235w, https:\/\/www.diarioimagen.net\/wp-content\/uploads\/2018\/07\/GALERIAS-3412-202x114.jpg 202w, https:\/\/www.diarioimagen.net\/wp-content\/uploads\/2018\/07\/GALERIAS-3412-350x196.jpg 350w, https:\/\/www.diarioimagen.net\/wp-content\/uploads\/2018\/07\/GALERIAS-3412-220x123.jpg 220w, https:\/\/www.diarioimagen.net\/wp-content\/uploads\/2018\/07\/GALERIAS-3412-237x132.jpg 237w, https:\/\/www.diarioimagen.net\/wp-content\/uploads\/2018\/07\/GALERIAS-3412.jpg 480w\" sizes=\"auto, (max-width: 460px) 100vw, 460px\" \/><\/a><p id=\"caption-attachment-385731\" class=\"wp-caption-text\">El fuego el Plaza Galer\u00edas Coapa fue sofocado y no se registraron personas heridas ni intoxicadas.<\/p><\/div>\n<p>&nbsp;<\/p>\n<p>Un incendio se registr\u00f3 ayer lunes en los pisos superiores del centro comercial Galer\u00edas Coapa en plenos trabajos de reconstrucci\u00f3n, luego de ser severamente afectado, tras el sismo del pasado 19 de septiembre.<\/p>\n<p>Ante la magnitud de las llamas, acudieron bomberos de las delegaciones Coyoac\u00e1n, Tlalpan y Xochimilco, ubicado en el cruce de Canal de Miramontes y Calzada del Hueso y personal de la Secretar\u00eda de Seguridad P\u00fablica realiz\u00f3 cortes a la circulaci\u00f3n.<\/p>\n<p>\u201cSe tiene un incendio en Plaza Comercial, Calzada del Hueso esq. Canal de Miramontes, Del. TLP. Favor de dar paso a los veh\u00edculos de emergencia\u201d, indic\u00f3 en su cuenta de Twitter el secretario de Protecci\u00f3n Civil capitalino, Fausto Lugo.<\/p>\n<p>Posteriormente, el propio Lugo Garc\u00eda confirm\u00f3 que el fuego fue sofocado y que no se registraron personas heridas o intoxicadas.<\/p>\n","protected":false},"excerpt":{"rendered":"<p>Un incendio se registr\u00f3 ayer lunes en los pisos superiores del centro comercial Galer\u00edas Coapa en plenos trabajos de reconstrucci\u00f3n, luego de ser severamente afectado, tras el sismo del pasado 19 de septiembre.<\/p>\n","protected":false},"author":3,"featured_media":385731,"comment_status":"open","ping_status":"open","sticky":false,"template":"","format":"standard","meta":{"_monsterinsights_skip_tracking":false,"_monsterinsights_sitenote_active":false,"_monsterinsights_sitenote_note":"","_monsterinsights_sitenote_category":0,"footnotes":""},"categories":[6],"tags":[204,8065,76043],"class_list":["post-385568","post","type-post","status-publish","format-standard","has-post-thumbnail","hentry","category-cd-de-mexico","tag-ciudad-de-mexico","tag-incendio","tag-plaza-galerias-coapa"],"_links":{"self":[{"href":"https:\/\/www.diarioimagen.net\/index.php?rest_route=\/wp\/v2\/posts\/385568","targetHints":{"allow":["GET"]}}],"collection":[{"href":"https:\/\/www.diarioimagen.net\/index.php?rest_route=\/wp\/v2\/posts"}],"about":[{"href":"https:\/\/www.diarioimagen.net\/index.php?rest_route=\/wp\/v2\/types\/post"}],"author":[{"embeddable":true,"href":"https:\/\/www.diarioimagen.net\/index.php?rest_route=\/wp\/v2\/users\/3"}],"replies":[{"embeddable":true,"href":"https:\/\/www.diarioimagen.net\/index.php?rest_route=%2Fwp%2Fv2%2Fcomments&post=385568"}],"version-history":[{"count":0,"href":"https:\/\/www.diarioimagen.net\/index.php?rest_route=\/wp\/v2\/posts\/385568\/revisions"}],"wp:featuredmedia":[{"embeddable":true,"href":"https:\/\/www.diarioimagen.net\/index.php?rest_route=\/wp\/v2\/media\/385731"}],"wp:attachment":[{"href":"https:\/\/www.diarioimagen.net\/index.php?rest_route=%2Fwp%2Fv2%2Fmedia&parent=385568"}],"wp:term":[{"taxonomy":"category","embeddable":true,"href":"https:\/\/www.diarioimagen.net\/index.php?rest_route=%2Fwp%2Fv2%2Fcategories&post=385568"},{"taxonomy":"post_tag","embeddable":true,"href":"https:\/\/www.diarioimagen.net\/index.php?rest_route=%2Fwp%2Fv2%2Ftags&post=385568"}],"curies":[{"name":"wp","href":"https:\/\/api.w.org\/{rel}","templated":true}]}}