{"id":385590,"date":"2018-07-17T00:08:46","date_gmt":"2018-07-17T05:08:46","guid":{"rendered":"http:\/\/www.diarioimagen.net\/?p=385590"},"modified":"2018-07-17T02:57:41","modified_gmt":"2018-07-17T07:57:41","slug":"a-muchos-se-les-olvido-que-quien-los-ayudo-fue-el-pri-david-parra","status":"publish","type":"post","link":"https:\/\/www.diarioimagen.net\/?p=385590","title":{"rendered":"A muchos se les olvid\u00f3 que quien los ayud\u00f3  fue el PRI: David Parra"},"content":{"rendered":"<ul>\n<li><strong><em>Seguir\u00e1 apoyando a las familias naucalpenses<\/em><\/strong><\/li>\n<\/ul>\n<p>&nbsp;<\/p>\n<div id=\"attachment_385674\" style=\"width: 470px\" class=\"wp-caption aligncenter\"><a href=\"http:\/\/www.diarioimagen.net\/?attachment_id=385674\" rel=\"attachment wp-att-385674\"><img loading=\"lazy\" decoding=\"async\" aria-describedby=\"caption-attachment-385674\" class=\"size-large wp-image-385674\" src=\"http:\/\/www.diarioimagen.net\/wp-content\/uploads\/2018\/07\/NAUCALPAN-3412-460x259.jpg\" alt=\"\" width=\"460\" height=\"259\" srcset=\"https:\/\/www.diarioimagen.net\/wp-content\/uploads\/2018\/07\/NAUCALPAN-3412-460x259.jpg 460w, https:\/\/www.diarioimagen.net\/wp-content\/uploads\/2018\/07\/NAUCALPAN-3412-240x135.jpg 240w, https:\/\/www.diarioimagen.net\/wp-content\/uploads\/2018\/07\/NAUCALPAN-3412-235x132.jpg 235w, https:\/\/www.diarioimagen.net\/wp-content\/uploads\/2018\/07\/NAUCALPAN-3412-202x114.jpg 202w, https:\/\/www.diarioimagen.net\/wp-content\/uploads\/2018\/07\/NAUCALPAN-3412-350x196.jpg 350w, https:\/\/www.diarioimagen.net\/wp-content\/uploads\/2018\/07\/NAUCALPAN-3412-220x123.jpg 220w, https:\/\/www.diarioimagen.net\/wp-content\/uploads\/2018\/07\/NAUCALPAN-3412-237x132.jpg 237w, https:\/\/www.diarioimagen.net\/wp-content\/uploads\/2018\/07\/NAUCALPAN-3412.jpg 480w\" sizes=\"auto, (max-width: 460px) 100vw, 460px\" \/><\/a><p id=\"caption-attachment-385674\" class=\"wp-caption-text\">David Parra S\u00e1nchez destac\u00f3 que con cargo o sin \u00e9l, seguir\u00e1 apoyando a las familias naucalpenses, porque al actual gobierno se le olvid\u00f3 atenderles en sus necesidades m\u00e1s apremiantes.<\/p><\/div>\n<p>&nbsp;<\/p>\n<p><strong>Naucalpan, Estado de M\u00e9xico<\/strong>.- Todos los mexicanos esperamos que nos vaya bien en este gobierno que est\u00e1 por iniciar con Andr\u00e9s Manuel L\u00f3pez Obrador, pero quiero recordarle a la ciudadan\u00eda con todo respeto, que quien transform\u00f3 a nuestro pa\u00eds, fue el Revolucionario Institucional.<\/p>\n<p>Aquellos que hoy nos van a gobernar nacieron y crecieron en el PRI y aunque hoy est\u00e1n en otro partido, ellos saben que todo lo que hoy tenemos es gracias a nuestro instituto pol\u00edtico. A algunos se les olvid\u00f3 quien los pari\u00f3.<\/p>\n<p>As\u00ed lo manifest\u00f3 el l\u00edder social, David Parra S\u00e1nchez, luego de asegurar que \u201cse vino la ola de la inconformidad porque estuvieron minti\u00e9ndole a la gente que los pri\u00edstas son corruptos, que son la mafia del poder y no s\u00e9 qu\u00e9 tantas cosas m\u00e1s. Quien se sienta libre de pecado, que arroje la primera piedra\u201d.<\/p>\n<p>Por otra parte, David Parra, abund\u00f3 que a los que votaron por Movimiento de Regeneraci\u00f3n Nacional (Morena),\u00a0\u00a0se les olvid\u00f3 lo que el PRI hizo por ellos: \u201cpavimentar calles, entregar escrituras para que tuvieran d\u00f3nde vivir, educaci\u00f3n, seguridad, etc\u00e9tera.<\/p>\n<p>Pero es tiempo de darle vuelta a la hoja y esperar que con el nuevo gobierno nos vaya bien a todos los mexicanos\u201d, expres\u00f3.<\/p>\n<p>Parra S\u00e1nchez, destac\u00f3 que con cargo o sin \u00e9l, seguir\u00e1 apoyando a las familias naucalpenses, porque al actual gobierno se le olvid\u00f3 atenderles en sus necesidades m\u00e1s apremiantes. \u201cS\u00f3lo utilizan a la ciudadan\u00eda cuando son tiempos electorales y eso no se vale. Desde cualquier trinchera hay que ser agradecidos que gracias al PRI aqu\u00ed estamos y seguiremos con nuestra lucha para que las familias de Naucalpan vivan mejor\u201d.<\/p>\n<p>Por otra parte, el pol\u00edtico mexiquense puntualiz\u00f3 que pedir\u00e1 al gobierno que encabezar\u00e1 a partir del primero de enero del 2019, Patricia Dur\u00e1n Reveles, cree un programa para atender a las personas con enfermedades terminales.<\/p>\n<p>\u201cEnfermos cr\u00f3nicos y terminales. No es correcto que la gente se nos muera no tienen dinero, no tienen quien les apoye ni tienda la mano. Muchas veces este tipo de enfermos no tiene una dieta balanceada por falta de recursos o aquellos que no pueden salir a tomar el sol porque no pueden caminar por no contar con una silla de ruedas. Esto ya no puede seguir pasando ni en Naucalpan, ni en el Estado de M\u00e9xico ni en el pa\u00eds\u201d.<\/p>\n<p>Al continuar con la entrega de apoyos, Parra S\u00e1nchez, insisti\u00f3 en que es necesario que los gobiernos volteen a ver las necesidades de su gente.<\/p>\n<p>Finalmente uno de los beneficiados con los apoyos que entrega semana a semana David Parra se\u00f1al\u00f3: \u201cSi en este hermoso pa\u00eds como lo es M\u00e9xico, hubiera muchos David Parra, las cosas ser\u00edan diferentes. \u00c9ste se\u00f1or me ayud\u00f3 a enterrar a mis dos hijos que en paz descansen. Me ayud\u00f3 a que m\u00e9dicos atendieran del c\u00e1ncer a mi esposa y gracias a \u00e9l,\u00a0\u00a0tengo trabajo para poder mantener a mi familia. Soy de hondure\u00f1o y nadie me tendi\u00f3 la mano s\u00f3lo el se\u00f1or Parra S\u00e1nchez quien es un hombre que se preocupa por los que menos tenemos. Dios lo bendiga\u201d, dijo Juan Ram\u00f3n Averena Mej\u00eda.<\/p>\n","protected":false},"excerpt":{"rendered":"<p>Todos los mexicanos esperamos que nos vaya bien en este gobierno que est\u00e1 por iniciar con Andr\u00e9s Manuel L\u00f3pez Obrador, pero quiero recordarle a la ciudadan\u00eda con todo respeto, que quien transform\u00f3 a nuestro pa\u00eds, fue el Revolucionario Institucional.<\/p>\n","protected":false},"author":3,"featured_media":385674,"comment_status":"open","ping_status":"open","sticky":false,"template":"","format":"standard","meta":{"_monsterinsights_skip_tracking":false,"_monsterinsights_sitenote_active":false,"_monsterinsights_sitenote_note":"","_monsterinsights_sitenote_category":0,"footnotes":""},"categories":[35155],"tags":[29035,43675,970,362],"class_list":["post-385590","post","type-post","status-publish","format-standard","has-post-thumbnail","hentry","category-estado-de-mexico-estado-de-mexico","tag-david-parra-sanchez","tag-estado-de-mexico","tag-naucalpan","tag-pri"],"_links":{"self":[{"href":"https:\/\/www.diarioimagen.net\/index.php?rest_route=\/wp\/v2\/posts\/385590","targetHints":{"allow":["GET"]}}],"collection":[{"href":"https:\/\/www.diarioimagen.net\/index.php?rest_route=\/wp\/v2\/posts"}],"about":[{"href":"https:\/\/www.diarioimagen.net\/index.php?rest_route=\/wp\/v2\/types\/post"}],"author":[{"embeddable":true,"href":"https:\/\/www.diarioimagen.net\/index.php?rest_route=\/wp\/v2\/users\/3"}],"replies":[{"embeddable":true,"href":"https:\/\/www.diarioimagen.net\/index.php?rest_route=%2Fwp%2Fv2%2Fcomments&post=385590"}],"version-history":[{"count":0,"href":"https:\/\/www.diarioimagen.net\/index.php?rest_route=\/wp\/v2\/posts\/385590\/revisions"}],"wp:featuredmedia":[{"embeddable":true,"href":"https:\/\/www.diarioimagen.net\/index.php?rest_route=\/wp\/v2\/media\/385674"}],"wp:attachment":[{"href":"https:\/\/www.diarioimagen.net\/index.php?rest_route=%2Fwp%2Fv2%2Fmedia&parent=385590"}],"wp:term":[{"taxonomy":"category","embeddable":true,"href":"https:\/\/www.diarioimagen.net\/index.php?rest_route=%2Fwp%2Fv2%2Fcategories&post=385590"},{"taxonomy":"post_tag","embeddable":true,"href":"https:\/\/www.diarioimagen.net\/index.php?rest_route=%2Fwp%2Fv2%2Ftags&post=385590"}],"curies":[{"name":"wp","href":"https:\/\/api.w.org\/{rel}","templated":true}]}}