{"id":385592,"date":"2018-07-17T00:07:23","date_gmt":"2018-07-17T05:07:23","guid":{"rendered":"http:\/\/www.diarioimagen.net\/?p=385592"},"modified":"2018-07-17T02:58:52","modified_gmt":"2018-07-17T07:58:52","slug":"pide-julieta-villalpando-apoyo-para-sacar-del-olvido-a-mazahuas","status":"publish","type":"post","link":"https:\/\/www.diarioimagen.net\/?p=385592","title":{"rendered":"Pide Julieta Villalpando apoyo para sacar del olvido a mazahuas"},"content":{"rendered":"<ul>\n<li><strong><em>Diputada de Morena por el distrito XIII\u2008local<\/em><\/strong><\/li>\n<\/ul>\n<p>&nbsp;<\/p>\n<div id=\"attachment_385676\" style=\"width: 470px\" class=\"wp-caption aligncenter\"><a href=\"http:\/\/www.diarioimagen.net\/?attachment_id=385676\" rel=\"attachment wp-att-385676\"><img loading=\"lazy\" decoding=\"async\" aria-describedby=\"caption-attachment-385676\" class=\"size-large wp-image-385676\" src=\"http:\/\/www.diarioimagen.net\/wp-content\/uploads\/2018\/07\/ATLACOMULCO-3412-460x259.jpg\" alt=\"\" width=\"460\" height=\"259\" srcset=\"https:\/\/www.diarioimagen.net\/wp-content\/uploads\/2018\/07\/ATLACOMULCO-3412-460x259.jpg 460w, https:\/\/www.diarioimagen.net\/wp-content\/uploads\/2018\/07\/ATLACOMULCO-3412-240x135.jpg 240w, https:\/\/www.diarioimagen.net\/wp-content\/uploads\/2018\/07\/ATLACOMULCO-3412-235x132.jpg 235w, https:\/\/www.diarioimagen.net\/wp-content\/uploads\/2018\/07\/ATLACOMULCO-3412-202x114.jpg 202w, https:\/\/www.diarioimagen.net\/wp-content\/uploads\/2018\/07\/ATLACOMULCO-3412-350x196.jpg 350w, https:\/\/www.diarioimagen.net\/wp-content\/uploads\/2018\/07\/ATLACOMULCO-3412-220x123.jpg 220w, https:\/\/www.diarioimagen.net\/wp-content\/uploads\/2018\/07\/ATLACOMULCO-3412-237x132.jpg 237w, https:\/\/www.diarioimagen.net\/wp-content\/uploads\/2018\/07\/ATLACOMULCO-3412.jpg 480w\" sizes=\"auto, (max-width: 460px) 100vw, 460px\" \/><\/a><p id=\"caption-attachment-385676\" class=\"wp-caption-text\">La diputada de Morena, que gan\u00f3 en Atlacomulco, Julieta Villalpando, pide\u00a0 rescatar a los ind\u00edgenas mazahuas, que permanecieron en el olvido.<\/p><\/div>\n<p>&nbsp;<\/p>\n<p><strong>Atlacomulco, Estado de M\u00e9xico<\/strong>.-\u201cA pesar de que desde la regi\u00f3n de Atlacomulco se encumbraron en el poder cinco gobernadores\u00a0 y un presidente de la Rep\u00fablica, todos ellos pri\u00ed\u00adstas, la marginaci\u00f3n y el olvido son las caracter\u00edsticas que prevalecen en esta parte del Estado de M\u00e9xico\u201d, afirm\u00f3 Julieta Villalpando Riquelme.<\/p>\n<p>En conferencia de prensa, la diputada local electa por el Distrito XIII pidi\u00f3 a quienes acompa\u00f1ar\u00e1n a Andr\u00e9s Manuel L\u00f3pez Obrador en el nuevo gobierno federal que iniciar\u00e1 el uno de diciembre, \u201cvoltear a ver a esta zona de origen mazahua donde hacen falta hospitales, carreteras y escuelas\u201d.<\/p>\n<p>\u201cEste distrito requiere de mucha atenci\u00f3n, la necesidad de la gente est\u00e1 a la vista, no hay oportunidades de estudio mucho menos de trabajo, lo que hace que muchos j\u00f3venes, adem\u00e1s de no saber leer ni escribir, se conviertan en padres de familia a los 15 a\u00f1os de edad en promedio\u201d, asever\u00f3 Villalpando.<\/p>\n<p>A pregunta expresa, dijo que no fue f\u00e1cil obtener el triunfo en las urnas, pues tuvo que competir con un derroche impresionante de recursos, por parte de los candidatos del Revolucionario Institucional en las localidades de San Jos\u00e9 del Rinc\u00f3n, Jocotitl\u00e1n, El Oro, Temascalcingo y la cabecera Atlacomulco, los cinco municipios que conforman el Distrito XIII y cuya poblaci\u00f3n es del orden de 345 mil habitantes.<\/p>\n<p>\u201cNada m\u00e1s para que se den una idea, quienes contendieron por el PRI a la diputaci\u00f3n local era la alcaldesa con licencia de Atlacomulco, a diputado federal, un alto funcionario de DICONSA y a presidente municipal, ni m\u00e1s ni menos que el secretario particular de la esposa del presidente Enrique Pe\u00f1a\u201d.<\/p>\n<p>Enfatiz\u00f3 que el saber escuchar a las personas, en su mayor\u00eda desesperadas por un verdadero cambio, hizo posible lograr el triunfo, \u201cpor lo que ahora tenemos el reto de cumplir con la palabra empe\u00f1ada, pero para ello necesitados indudablemente tanto del gobierno federal como del Congreso de la Uni\u00f3n\u201d.<\/p>\n<p>Cabe mencionar que esta reuni\u00f3n con medios, que tuvo lugar en la Ciudad de M\u00e9xico, fue convocada por el dirigente nacional del \u201cFrente con AMLO Unidos Podemos\u201d, El\u00edas Miguel Moreno Brizuela, quien present\u00f3 un balance de los resultados obtenidos en los pasados comicios por parte de los candidatos emanados de su organizaci\u00f3n.<\/p>\n","protected":false},"excerpt":{"rendered":"<p>\u201cA pesar de que desde la regi\u00f3n de Atlacomulco se encumbraron en el poder cinco gobernadores  y un presidente de la Rep\u00fablica, todos ellos pri\u00ed\u00adstas, la marginaci\u00f3n y el olvido son las caracter\u00edsticas que prevalecen en esta parte del Estado de M\u00e9xico\u201d, afirm\u00f3 Julieta Villalpando Riquelme.<\/p>\n","protected":false},"author":3,"featured_media":385676,"comment_status":"open","ping_status":"open","sticky":false,"template":"","format":"standard","meta":{"_monsterinsights_skip_tracking":false,"_monsterinsights_sitenote_active":false,"_monsterinsights_sitenote_note":"","_monsterinsights_sitenote_category":0,"footnotes":""},"categories":[35155],"tags":[1302,43675,76046,73416],"class_list":["post-385592","post","type-post","status-publish","format-standard","has-post-thumbnail","hentry","category-estado-de-mexico-estado-de-mexico","tag-atlacomulco","tag-estado-de-mexico","tag-mazahuas","tag-sacar"],"_links":{"self":[{"href":"https:\/\/www.diarioimagen.net\/index.php?rest_route=\/wp\/v2\/posts\/385592","targetHints":{"allow":["GET"]}}],"collection":[{"href":"https:\/\/www.diarioimagen.net\/index.php?rest_route=\/wp\/v2\/posts"}],"about":[{"href":"https:\/\/www.diarioimagen.net\/index.php?rest_route=\/wp\/v2\/types\/post"}],"author":[{"embeddable":true,"href":"https:\/\/www.diarioimagen.net\/index.php?rest_route=\/wp\/v2\/users\/3"}],"replies":[{"embeddable":true,"href":"https:\/\/www.diarioimagen.net\/index.php?rest_route=%2Fwp%2Fv2%2Fcomments&post=385592"}],"version-history":[{"count":0,"href":"https:\/\/www.diarioimagen.net\/index.php?rest_route=\/wp\/v2\/posts\/385592\/revisions"}],"wp:featuredmedia":[{"embeddable":true,"href":"https:\/\/www.diarioimagen.net\/index.php?rest_route=\/wp\/v2\/media\/385676"}],"wp:attachment":[{"href":"https:\/\/www.diarioimagen.net\/index.php?rest_route=%2Fwp%2Fv2%2Fmedia&parent=385592"}],"wp:term":[{"taxonomy":"category","embeddable":true,"href":"https:\/\/www.diarioimagen.net\/index.php?rest_route=%2Fwp%2Fv2%2Fcategories&post=385592"},{"taxonomy":"post_tag","embeddable":true,"href":"https:\/\/www.diarioimagen.net\/index.php?rest_route=%2Fwp%2Fv2%2Ftags&post=385592"}],"curies":[{"name":"wp","href":"https:\/\/api.w.org\/{rel}","templated":true}]}}