{"id":385596,"date":"2018-07-17T00:05:34","date_gmt":"2018-07-17T05:05:34","guid":{"rendered":"http:\/\/www.diarioimagen.net\/?p=385596"},"modified":"2018-07-17T03:00:31","modified_gmt":"2018-07-17T08:00:31","slug":"mejoran-y-ofrecen-servicio-de-estancias-infantiles-en-tultepec","status":"publish","type":"post","link":"https:\/\/www.diarioimagen.net\/?p=385596","title":{"rendered":"Mejoran y ofrecen servicio de estancias infantiles en Tultepec"},"content":{"rendered":"<ul>\n<li><strong><em>Clausuran cursos en preescolar<\/em><\/strong><\/li>\n<\/ul>\n<p>&nbsp;<\/p>\n<div id=\"attachment_385682\" style=\"width: 470px\" class=\"wp-caption aligncenter\"><a href=\"http:\/\/www.diarioimagen.net\/?attachment_id=385682\" rel=\"attachment wp-att-385682\"><img loading=\"lazy\" decoding=\"async\" aria-describedby=\"caption-attachment-385682\" class=\"size-large wp-image-385682\" src=\"http:\/\/www.diarioimagen.net\/wp-content\/uploads\/2018\/07\/TULTEPEC-3412-460x259.jpg\" alt=\"\" width=\"460\" height=\"259\" srcset=\"https:\/\/www.diarioimagen.net\/wp-content\/uploads\/2018\/07\/TULTEPEC-3412-460x259.jpg 460w, https:\/\/www.diarioimagen.net\/wp-content\/uploads\/2018\/07\/TULTEPEC-3412-240x135.jpg 240w, https:\/\/www.diarioimagen.net\/wp-content\/uploads\/2018\/07\/TULTEPEC-3412-235x132.jpg 235w, https:\/\/www.diarioimagen.net\/wp-content\/uploads\/2018\/07\/TULTEPEC-3412-202x114.jpg 202w, https:\/\/www.diarioimagen.net\/wp-content\/uploads\/2018\/07\/TULTEPEC-3412-350x196.jpg 350w, https:\/\/www.diarioimagen.net\/wp-content\/uploads\/2018\/07\/TULTEPEC-3412-220x123.jpg 220w, https:\/\/www.diarioimagen.net\/wp-content\/uploads\/2018\/07\/TULTEPEC-3412-237x132.jpg 237w, https:\/\/www.diarioimagen.net\/wp-content\/uploads\/2018\/07\/TULTEPEC-3412.jpg 480w\" sizes=\"auto, (max-width: 460px) 100vw, 460px\" \/><\/a><p id=\"caption-attachment-385682\" class=\"wp-caption-text\">Mar\u00eda F\u00e9lix Espinosa Hern\u00e1ndez reconoci\u00f3 el trabajo de las maestras que atienden estancias infantiles.<\/p><\/div>\n<p>&nbsp;<\/p>\n<p><strong>Tultepec, Estado de M\u00e9xico<\/strong>.-Mar\u00eda F\u00e9lix Espinosa Hern\u00e1ndez, presidenta del DIF municipal, particip\u00f3 en la ceremonia de clausura de cursos 2017-2018 de las estancias infantilesQuetzalpitzin y Yoltzin\u00a0que opera la instituci\u00f3n, ubicadas en el Barrio de San Rafael y Hacienda del Jard\u00edn I, respectivamente.<\/p>\n<p>La titular del DIF agradeci\u00f3 la confianza de los padres de familia en la instituci\u00f3n \u201cla cual realiza un gran esfuerzo por brindarles un espacio digno donde sus hijos comienzan a aprender, a socializar con otros ni\u00f1os para hacerse m\u00e1s independientes y a no tener miedo a la escuela, sino por el contrario, saber que se trata de un lugar donde adem\u00e1s de jugar y cantar aprenden del mundo real\u201d.<\/p>\n<p>Asegur\u00f3 que el sistema de estancias infantiles que opera el DIF municipal, apoya a 105 familias locales con al menos un ni\u00f1o de entre uno y hasta cuatro a\u00f1os de edad, 62 y 53 ni\u00f1os respectivamente en cada espacio, a trav\u00e9s de una convocatoria abierta, preferentemente para familias de Tultepec, siempre y cuando haya lugar disponible.<\/p>\n<p>Espinosa Hern\u00e1ndez reconoci\u00f3 el trabajo responsable de las maestras que atienden ambas estancias infantiles, \u201cquienes tienen como encomienda que lo m\u00e1s importante es la seguridad de los peque\u00f1os y la tranquilidad de los padres de familia, de saber que sus hijos est\u00e1n en manos de educadoras profesionales mientras ellos trabajan\u201d, dijo.<\/p>\n<p>En estas estancias los peque\u00f1os est\u00e1n a cargo de 6 maestras, tres de maternal (de 12 a 24 meses; de 2 a 2 a\u00f1os y medio; de 2 a\u00f1os y medio a 3), y dos de preescolar de 3 a 4 a\u00f1os de edad, adem\u00e1s de dos cocineras y dos personas intendentes, quienes se encargan de mantener estos espacios en \u00f3ptimas condiciones, donde adem\u00e1s se cuente con todo lo necesario para su operatividad en beneficio de los peque\u00f1ines.<\/p>\n<p>La titular del DIF particip\u00f3 en la clausura de cursos de la estancia infantil Quetzalpitzin ubicada en el Barrio de San Rafael, donde se atendieron a 62 menores en el presente ciclo escolar, aunque esta instituci\u00f3n tiene la capacidad para 75 peque\u00f1ines, 20 de los cuales egresaron y podr\u00e1n acceder a la etapa de preescolar en el ciclo 2018-2019 que est\u00e1 por iniciar.<\/p>\n<p>En tanto que en la estancia infantil Yoltzin, ubicada en el fraccionamiento Hacienda del Jard\u00edn I, donde tambi\u00e9n se tiene la capacidad de atender a 75 ni\u00f1os de madres que trabajan, se atendieron a 53 menores, 18 de los cuales egresaron para acceder en el siguiente ciclo a la etapa de preescolar.<\/p>\n<p>Todas aquellas familias que requieran y est\u00e9n interesados en inscribir a sus hijos de 12 meses y hasta los cuatro a\u00f1os de edad en alguna de estas dos estancias, podr\u00e1 hacerlo a partir del 30 de julio y hasta el 17 de agosto del presente a\u00f1o, en cualquiera de los dos espacios de las 9 a las 14:00 horas de lunes a viernes.<\/p>\n<p>Los requisitos son los siguientes: acta de nacimiento, CURP, certificado m\u00e9dico, cartilla de vacunaci\u00f3n y dos fotograf\u00edas tama\u00f1o infantil del menor. As\u00ed como acta de nacimiento, INE, carta laboral, comprobante de domicilio, dos fotograf\u00edas, dos folders tama\u00f1o oficio en color beige, en original y dos copias de cada documento. El costo de la inscripci\u00f3n es de 500 pesos y la mensualidad de 600.<strong>\u00a0<\/strong><\/p>\n","protected":false},"excerpt":{"rendered":"<p>Mar\u00eda F\u00e9lix Espinosa Hern\u00e1ndez, presidenta del DIF municipal, particip\u00f3 en la ceremonia de clausura de cursos 2017-2018 de las estancias infantilesQuetzalpitzin y Yoltzin que opera la instituci\u00f3n, ubicadas en el Barrio de San Rafael y Hacienda del Jard\u00edn I, respectivamente.<\/p>\n","protected":false},"author":3,"featured_media":385682,"comment_status":"open","ping_status":"open","sticky":false,"template":"","format":"standard","meta":{"_monsterinsights_skip_tracking":false,"_monsterinsights_sitenote_active":false,"_monsterinsights_sitenote_note":"","_monsterinsights_sitenote_category":0,"footnotes":""},"categories":[35155],"tags":[43675,76048,3802],"class_list":["post-385596","post","type-post","status-publish","format-standard","has-post-thumbnail","hentry","category-estado-de-mexico-estado-de-mexico","tag-estado-de-mexico","tag-maria-felix-espinosa-hernandez","tag-tultepec"],"_links":{"self":[{"href":"https:\/\/www.diarioimagen.net\/index.php?rest_route=\/wp\/v2\/posts\/385596","targetHints":{"allow":["GET"]}}],"collection":[{"href":"https:\/\/www.diarioimagen.net\/index.php?rest_route=\/wp\/v2\/posts"}],"about":[{"href":"https:\/\/www.diarioimagen.net\/index.php?rest_route=\/wp\/v2\/types\/post"}],"author":[{"embeddable":true,"href":"https:\/\/www.diarioimagen.net\/index.php?rest_route=\/wp\/v2\/users\/3"}],"replies":[{"embeddable":true,"href":"https:\/\/www.diarioimagen.net\/index.php?rest_route=%2Fwp%2Fv2%2Fcomments&post=385596"}],"version-history":[{"count":0,"href":"https:\/\/www.diarioimagen.net\/index.php?rest_route=\/wp\/v2\/posts\/385596\/revisions"}],"wp:featuredmedia":[{"embeddable":true,"href":"https:\/\/www.diarioimagen.net\/index.php?rest_route=\/wp\/v2\/media\/385682"}],"wp:attachment":[{"href":"https:\/\/www.diarioimagen.net\/index.php?rest_route=%2Fwp%2Fv2%2Fmedia&parent=385596"}],"wp:term":[{"taxonomy":"category","embeddable":true,"href":"https:\/\/www.diarioimagen.net\/index.php?rest_route=%2Fwp%2Fv2%2Fcategories&post=385596"},{"taxonomy":"post_tag","embeddable":true,"href":"https:\/\/www.diarioimagen.net\/index.php?rest_route=%2Fwp%2Fv2%2Ftags&post=385596"}],"curies":[{"name":"wp","href":"https:\/\/api.w.org\/{rel}","templated":true}]}}