{"id":385665,"date":"2018-07-17T00:11:01","date_gmt":"2018-07-17T05:11:01","guid":{"rendered":"http:\/\/www.diarioimagen.net\/?p=385665"},"modified":"2018-07-18T02:14:40","modified_gmt":"2018-07-18T07:14:40","slug":"madruguete-cupular-en-el-pri","status":"publish","type":"post","link":"https:\/\/www.diarioimagen.net\/?p=385665","title":{"rendered":"Madruguete cupular en el PRI"},"content":{"rendered":"<h2>Tras la puerta del poder<\/h2>\n<h5>Roberto Vizca\u00edno<\/h5>\n<p>&nbsp;<\/p>\n<div id=\"attachment_385743\" style=\"width: 470px\" class=\"wp-caption aligncenter\"><a href=\"http:\/\/www.diarioimagen.net\/?attachment_id=385743\" rel=\"attachment wp-att-385743\"><img loading=\"lazy\" decoding=\"async\" aria-describedby=\"caption-attachment-385743\" class=\"size-large wp-image-385743\" src=\"http:\/\/www.diarioimagen.net\/wp-content\/uploads\/2018\/07\/a-blindarse-LUIS-XAVIER-3412-460x356.jpg\" alt=\"\" width=\"460\" height=\"356\" srcset=\"https:\/\/www.diarioimagen.net\/wp-content\/uploads\/2018\/07\/a-blindarse-LUIS-XAVIER-3412-460x356.jpg 460w, https:\/\/www.diarioimagen.net\/wp-content\/uploads\/2018\/07\/a-blindarse-LUIS-XAVIER-3412-240x186.jpg 240w, https:\/\/www.diarioimagen.net\/wp-content\/uploads\/2018\/07\/a-blindarse-LUIS-XAVIER-3412-768x594.jpg 768w, https:\/\/www.diarioimagen.net\/wp-content\/uploads\/2018\/07\/a-blindarse-LUIS-XAVIER-3412.jpg 1200w\" sizes=\"auto, (max-width: 460px) 100vw, 460px\" \/><\/a><p id=\"caption-attachment-385743\" class=\"wp-caption-text\">A blindarse&#8230; | Luis Xavier<\/p><\/div>\n<p>&nbsp;<\/p>\n<p>Si dar el menor espacio ni oportunidad a la expresi\u00f3n de la disidencia interna, la c\u00fapula del PRI decidi\u00f3 en fastrack ayer la llegada de <strong>Claudia Ruiz Massieu<\/strong> en lugar de <strong>Ren\u00e9 Ju\u00e1rez<\/strong> en la presidencia del tricolor y de <strong>Rub\u00e9n Moreira<\/strong> a la secretar\u00eda general.<\/p>\n<p>As\u00ed <strong>Ren\u00e9 Ju\u00e1rez<\/strong> queda libre para ir a buscar la coordinaci\u00f3n de los 43 diputados federales de su partido.<\/p>\n<p>Atr\u00e1s quedan si ser escuchados los reclamos de cuando menos 2 grupos inconformes internos que, encabezados por el ex gobernador de Oaxaca <strong>Ulises Ruiz<\/strong> y <strong>C\u00e9sar Augusto Santiago<\/strong>, exigen dejar atr\u00e1s el gatopardismo.<\/p>\n<p>Enterados evidentemente del golpe, estas corrientes emitieron un documento en el que se afirma que era justo el momento para \u201cdejar atr\u00e1s al neoliberalismo que impuso la tecnocracia que se adue\u00f1\u00f3 del Partido hace 30 a\u00f1os, y que ha entregado como resultado un pa\u00eds desigual y empobrecido, para dar paso a un modelo socialdem\u00f3crata moderno, adaptado a la nueva realidad de una econom\u00eda globalizada y a la era del conocimiento en la que vivimos.<\/p>\n<p>\u201cEl pa\u00eds que queremos todos es uno en el que no haya pobreza ni desigualdad; sin violencia, sin inseguridad ni impunidad; sin corrupci\u00f3n. Un pa\u00eds en el que la pol\u00edtica sirva a la sociedad y no se sirva de \u00e9sta\u201d.<\/p>\n<p>Los disidentes indican estar convencidos de que, pese al enorme da\u00f1o recibido que ha dejado al PRI pr\u00e1cticamente al filo de su tumba, es posible rescatar y relanzar a este partido.<\/p>\n<p>Pero para ello ser\u00e1 necesario hacer a un lado a \u201cquienes fueron responsables de la reciente derrota y comenzar a ejercer una verdadera autocr\u00edtica y dejar de lado la simulaci\u00f3n, abandonar la sumisi\u00f3n y hablarnos de frente, sin ambages ni censura. No es menor el enojo y la frustraci\u00f3n de tantos pri\u00edstas por lo vivido\u2026\u201d<\/p>\n<p>De entrada, afirman, \u201ces inaceptable que miembros de la dirigencia actual, que fueron impuestos como candidatos para competir por cargos legislativos y resultaron electos por el voto ciudadano, como Claudia Ruiz Massieu, Ren\u00e9 Ju\u00e1rez y Rub\u00e9n Moreira, pretendieran seguir dirigiendo el Partido y no asumir los cargos para los que fueron electos en el Senado y en la C\u00e1mara de Diputados.<\/p>\n<p>\u201cEs tiempo de reflexionar sobre lo sucedido para reconstruirnos como Partido y rescatar a la militancia agraviada por tantos a\u00f1os d\u00e1ndole voz y voto en las decisiones por venir.<\/p>\n<p>\u201cPretender renovar al PRI obedeciendo a la c\u00fapula es firmar la extinci\u00f3n anticipada de nuestro Instituto Pol\u00edtico, algo que los verdaderos pri\u00edstas no vamos a permitir.<\/p>\n<p>\u201cLo que se requiere hoy es un relevo democr\u00e1tico en la dirigencia, abierto a todos los que crean, como nosotros, que el Partido tiene futuro y que cubriendo los requisitos estatutarios quieran competir para dirigir los trabajos de reconstrucci\u00f3n y refundaci\u00f3n del PRI.<\/p>\n<p>\u201cPor eso proponemos que se elija a un nuevo Presidente y Secretario General del CEN para que concluyan el periodo estatutario en agosto de 2019, una dirigencia de transici\u00f3n que deber\u00e1 lanzar la Convocatoria para la elecci\u00f3n del Presidente y Secretario General del CEN para el periodo 2019-2023 en los primeros d\u00edas de febrero; aprobar que esta elecci\u00f3n se realice por consulta directa a militantes y simpatizantes con reglas claras para evitar dados cargados y estableciendo tiempos suficientes para el registro y desarrollo de campa\u00f1as y mecanismos que garanticen la transparencia y legalidad del proceso\u201d.<\/p>\n<p>Nada de eso cont\u00f3. Priv\u00f3 de nuevo la l\u00ednea desde Los Pinos. Un\u00a0 mandato absolutista de quien tiene los d\u00edas contados.<\/p>\n<p style=\"text-align: center;\"><strong>Un camino decidido<\/strong><\/p>\n<p>Ayer, al anunciar su dimisi\u00f3n luego de estar al frente del PRI por apenas 70 d\u00edas, <strong>Ren\u00e9 Ju\u00e1rez <\/strong>indic\u00f3 que la realidad mexicana \u201cdemanda una nueva forma de hacer pol\u00edtica, que empate con los viejos y nuevos reclamos de la sociedad y una nueva forma de comunicarnos, donde su eficacia est\u00e9 en su sencillez y claridad pero, sobre todo, en su pertinencia\u201d.<\/p>\n<p>Y dijo que, \u201cpara regresar al poder, debemos aprender de la derrota; la militancia debe expresarse, el camino real ser\u00e1 la nueva etapa del Partido Revolucionario Institucional\u201d.<\/p>\n<p>Al asumir el cargo por la v\u00eda de la prelaci\u00f3n, <strong>Claudia Ruiz Massieu, reci\u00e9n electa senadora pluri, indic\u00f3 que<\/strong> convocar\u00e1 de inmediato a la Comisi\u00f3n Pol\u00edtica Permanente y al Consejo Pol\u00edtico Nacional, para llevar a cabo el cambio formal de dirigencia.<\/p>\n<p>Este ser\u00e1 el primer paso, dijo, para garantizar que el proceso de renovaci\u00f3n del Comit\u00e9 Ejecutivo Nacional se lleve a cabo en tiempo y forma. Ruiz Massieu ocupar\u00e1 el cargo hasta agosto pr\u00f3ximo en que concluye el mandato de Enrique Ochoa Reza, quien es hoy ya diputado pluri para la siguiente legislatura.<\/p>\n<p>La nueva dirigente indic\u00f3 que esta renovaci\u00f3n se realizar\u00e1 dentro de un ejercicio \u201cde abajo hacia arriba, de la base a la dirigencia, de los estados hacia el centro, donde todas las expresiones del PRI tengan el derecho, que tambi\u00e9n es deber, de expresarse.<\/p>\n<p>Y se\u00f1al\u00f3 que propondr\u00e1 la creaci\u00f3n de una Comisi\u00f3n Nacional, plural e incluyente, para conducir el proceso de profunda reflexi\u00f3n \u201cque impulse la gran reforma del partido, una reforma cimentada en la unidad\u201d.<\/p>\n<p>A ver si comienzan con escuchar a sus disidentes internos.<\/p>\n<p>Dijo estar consciente que asume la dirigencia del PRI \u201cen el momento m\u00e1s complejo que hemos encarado en nuestra historia reciente como organizaci\u00f3n pol\u00edtica.<\/p>\n<p>\u201cTengo la certeza de que desde la unidad, y a partir de la democracia interna, con nuestra militancia al centro, lograremos replantearnos, reinventarnos y renovarnos, a fin de refrendar al PRI como un partido grande, el partido popular que conquiste nuevamente la confianza mayoritaria ciudadana, para seguir sirviendo a M\u00e9xico\u201d, concluy\u00f3.<\/p>\n<p style=\"text-align: center;\"><strong>\u00bfLevy a banco de m\u00e9xico?<\/strong><\/p>\n<p>Ha trascendido en el sector financiero y del capital que el presidente electo <strong>Andr\u00e9s Manuel L\u00f3pez Obrador<\/strong> tiene la intenci\u00f3n de impulsar a <strong>Santiago Levy<\/strong> como subgobernador del Banco de M\u00e9xico en sustituci\u00f3n de <strong>Manuel Ramos Francia,<\/strong> quien deja esa posici\u00f3n el 31 de diciembre pr\u00f3ximo.<\/p>\n<p>Como Usted sabe<strong>, Levy <\/strong>est\u00e1 a punto de jubilarse del Banco Interamericano de Desarrollo (BID), donde ocupa el cargo de vicepresidente de Sectores y Conocimiento.<\/p>\n<p><strong>Levi <\/strong>fue invitado por <strong>AMLO<\/strong> el a\u00f1o pasado a ser su secretario de Hacienda, pero no acept\u00f3 comprometerse con tanta antelaci\u00f3n.<\/p>\n<p>Hoy la intenci\u00f3n ser\u00eda que asuma la gubernatura en relevo de <strong>Alejandro D\u00edaz de Le\u00f3n <\/strong>a finales del 2021.<\/p>\n<p style=\"text-align: center;\"><strong>\u00bfY Meade?<\/strong><\/p>\n<p>Durante la semana anterior corri\u00f3 la versi\u00f3n de que <strong>L\u00f3pez Obrador<\/strong> propondr\u00eda a <strong>Jos\u00e9 Antonio Meade<\/strong> ser el gobernador del Banco de M\u00e9xico. Esta versi\u00f3n se fortaleci\u00f3 con el comentario del propio presidente electo de que buscar\u00eda a su ex contendiente y de que quiz\u00e1 le propondr\u00eda alg\u00fan cargo.<\/p>\n<p>Lo que se sabe es que Jos\u00e9 Antonio Meade, se preparara para ir pronto a Washington a encabezar una de las direcciones del Banco Mundial.<\/p>\n<p><em><a href=\"mailto:rvizcainoa@gmail.com\" target=\"_blank\" rel=\"noopener\">vizcainoa@gmail.com<\/a><\/em><br \/>\n<em><a href=\"http:\/\/www.endirecto.com.mx\/\" target=\"_blank\" rel=\"noopener\">www.endirecto.com.mx<\/a><\/em><br \/>\n<em><a href=\"https:\/\/twitter.com\/_rvizcaino\" target=\"_blank\" rel=\"noopener\">@_RVizcaino<\/a><\/em><br \/>\n<a href=\"https:\/\/www.facebook.com\/rvizcainoa\" target=\"_blank\" rel=\"noopener\">f<em>acebook.com\/rvizcainoa<\/em><\/a><\/p>\n","protected":false},"excerpt":{"rendered":"<p><span style=\"color: #005497;\"><strong>Roberto Vizca\u00edno<\/strong><\/span><br \/>\n<br \/>\nSi dar el menor espacio ni oportunidad a la expresi\u00f3n de la disidencia interna, la c\u00fapula del PRI decidi\u00f3 en fastrack ayer la llegada de <strong>Claudia Ruiz Massieu<\/strong> en lugar de <strong>Ren\u00e9 Ju\u00e1rez<\/strong> en la presidencia del tricolor y de <strong>Rub\u00e9n Moreira<\/strong> a la secretar\u00eda general.<\/p>\n","protected":false},"author":3,"featured_media":385743,"comment_status":"open","ping_status":"open","sticky":false,"template":"","format":"standard","meta":{"_monsterinsights_skip_tracking":false,"_monsterinsights_sitenote_active":false,"_monsterinsights_sitenote_note":"","_monsterinsights_sitenote_category":0,"footnotes":""},"categories":[136],"tags":[43674,93,94],"class_list":["post-385665","post","type-post","status-publish","format-standard","has-post-thumbnail","hentry","category-roberto-vizcaino-opinion","tag-opinion","tag-roberto-vizcaino","tag-tras-la-puerta-del-poder"],"_links":{"self":[{"href":"https:\/\/www.diarioimagen.net\/index.php?rest_route=\/wp\/v2\/posts\/385665","targetHints":{"allow":["GET"]}}],"collection":[{"href":"https:\/\/www.diarioimagen.net\/index.php?rest_route=\/wp\/v2\/posts"}],"about":[{"href":"https:\/\/www.diarioimagen.net\/index.php?rest_route=\/wp\/v2\/types\/post"}],"author":[{"embeddable":true,"href":"https:\/\/www.diarioimagen.net\/index.php?rest_route=\/wp\/v2\/users\/3"}],"replies":[{"embeddable":true,"href":"https:\/\/www.diarioimagen.net\/index.php?rest_route=%2Fwp%2Fv2%2Fcomments&post=385665"}],"version-history":[{"count":0,"href":"https:\/\/www.diarioimagen.net\/index.php?rest_route=\/wp\/v2\/posts\/385665\/revisions"}],"wp:featuredmedia":[{"embeddable":true,"href":"https:\/\/www.diarioimagen.net\/index.php?rest_route=\/wp\/v2\/media\/385743"}],"wp:attachment":[{"href":"https:\/\/www.diarioimagen.net\/index.php?rest_route=%2Fwp%2Fv2%2Fmedia&parent=385665"}],"wp:term":[{"taxonomy":"category","embeddable":true,"href":"https:\/\/www.diarioimagen.net\/index.php?rest_route=%2Fwp%2Fv2%2Fcategories&post=385665"},{"taxonomy":"post_tag","embeddable":true,"href":"https:\/\/www.diarioimagen.net\/index.php?rest_route=%2Fwp%2Fv2%2Ftags&post=385665"}],"curies":[{"name":"wp","href":"https:\/\/api.w.org\/{rel}","templated":true}]}}