{"id":385801,"date":"2018-07-18T00:11:07","date_gmt":"2018-07-18T05:11:07","guid":{"rendered":"http:\/\/www.diarioimagen.net\/?p=385801"},"modified":"2018-07-18T05:42:59","modified_gmt":"2018-07-18T10:42:59","slug":"festejo-la-uaem-a-los-bibliotecarios","status":"publish","type":"post","link":"https:\/\/www.diarioimagen.net\/?p=385801","title":{"rendered":"Festej\u00f3 la UAEM a los bibliotecarios"},"content":{"rendered":"<ul>\n<li><strong><em>Reconocen su labor en un entorno competitivo<\/em><\/strong><\/li>\n<\/ul>\n<p>&nbsp;<\/p>\n<div id=\"attachment_385913\" style=\"width: 470px\" class=\"wp-caption aligncenter\"><a href=\"http:\/\/www.diarioimagen.net\/?attachment_id=385913\" rel=\"attachment wp-att-385913\"><img loading=\"lazy\" decoding=\"async\" aria-describedby=\"caption-attachment-385913\" class=\"wp-image-385913 size-large\" src=\"http:\/\/www.diarioimagen.net\/wp-content\/uploads\/2018\/07\/UAEM-3413-460x259.jpg\" alt=\"\" width=\"460\" height=\"259\" srcset=\"https:\/\/www.diarioimagen.net\/wp-content\/uploads\/2018\/07\/UAEM-3413-460x259.jpg 460w, https:\/\/www.diarioimagen.net\/wp-content\/uploads\/2018\/07\/UAEM-3413-240x135.jpg 240w, https:\/\/www.diarioimagen.net\/wp-content\/uploads\/2018\/07\/UAEM-3413-235x132.jpg 235w, https:\/\/www.diarioimagen.net\/wp-content\/uploads\/2018\/07\/UAEM-3413-202x114.jpg 202w, https:\/\/www.diarioimagen.net\/wp-content\/uploads\/2018\/07\/UAEM-3413-350x196.jpg 350w, https:\/\/www.diarioimagen.net\/wp-content\/uploads\/2018\/07\/UAEM-3413-220x123.jpg 220w, https:\/\/www.diarioimagen.net\/wp-content\/uploads\/2018\/07\/UAEM-3413-237x132.jpg 237w, https:\/\/www.diarioimagen.net\/wp-content\/uploads\/2018\/07\/UAEM-3413.jpg 480w\" sizes=\"auto, (max-width: 460px) 100vw, 460px\" \/><\/a><p id=\"caption-attachment-385913\" class=\"wp-caption-text\">En el Auditorio \u201cJuana de Asbaje\u201d de la Biblioteca Central de la UAEM, se llev\u00f3 a cabo la ceremonia conmemorativa al D\u00eda Nacional del Bibliotecario.<\/p><\/div>\n<p>&nbsp;<\/p>\n<p><strong>Toluca, Estado de M\u00e9xico<\/strong>.- La formaci\u00f3n de bibliotecarios en M\u00e9xico enfrenta el reto de satisfacer las nuevas necesidades del mercado, sin que esto suponga la anulaci\u00f3n de las pr\u00e1cticas y la cultura profesional que sustenta su desarrollo desde hace d\u00e9cadas, afirm\u00f3 el director de Infraestructura Acad\u00e9mica de la Universidad Aut\u00f3noma del Estado de M\u00e9xico, Federico Malaqu\u00edas Rodr\u00edguez, durante la ceremonia conmemorativa al D\u00eda Nacional del Bibliotecario.<\/p>\n<p>En el Auditorio \u201cJuana de Asbaje\u201d de la Biblioteca Central de la UAEM, donde se dieron cita bibliotecarios de los diversos organismos acad\u00e9micos de la instituci\u00f3n, el servidor universitario expres\u00f3 que este profesional desempe\u00f1a su labor en un entorno competitivo y cambiante ante las nuevas plataformas para buscar informaci\u00f3n.<\/p>\n<p>\u201cLos usuarios pertenecen a una generaci\u00f3n digital cada vez m\u00e1s acostumbrada a acceder a la informaci\u00f3n a trav\u00e9s de pantallas. Por esta raz\u00f3n, las bibliotecas deben desarrollar colecciones con nuevos soportes en los que la informaci\u00f3n sea presentada, sin descartar los tradicionales, que seguir\u00e1n apoyando los nuevos modos de aprendizaje, consulta y recreaci\u00f3n de los espacios bibliotecarios\u201d.<\/p>\n<p>En este marco, Federico Malaqu\u00edas Rodr\u00edguez y el gerente de la biblioteca digital de Grupo Carso, Unotv, Claro Sports y Canal Claro, Francisco Esquivel del Reyo, entregaron el reconocimiento como bibliotecaria del a\u00f1o a Gisela Ch\u00e1vez Badillo, del Plantel \u201cSor Juana In\u00e9s de la Cruz\u201d de la Escuela Preparatoria.<\/p>\n<p>Adem\u00e1s, inauguraron la Sala de Lectura de la Biblioteca Central, que cuenta con un acervo bibliogr\u00e1fico de 230 libros y fue instalada con recursos donados por la Fundaci\u00f3n UAEMex e Interjet.<\/p>\n","protected":false},"excerpt":{"rendered":"<p>La formaci\u00f3n de bibliotecarios en M\u00e9xico enfrenta el reto de satisfacer las nuevas necesidades del mercado, sin que esto suponga la anulaci\u00f3n de las pr\u00e1cticas y la cultura profesional que sustenta su desarrollo desde hace d\u00e9cadas, afirm\u00f3 el director de Infraestructura Acad\u00e9mica de la Universidad Aut\u00f3noma del Estado de M\u00e9xico, Federico Malaqu\u00edas Rodr\u00edguez, durante la ceremonia conmemorativa al D\u00eda Nacional del Bibliotecario.<\/p>\n","protected":false},"author":3,"featured_media":385913,"comment_status":"open","ping_status":"open","sticky":false,"template":"","format":"standard","meta":{"_monsterinsights_skip_tracking":false,"_monsterinsights_sitenote_active":false,"_monsterinsights_sitenote_note":"","_monsterinsights_sitenote_category":0,"footnotes":""},"categories":[5],"tags":[76105,43675,20602,452],"class_list":["post-385801","post","type-post","status-publish","format-standard","has-post-thumbnail","hentry","category-estado-de-mexico","tag-bibliotecarios","tag-estado-de-mexico","tag-festejo","tag-toluca"],"_links":{"self":[{"href":"https:\/\/www.diarioimagen.net\/index.php?rest_route=\/wp\/v2\/posts\/385801","targetHints":{"allow":["GET"]}}],"collection":[{"href":"https:\/\/www.diarioimagen.net\/index.php?rest_route=\/wp\/v2\/posts"}],"about":[{"href":"https:\/\/www.diarioimagen.net\/index.php?rest_route=\/wp\/v2\/types\/post"}],"author":[{"embeddable":true,"href":"https:\/\/www.diarioimagen.net\/index.php?rest_route=\/wp\/v2\/users\/3"}],"replies":[{"embeddable":true,"href":"https:\/\/www.diarioimagen.net\/index.php?rest_route=%2Fwp%2Fv2%2Fcomments&post=385801"}],"version-history":[{"count":0,"href":"https:\/\/www.diarioimagen.net\/index.php?rest_route=\/wp\/v2\/posts\/385801\/revisions"}],"wp:featuredmedia":[{"embeddable":true,"href":"https:\/\/www.diarioimagen.net\/index.php?rest_route=\/wp\/v2\/media\/385913"}],"wp:attachment":[{"href":"https:\/\/www.diarioimagen.net\/index.php?rest_route=%2Fwp%2Fv2%2Fmedia&parent=385801"}],"wp:term":[{"taxonomy":"category","embeddable":true,"href":"https:\/\/www.diarioimagen.net\/index.php?rest_route=%2Fwp%2Fv2%2Fcategories&post=385801"},{"taxonomy":"post_tag","embeddable":true,"href":"https:\/\/www.diarioimagen.net\/index.php?rest_route=%2Fwp%2Fv2%2Ftags&post=385801"}],"curies":[{"name":"wp","href":"https:\/\/api.w.org\/{rel}","templated":true}]}}