{"id":385833,"date":"2018-07-18T00:01:31","date_gmt":"2018-07-18T05:01:31","guid":{"rendered":"http:\/\/www.diarioimagen.net\/?p=385833"},"modified":"2018-07-18T07:31:40","modified_gmt":"2018-07-18T12:31:40","slug":"julian-arroyo-presidente-electo-de-la-amav-cdmx-iniciara-funciones-el-1-de-diciembre-en-periodo-que-concluira-en-noviembre-del-2020","status":"publish","type":"post","link":"https:\/\/www.diarioimagen.net\/?p=385833","title":{"rendered":"Juli\u00e1n Arroyo, presidente electo de la AMAV-CDMX, iniciar\u00e1 funciones el 1 de diciembre, en periodo que concluir\u00e1 en noviembre del 2020"},"content":{"rendered":"<h2>De cinco estrellas<\/h2>\n<h5>Victoria Gonz\u00e1lez Prado<\/h5>\n<p>&nbsp;<\/p>\n<ul>\n<li><strong><em>18 Hoteles <\/em>City Express <em>reciben el Distintivo Nacional de Calidad Tur\u00edstica, diamante y platino<\/em><\/strong><\/li>\n<\/ul>\n<p><strong>\u00a0<\/strong><\/p>\n<div id=\"attachment_385929\" style=\"width: 470px\" class=\"wp-caption aligncenter\"><a href=\"http:\/\/www.diarioimagen.net\/?attachment_id=385929\" rel=\"attachment wp-att-385929\"><img loading=\"lazy\" decoding=\"async\" aria-describedby=\"caption-attachment-385929\" class=\"size-large wp-image-385929\" src=\"http:\/\/www.diarioimagen.net\/wp-content\/uploads\/2018\/07\/turismo-341-460x259.jpg\" alt=\"\" width=\"460\" height=\"259\" srcset=\"https:\/\/www.diarioimagen.net\/wp-content\/uploads\/2018\/07\/turismo-341-460x259.jpg 460w, https:\/\/www.diarioimagen.net\/wp-content\/uploads\/2018\/07\/turismo-341-240x135.jpg 240w, https:\/\/www.diarioimagen.net\/wp-content\/uploads\/2018\/07\/turismo-341-235x132.jpg 235w, https:\/\/www.diarioimagen.net\/wp-content\/uploads\/2018\/07\/turismo-341-202x114.jpg 202w, https:\/\/www.diarioimagen.net\/wp-content\/uploads\/2018\/07\/turismo-341-350x196.jpg 350w, https:\/\/www.diarioimagen.net\/wp-content\/uploads\/2018\/07\/turismo-341-220x123.jpg 220w, https:\/\/www.diarioimagen.net\/wp-content\/uploads\/2018\/07\/turismo-341-237x132.jpg 237w, https:\/\/www.diarioimagen.net\/wp-content\/uploads\/2018\/07\/turismo-341.jpg 480w\" sizes=\"auto, (max-width: 460px) 100vw, 460px\" \/><\/a><p id=\"caption-attachment-385929\" class=\"wp-caption-text\">Fidel Ovando y Juli\u00e1n Arroyo.<\/p><\/div>\n<p>&nbsp;<\/p>\n<p><strong>Jos\u00e9 Juli\u00e1n Arroyo Corvera<\/strong> \u2014director general de la operadora Omextur y actual vicepresidente ejecutivo de la AMAV Ciudad de M\u00e9xico\u2014, fue electo\u00a0 por los miembros de la asociaci\u00f3n como presidente y tomar\u00e1 posesi\u00f3n del cargo el pr\u00f3ximo 1 de diciembre en un periodo que concluir\u00e1 el 30 de noviembre de 2020, con posibilidad de reelegirse por dos a\u00f1os m\u00e1s, si vuelve a ganar la mayor\u00eda de votos de los socios.<\/p>\n<p><strong>Armando L\u00f3pez C\u00e1rdenas<\/strong>, secretario de Turismo de la Ciudad de M\u00e9xico, invitado especial, destac\u00f3 los logros de la administraci\u00f3n saliente y asegur\u00f3: \u201csi la Ciudad de M\u00e9xico est\u00e1 considerada uno de los m\u00e1s importantes destinos tur\u00edsticos a nivel mundial, es gracias a la AMAV CDMX\u201d, y deseo \u00e9xito al presidente entrante.<\/p>\n<p>Dijo tambi\u00e9n que la iniciativa privada y el gobierno deben \u201ccolaborar m\u00e1s estrechamente, ya que el papel del gobierno tiene que ser m\u00e1s facilitador. El turismo es din\u00e1mico, cambia todos los d\u00edas, en la forma de informarse, de comprar, se hace m\u00e1s exigente, viaja m\u00e1s y busca nuevas experiencias\u201d.<\/p>\n<p>Al hacer uso de la palabra, <strong>Fidel Ovando<\/strong>, presidente en funciones asegur\u00f3: \u201cJuli\u00e1n es exitoso empresario e incansable promotor de los destinos de M\u00e9xico en varios mercados internacionales. Estoy seguro que har\u00e1 un gran papel al frente de nuestra querida asociaci\u00f3n\u201d.<\/p>\n<p>Al dar a conocer su informe de actividades, destac\u00f3 que la AMAV CDMX est\u00e1 en proceso de calificaci\u00f3n para ser miembro de la Organizaci\u00f3n Mundial de Turismo (OMT), anuncio que fue ovacionado por los socios reunidos en la asamblea.<\/p>\n<p>De la labor social se\u00f1al\u00f3: \u201cse desarrollaron trabajos de apoyo a las comunidades m\u00e1s afectadas por los terremotos septiembre pasado, se lanz\u00f3 la campa\u00f1a denominada \u2018M\u00e9xico est\u00e1 de pie y te espera con los brazos abiertos\u2019 para promover las visitas a la Ciudad de M\u00e9xico.<\/p>\n<p>En materia de capacitaci\u00f3n \u201cse realizaron 200 horas de cursos para todos los socios. Se cre\u00f3 el <em>Summit Tourism Network by AMAV CDMX<\/em>, para promover el intercambio comercial entre las empresas asociadas\u201d.<\/p>\n<p>Asimismo, \u201cse verificaron las giras AMAV-CDMX, con cuatro recorridos promocionales, mediante los cuales las empresas asociadas ofertaron sus productos en mercados nacionales e internacionales; se creo el \u00f3rgano de comunicaci\u00f3n \u00a0llamado AMA Viajar, versi\u00f3n digital con 10 mil seguidores al momento y pronto se iniciar\u00e1 la distribuci\u00f3n impresa a bordo del Turibus\u201d.<\/p>\n<p>Tambi\u00e9n<strong>, Ovando<\/strong> habl\u00f3 de la creaci\u00f3n del Consejo Nacional Mexicano de la Industria Tur\u00edstica (Conamit), tomando como modelo el plan de integraci\u00f3n tur\u00edstica de la AMAV-CDMX y sus filiales llamadas AMIT (Asociaci\u00f3n Mexicana de Integraci\u00f3n Tur\u00edstica), que por ahora cuenta con cap\u00edtulos en Yucat\u00e1n, Quintana Roo y Guerrero.<\/p>\n<p>\u201cEl Conamit, integrar\u00e1 otras asociaciones del sector a nivel nacional, como las de: transporte, yates, lanchas, c<em>oncierges<\/em>, espect\u00e1culos, gu\u00edas, restaurantes y todas aquellas que conforman la actividad tur\u00edstica del pa\u00eds, con la intenci\u00f3n de apoyar a micro, peque\u00f1as y medianas empresas que hoy no tienen un organismo c\u00fapula que las represente y tomando en cuenta que son casi el 90 por ciento de la recaudaci\u00f3n de impuestos al erario p\u00fablico\u201d. Asimismo,<strong> Fidel Ovando<\/strong> dio a conocer que los pr\u00f3ximos 23 y 24 de agosto se realizar\u00e1 por segundo a\u00f1o consecutivo la Cumbre Iberoamericana de Turismo Accesible en Expo Reforma, donde se esperan 700 asistentes y la participaci\u00f3n de 40 expositores y 22 conferencistas.<\/p>\n<p>Por otra parte, agradeci\u00f3 el apoyo incondicional de los socios: \u201cson a\u00f1os en los que hemos implementado un modelo \u00fanico de promoci\u00f3n que nos ha llevado por diferentes partes del mundo como Europa, Estados Unidos, Am\u00e9rica Latina y las principales ciudades de M\u00e9xico, con el fin de dar mensajes de promoci\u00f3n de la capital y atraer m\u00e1s turistas, y lo hemos logrado\u201d,<\/p>\n<p><strong>Fidel<\/strong>, quien tambi\u00e9n es director general de <em>Vakaciona<\/em>, record\u00f3 que el pasado 7 de julio se celebr\u00f3 el D\u00eda del Agente de Viajes, y dijo: \u201cnuestro respeto, admiraci\u00f3n y reconocimiento a todos los agentes de viajes. Gracias por su servicio, dedicaci\u00f3n, invaluable trabajo y por hacer posible los sue\u00f1os de los viajeros\u201d.<\/p>\n<p>Por \u00faltimo, el presidente de la AMAV-CDMX record\u00f3 que una de sus \u00faltimas tareas al frente a la asociaci\u00f3n, ser\u00e1 la entrega de Premios \u00c1ngel del Turismo que se realizar\u00e1 el pr\u00f3ximo 4 de octubre en un hotel capitalino\u201d.<\/p>\n<p><strong>Juli\u00e1n Arroyo<\/strong>, presidente electo, agradeci\u00f3 el apoyo de los socios y asegur\u00f3 que continuar\u00e1 trabajando con <strong>Fidel Ovando<\/strong>, actual presidente lo que resta del a\u00f1o y hasta su toma de posesi\u00f3n.<\/p>\n<p>\u2730\u2730\u2730\u2730\u2730 En el marco de la presentaci\u00f3n del Sistema Nacional de Certificaci\u00f3n Tur\u00edstica (SNCT), creado por la Secretar\u00eda de Turismo (Sectur), y con la participaci\u00f3n de los sectores p\u00fablico y privado, se entreg\u00f3 por primera vez el Distintivo Nacional de Calidad Tur\u00edstica, y 18 propiedades de Hoteles <em>City Express<\/em> fueron galardonadas, al cumplir con la evaluaci\u00f3n de 12 factores, 34 sub-factores y reunir aproximadamente 100 requisitos.<\/p>\n<p>El Distintivo Nacional de Calidad Tur\u00edstica, es el reconocimiento integral que otorga la Sectur a prestadores de servicios y\/o destinos tur\u00edsticos que obtienen un determinado nivel de calidad dentro del Sistema de Certificaci\u00f3n.<\/p>\n<p>Los hoteles de la cadena con mayor cobertura en M\u00e9xico, <em>City Express,<\/em> que fueron galardonados alcanzaron los m\u00e1s altos niveles de reconocimiento: Diamante y Platino. Los hoteles de la cadena reconocidos en Ciudad de M\u00e9xico son: Buenavista, Central de Abastos, EBC, Plus Insurgentes, Plus Reforma \u00c1ngel y Suites Anzures.<\/p>\n<p>En Puebla: Puebla Centro, Angel\u00f3polis, FINSA, Junior FINSA y Suites FINSA. San Luis Potos\u00ed: San Luis Universidad. Sinaloa: Los Mochis. Tamaulipas:\u00a0\u00a0 Ciudad Victoria. Estado de M\u00e9xico: Toluca, Junior Toluca Aeropuerto y Suites Toluca.<\/p>\n<p><em><a href=\"mailto:victoriagprado@gmail.com\" target=\"_blank\" rel=\"noopener\">victoriagprado@gmail.com<\/a><\/em><br \/>\n<em> Twitter: <a href=\"https:\/\/twitter.com\/victoriagprado\" target=\"_blank\" rel=\"noopener\">@victoriagprado<\/a><\/em><\/p>\n","protected":false},"excerpt":{"rendered":"<p><strong>Jos\u00e9 Juli\u00e1n Arroyo Corvera<\/strong> \u2014director general de la operadora Omextur y actual vicepresidente ejecutivo de la AMAV Ciudad de M\u00e9xico\u2014, fue electo  por los miembros de la asociaci\u00f3n como presidente y tomar\u00e1 posesi\u00f3n del cargo el pr\u00f3ximo 1 de diciembre en un periodo que concluir\u00e1 el 30 de noviembre de 2020, con posibilidad de reelegirse por dos a\u00f1os m\u00e1s, si vuelve a ganar la mayor\u00eda de votos de los socios.<\/p>\n","protected":false},"author":3,"featured_media":385929,"comment_status":"open","ping_status":"open","sticky":false,"template":"","format":"standard","meta":{"_monsterinsights_skip_tracking":false,"_monsterinsights_sitenote_active":false,"_monsterinsights_sitenote_note":"","_monsterinsights_sitenote_category":0,"footnotes":""},"categories":[11],"tags":[107,43674,43681,106],"class_list":["post-385833","post","type-post","status-publish","format-standard","has-post-thumbnail","hentry","category-turismo","tag-de-cinco-estrellas","tag-opinion","tag-turismo","tag-victoria-gonzalez-prado"],"_links":{"self":[{"href":"https:\/\/www.diarioimagen.net\/index.php?rest_route=\/wp\/v2\/posts\/385833","targetHints":{"allow":["GET"]}}],"collection":[{"href":"https:\/\/www.diarioimagen.net\/index.php?rest_route=\/wp\/v2\/posts"}],"about":[{"href":"https:\/\/www.diarioimagen.net\/index.php?rest_route=\/wp\/v2\/types\/post"}],"author":[{"embeddable":true,"href":"https:\/\/www.diarioimagen.net\/index.php?rest_route=\/wp\/v2\/users\/3"}],"replies":[{"embeddable":true,"href":"https:\/\/www.diarioimagen.net\/index.php?rest_route=%2Fwp%2Fv2%2Fcomments&post=385833"}],"version-history":[{"count":0,"href":"https:\/\/www.diarioimagen.net\/index.php?rest_route=\/wp\/v2\/posts\/385833\/revisions"}],"wp:featuredmedia":[{"embeddable":true,"href":"https:\/\/www.diarioimagen.net\/index.php?rest_route=\/wp\/v2\/media\/385929"}],"wp:attachment":[{"href":"https:\/\/www.diarioimagen.net\/index.php?rest_route=%2Fwp%2Fv2%2Fmedia&parent=385833"}],"wp:term":[{"taxonomy":"category","embeddable":true,"href":"https:\/\/www.diarioimagen.net\/index.php?rest_route=%2Fwp%2Fv2%2Fcategories&post=385833"},{"taxonomy":"post_tag","embeddable":true,"href":"https:\/\/www.diarioimagen.net\/index.php?rest_route=%2Fwp%2Fv2%2Ftags&post=385833"}],"curies":[{"name":"wp","href":"https:\/\/api.w.org\/{rel}","templated":true}]}}