{"id":385839,"date":"2018-07-18T00:09:38","date_gmt":"2018-07-18T05:09:38","guid":{"rendered":"http:\/\/www.diarioimagen.net\/?p=385839"},"modified":"2018-07-18T07:52:24","modified_gmt":"2018-07-18T12:52:24","slug":"certeza-juridica-a-las-acciones-de-metepec-para-erradicar-la-violencia-contra-mujeres","status":"publish","type":"post","link":"https:\/\/www.diarioimagen.net\/?p=385839","title":{"rendered":"Certeza jur\u00eddica a las acciones de Metepec para erradicar la violencia contra mujeres"},"content":{"rendered":"<ul>\n<li><strong><em>Firma convenio con Patronato Pro Tamar<\/em><\/strong><\/li>\n<\/ul>\n<p>&nbsp;<\/p>\n<div id=\"attachment_385947\" style=\"width: 470px\" class=\"wp-caption aligncenter\"><a href=\"http:\/\/www.diarioimagen.net\/?attachment_id=385947\" rel=\"attachment wp-att-385947\"><img loading=\"lazy\" decoding=\"async\" aria-describedby=\"caption-attachment-385947\" class=\"size-large wp-image-385947\" src=\"http:\/\/www.diarioimagen.net\/wp-content\/uploads\/2018\/07\/METEPEC-3413-460x259.jpg\" alt=\"\" width=\"460\" height=\"259\" srcset=\"https:\/\/www.diarioimagen.net\/wp-content\/uploads\/2018\/07\/METEPEC-3413-460x259.jpg 460w, https:\/\/www.diarioimagen.net\/wp-content\/uploads\/2018\/07\/METEPEC-3413-240x135.jpg 240w, https:\/\/www.diarioimagen.net\/wp-content\/uploads\/2018\/07\/METEPEC-3413-235x132.jpg 235w, https:\/\/www.diarioimagen.net\/wp-content\/uploads\/2018\/07\/METEPEC-3413-202x114.jpg 202w, https:\/\/www.diarioimagen.net\/wp-content\/uploads\/2018\/07\/METEPEC-3413-350x196.jpg 350w, https:\/\/www.diarioimagen.net\/wp-content\/uploads\/2018\/07\/METEPEC-3413-220x123.jpg 220w, https:\/\/www.diarioimagen.net\/wp-content\/uploads\/2018\/07\/METEPEC-3413-237x132.jpg 237w, https:\/\/www.diarioimagen.net\/wp-content\/uploads\/2018\/07\/METEPEC-3413.jpg 480w\" sizes=\"auto, (max-width: 460px) 100vw, 460px\" \/><\/a><p id=\"caption-attachment-385947\" class=\"wp-caption-text\">El gobierno municipal de Metepec firm\u00f3 un convenio de colaboraci\u00f3n con el Patronato Pro Tamar.<\/p><\/div>\n<p>&nbsp;<\/p>\n<p><strong>Metepec, Estado de M\u00e9xico<\/strong>.-\u00a0Con el objetivo de fortalecer y dar certeza jur\u00eddica a las acciones que se realizan en Metepec para erradicar la violencia contra mujeres, ni\u00f1os y adolescentes, el gobierno municipal firm\u00f3 un convenio de colaboraci\u00f3n con el Patronato Pro Tamar.<\/p>\n<p>Constituida desde 2003, la organizaci\u00f3n civil brinda apoyo y asesor\u00eda a quienes han padecido violencia familiar, adem\u00e1s emprende campa\u00f1as de concientizaci\u00f3n y sensibilizaci\u00f3n para impulsar una sana convivencia en \u00e1mbitos como la escuela, noviazgo y el trabajo.<\/p>\n<p>Durante la firma del convenio, la presidenta del DIF municipal, Gabriela Bringas Abarca, destac\u00f3 que en el gobierno que encabeza el alcalde, David L\u00f3pez C\u00e1rdenas, se ha trabajado de la mano con la ciudadan\u00eda para erradicar cualquier tipo de violencia y celebr\u00f3 la suma de voluntades para lograr dicho objetivo.<\/p>\n<p>Para Metepec, es de suma importancia contar con apoyo de organizaciones civiles con las que se puedan implementar programas y\u00a0coordinar estrategias que permitan combatir las transgresiones a los derechos humanos\u00a0y con ello promover, desde ahora, una convivencia arm\u00f3nica que aliente un futuro propositivo, de cordialidad y civilidad.<\/p>\n","protected":false},"excerpt":{"rendered":"<p>Con el objetivo de fortalecer y dar certeza jur\u00eddica a las acciones que se realizan en Metepec para erradicar la violencia contra mujeres, ni\u00f1os y adolescentes, el gobierno municipal firm\u00f3 un convenio de colaboraci\u00f3n con el Patronato Pro Tamar.<\/p>\n","protected":false},"author":3,"featured_media":385947,"comment_status":"open","ping_status":"open","sticky":false,"template":"","format":"standard","meta":{"_monsterinsights_skip_tracking":false,"_monsterinsights_sitenote_active":false,"_monsterinsights_sitenote_note":"","_monsterinsights_sitenote_category":0,"footnotes":""},"categories":[35155],"tags":[65447,38783,43675,876],"class_list":["post-385839","post","type-post","status-publish","format-standard","has-post-thumbnail","hentry","category-estado-de-mexico-estado-de-mexico","tag-certeza","tag-erradicar","tag-estado-de-mexico","tag-metepec"],"_links":{"self":[{"href":"https:\/\/www.diarioimagen.net\/index.php?rest_route=\/wp\/v2\/posts\/385839","targetHints":{"allow":["GET"]}}],"collection":[{"href":"https:\/\/www.diarioimagen.net\/index.php?rest_route=\/wp\/v2\/posts"}],"about":[{"href":"https:\/\/www.diarioimagen.net\/index.php?rest_route=\/wp\/v2\/types\/post"}],"author":[{"embeddable":true,"href":"https:\/\/www.diarioimagen.net\/index.php?rest_route=\/wp\/v2\/users\/3"}],"replies":[{"embeddable":true,"href":"https:\/\/www.diarioimagen.net\/index.php?rest_route=%2Fwp%2Fv2%2Fcomments&post=385839"}],"version-history":[{"count":0,"href":"https:\/\/www.diarioimagen.net\/index.php?rest_route=\/wp\/v2\/posts\/385839\/revisions"}],"wp:featuredmedia":[{"embeddable":true,"href":"https:\/\/www.diarioimagen.net\/index.php?rest_route=\/wp\/v2\/media\/385947"}],"wp:attachment":[{"href":"https:\/\/www.diarioimagen.net\/index.php?rest_route=%2Fwp%2Fv2%2Fmedia&parent=385839"}],"wp:term":[{"taxonomy":"category","embeddable":true,"href":"https:\/\/www.diarioimagen.net\/index.php?rest_route=%2Fwp%2Fv2%2Fcategories&post=385839"},{"taxonomy":"post_tag","embeddable":true,"href":"https:\/\/www.diarioimagen.net\/index.php?rest_route=%2Fwp%2Fv2%2Ftags&post=385839"}],"curies":[{"name":"wp","href":"https:\/\/api.w.org\/{rel}","templated":true}]}}