{"id":385841,"date":"2018-07-18T00:03:55","date_gmt":"2018-07-18T05:03:55","guid":{"rendered":"http:\/\/www.diarioimagen.net\/?p=385841"},"modified":"2018-07-18T07:59:58","modified_gmt":"2018-07-18T12:59:58","slug":"arrestan-a-delincuentes-por-robar-camioneta-de-carga-en-tultitlan","status":"publish","type":"post","link":"https:\/\/www.diarioimagen.net\/?p=385841","title":{"rendered":"Arrestan a delincuentes por robar camioneta de carga en Tultitl\u00e1n"},"content":{"rendered":"<ul>\n<li><strong><em>Atracaban con lujo de violencia<\/em><\/strong><\/li>\n<\/ul>\n<p>&nbsp;<\/p>\n<div id=\"attachment_385950\" style=\"width: 470px\" class=\"wp-caption aligncenter\"><a href=\"http:\/\/www.diarioimagen.net\/?attachment_id=385950\" rel=\"attachment wp-att-385950\"><img loading=\"lazy\" decoding=\"async\" aria-describedby=\"caption-attachment-385950\" class=\"size-large wp-image-385950\" src=\"http:\/\/www.diarioimagen.net\/wp-content\/uploads\/2018\/07\/tultitlan-3413-460x259.jpg\" alt=\"\" width=\"460\" height=\"259\" srcset=\"https:\/\/www.diarioimagen.net\/wp-content\/uploads\/2018\/07\/tultitlan-3413-460x259.jpg 460w, https:\/\/www.diarioimagen.net\/wp-content\/uploads\/2018\/07\/tultitlan-3413-240x135.jpg 240w, https:\/\/www.diarioimagen.net\/wp-content\/uploads\/2018\/07\/tultitlan-3413-235x132.jpg 235w, https:\/\/www.diarioimagen.net\/wp-content\/uploads\/2018\/07\/tultitlan-3413-202x114.jpg 202w, https:\/\/www.diarioimagen.net\/wp-content\/uploads\/2018\/07\/tultitlan-3413-350x196.jpg 350w, https:\/\/www.diarioimagen.net\/wp-content\/uploads\/2018\/07\/tultitlan-3413-220x123.jpg 220w, https:\/\/www.diarioimagen.net\/wp-content\/uploads\/2018\/07\/tultitlan-3413-237x132.jpg 237w, https:\/\/www.diarioimagen.net\/wp-content\/uploads\/2018\/07\/tultitlan-3413.jpg 480w\" sizes=\"auto, (max-width: 460px) 100vw, 460px\" \/><\/a><p id=\"caption-attachment-385950\" class=\"wp-caption-text\">Estos dos indiv\u00edduos estaban dedicados al robo de veh\u00edculos de carga y fueron aprehendidos por la polic\u00eda municipal de Tultitl\u00e1n.<\/p><\/div>\n<p>&nbsp;<\/p>\n<p><strong>Tultitl\u00e1n, Estado de M\u00e9xico<\/strong>.-Como parte de las acciones encaminadas al reforzamiento de la seguridad en Tultitl\u00e1n, autoridades municipales detuvieron a dos presuntos delincuentes por robo de una camioneta con lujo de violencia.<\/p>\n<p>Los elementos de seguridad que participaron en dicha detenci\u00f3n, indicaron que al realizar un operativo de rutina sobre la avenida Nicol\u00e1s Romero encontraron a dos individuos\u00a0 que hab\u00edan despojado a una persona de camioneta de la marca Nissan, tipo estaquitas.<\/p>\n<p>Al darse a la tarea de buscarla, circulando sobre la lateral de la autopista con direcci\u00f3n hacia Paseos del Valle, se percataron de que junto a ellos circulaba una camioneta con las caracter\u00edsticas del autom\u00f3vil robado, por lo que procedieron a marcarle el alto.\u00a0 Fue as\u00ed que detuvieron a dos personas del sexo masculino quienes dijeron llamarse Jorge \u201cN\u201d de 27 a\u00f1os y Adri\u00e1n \u201cN\u201d de 34 a\u00f1os de edad, a los cuales tambi\u00e9n se les encontr\u00f3 un arma de fuego.<\/p>\n<p>Finalmente, las personas que fueron despojadas de dicha camioneta levantaron una denuncia ante dichos sujetos, por lo que \u00e9stos fueron trasladados al Ministerio P\u00fablico de Cuautitl\u00e1n Izcalli por el delito de robo a mano armada.<\/p>\n","protected":false},"excerpt":{"rendered":"<p>Como parte de las acciones encaminadas al reforzamiento de la seguridad en Tultitl\u00e1n, autoridades municipales detuvieron a dos presuntos delincuentes por robo de una camioneta con lujo de violencia.<\/p>\n","protected":false},"author":3,"featured_media":385950,"comment_status":"open","ping_status":"open","sticky":false,"template":"","format":"standard","meta":{"_monsterinsights_skip_tracking":false,"_monsterinsights_sitenote_active":false,"_monsterinsights_sitenote_note":"","_monsterinsights_sitenote_category":0,"footnotes":""},"categories":[35155],"tags":[67257,43675,13955,578],"class_list":["post-385841","post","type-post","status-publish","format-standard","has-post-thumbnail","hentry","category-estado-de-mexico-estado-de-mexico","tag-camioneta","tag-estado-de-mexico","tag-robo","tag-tultitlan"],"_links":{"self":[{"href":"https:\/\/www.diarioimagen.net\/index.php?rest_route=\/wp\/v2\/posts\/385841","targetHints":{"allow":["GET"]}}],"collection":[{"href":"https:\/\/www.diarioimagen.net\/index.php?rest_route=\/wp\/v2\/posts"}],"about":[{"href":"https:\/\/www.diarioimagen.net\/index.php?rest_route=\/wp\/v2\/types\/post"}],"author":[{"embeddable":true,"href":"https:\/\/www.diarioimagen.net\/index.php?rest_route=\/wp\/v2\/users\/3"}],"replies":[{"embeddable":true,"href":"https:\/\/www.diarioimagen.net\/index.php?rest_route=%2Fwp%2Fv2%2Fcomments&post=385841"}],"version-history":[{"count":0,"href":"https:\/\/www.diarioimagen.net\/index.php?rest_route=\/wp\/v2\/posts\/385841\/revisions"}],"wp:featuredmedia":[{"embeddable":true,"href":"https:\/\/www.diarioimagen.net\/index.php?rest_route=\/wp\/v2\/media\/385950"}],"wp:attachment":[{"href":"https:\/\/www.diarioimagen.net\/index.php?rest_route=%2Fwp%2Fv2%2Fmedia&parent=385841"}],"wp:term":[{"taxonomy":"category","embeddable":true,"href":"https:\/\/www.diarioimagen.net\/index.php?rest_route=%2Fwp%2Fv2%2Fcategories&post=385841"},{"taxonomy":"post_tag","embeddable":true,"href":"https:\/\/www.diarioimagen.net\/index.php?rest_route=%2Fwp%2Fv2%2Ftags&post=385841"}],"curies":[{"name":"wp","href":"https:\/\/api.w.org\/{rel}","templated":true}]}}